{"id":139325,"date":"2026-01-11T07:53:11","date_gmt":"2026-01-11T07:53:11","guid":{"rendered":"https:\/\/www.europesays.com\/fi\/139325\/"},"modified":"2026-01-11T07:53:11","modified_gmt":"2026-01-11T07:53:11","slug":"kolumbian-presidentti-on-verrannut-trumpin-toimia-hitlerin-tekoihin-nain-kolumbialaiset-kommentoivat-tilannetta-ulkomaat","status":"publish","type":"post","link":"https:\/\/www.europesays.com\/fi\/139325\/","title":{"rendered":"Kolumbian presidentti on verrannut Trumpin toimia Hitlerin tekoihin \u2013 n\u00e4in kolumbialaiset kommentoivat tilannetta | Ulkomaat"},"content":{"rendered":"<p class=\"aw-1gybjub aw-1p7kakr kEtdKx cEmitX yle__article__paragraph\"><strong class=\"aw-ak79eh KyCXm yle__article__strong\">C\u00daCUTA<\/strong> Kolumbian it\u00e4reunalla C\u00facutan rajakaupungin kaduilla marssi keskiviikkona tuhansia mielenosoittajia. He halusivat tukea Kolumbian itsem\u00e4\u00e4r\u00e4\u00e4misoikeutta, jonka he pelk\u00e4siv\u00e4t menett\u00e4v\u00e4ns\u00e4 Yhdysvalloille.<\/p>\n<p class=\"aw-1gybjub aw-1p7kakr kEtdKx cEmitX yle__article__paragraph\">Yhdysvallat sieppasi viikko sitten naapurimaan Venezuelan presidentin <strong class=\"aw-ak79eh KyCXm yle__article__strong\">Nicol\u00e1s Maduron<\/strong>.<\/p>\n<p class=\"aw-1gybjub aw-1p7kakr kEtdKx cEmitX yle__article__paragraph\">\u2013 Venezuela on veljesmaamme, joten sama voi tapahtua t\u00e4\u00e4ll\u00e4kin, sanoi mielenosoittaja <strong class=\"aw-ak79eh KyCXm yle__article__strong\">Mayra Alejandra Zapata<\/strong> Ylelle.<\/p>\n<p class=\"aw-1gybjub aw-1p7kakr kEtdKx cEmitX yle__article__paragraph\">Zapata jaksoi kuitenkin uskoa, ett\u00e4 Kolumbian presidentti <strong class=\"aw-ak79eh KyCXm yle__article__strong\">Gustavo Petro<\/strong> onnistuu diplomatiallaan torppaamaan Yhdysvaltain presidentin <strong class=\"aw-ak79eh KyCXm yle__article__strong\">Donald Trumpin<\/strong> iskusuunnitelmat.<\/p>\n<p class=\"aw-1gybjub aw-1p7kakr kEtdKx cEmitX yle__article__paragraph\">Teht\u00e4v\u00e4 ei ole helppo, eiv\u00e4tk\u00e4 kaikki mielenosoittajat olleet yht\u00e4 toiveikkaita.<\/p>\n<p class=\"aw-1gybjub aw-1p7kakr kEtdKx cEmitX yle__article__paragraph\"><strong class=\"aw-ak79eh KyCXm yle__article__strong\">Vapaustaistelija Sim\u00f3n Bol\u00edvarin asuun pukeutunut mies toi viestin 200 vuoden takaa:<\/strong><\/p>\n<p>Emme ole Pohjois-Amerikan takapihaa, sanoi Miguel \u00c1ngel Rodr\u00edguez Guti\u00e9rrez.<\/p>\n<p class=\"aw-1gybjub aw-1p7kakr kEtdKx cEmitX yle__article__paragraph\">Kolumbia <a class=\"aw-iao6s4 iHOxEa yle__article__link\" href=\"https:\/\/yle.fi\/a\/74-20202816\" role=\"link\" rel=\"nofollow noopener\" target=\"_blank\">on varautunut<\/a> Yhdysvaltain hy\u00f6kk\u00e4ykseen. Presidentti Petro on pel\u00e4nnyt, ett\u00e4 Yhdysvallat sieppaa Maduron tavoin my\u00f6s h\u00e4net.<\/p>\n<p>Uhmakas s\u00e4vy vaihtui sovittelevaksi<\/p>\n<p class=\"aw-1gybjub aw-1p7kakr kEtdKx cEmitX yle__article__paragraph\">Kun kaksi k\u00e4rjek\u00e4st\u00e4 valtionp\u00e4\u00e4miest\u00e4 alkaa nokitella, lopputulos on vaarallinen koko maanosan kannalta.<\/p>\n<p class=\"aw-1gybjub aw-1p7kakr kEtdKx cEmitX yle__article__paragraph\">Kolumbia k\u00e4vi jo kuilun partaalla ottaessaan mittaa Trumpista.<\/p>\n<p class=\"aw-1gybjub aw-1p7kakr kEtdKx cEmitX yle__article__paragraph\">Kuten Trump omassa maassaan, my\u00f6s Kolumbian presidentti Petro on kiivas ja polarisoiva poliitikko, joka ei s\u00e4\u00e4stele sanojaan arvostellessaan poliittisia vastustajiaan kotimaassa tai ulkomailla.<\/p>\n<p><img decoding=\"async\" alt=\"Gustavo Petro pit\u00e4\u00e4 oikeassa k\u00e4dess\u00e4\u00e4n lyijykyn\u00e4\u00e4 opettavaisesti. H\u00e4nell\u00e4 on tumma puku, kauluspaita mutta ei kravattia. Taustalla on Kolumbian lippu.\" src=\"https:\/\/www.europesays.com\/fi\/wp-content\/uploads\/2026\/01\/39-15541546917448f05457.jpeg\" loading=\"lazy\" class=\"aw-1l9m598 hKVVvP\"\/><\/p>\n<p>Avaa kuvien katselu<\/p>\n<p>Kolumbian presidentti Gustavo Petro puhui Bogot\u00e1ssa lokakuussa 2025.  Kuva: Carlos Ortega \/ EPA<\/p>\n<p class=\"aw-1gybjub aw-1p7kakr kEtdKx cEmitX yle__article__paragraph\">Entisen\u00e4 vasemmistosissin\u00e4 Petro <a class=\"aw-iao6s4 iHOxEa yle__article__link\" href=\"https:\/\/yle.fi\/a\/74-20202720\" role=\"link\" rel=\"nofollow noopener\" target=\"_blank\">on ilmoittanut olevansa valmis<\/a> tarttumaan uudestaan aseisiin. H\u00e4n on tuominnut yksiselitteisesti Maduron sieppauksen ja Yhdysvaltain imperialistisen suhtautumisen Latinalaiseen Amerikkaan.<\/p>\n<p class=\"aw-1gybjub aw-1p7kakr kEtdKx cEmitX yle__article__paragraph\">Petro <a class=\"aw-iao6s4 iHOxEa yle__article__link\" href=\"https:\/\/x.com\/petrogustavo\/status\/2008395374159954252\" role=\"link\" rel=\"nofollow\">on verrannut<\/a> Trumpin niin sanottua Monroe-oppia Latinalaisen Amerikan kohtelusta <strong class=\"aw-ak79eh KyCXm yle__article__strong\">Hitlerin<\/strong> politiikkaan. Samoin Petro <a class=\"aw-iao6s4 iHOxEa yle__article__link\" href=\"https:\/\/x.com\/petrogustavo\/status\/2008734039063052360\" role=\"link\" rel=\"nofollow\">vertasi<\/a> Maduron vaimon <strong class=\"aw-ak79eh KyCXm yle__article__strong\">Cilia Floresin<\/strong> pid\u00e4tyst\u00e4 Hitlerin toimiin muita kansoja kohtaan.<\/p>\n<p class=\"aw-1gybjub aw-1p7kakr kEtdKx cEmitX yle__article__paragraph\">Petron kannanotot Yhdysvaltain sotilasoperaatioon Venezuelassa <a class=\"aw-iao6s4 iHOxEa yle__article__link\" href=\"https:\/\/abcnews.go.com\/International\/wireStory\/president-petros-clash-trump-venezuela-backs-colombia-corner-128987007\" role=\"link\" rel=\"nofollow noopener\" target=\"_blank\">ovat jyrkempi\u00e4<\/a> kuin todenn\u00e4k\u00f6isesti kenenk\u00e4\u00e4n muun valtionp\u00e4\u00e4miehen.<\/p>\n<p class=\"aw-1gybjub aw-1p7kakr kEtdKx cEmitX yle__article__paragraph\">Perjantaina Petro sanoi kuitenkin espanjalaisen <a class=\"aw-iao6s4 iHOxEa yle__article__link\" href=\"https:\/\/elpais.com\/america-colombia\/2026-01-09\/petro-trump-me-dijo-que-estaba-pensando-hacer-cosas-malas-en-colombia.html\" role=\"link\" rel=\"nofollow noopener\" target=\"_blank\">El Pa\u00eds -lehden haastattelussa<\/a>, ett\u00e4 <a class=\"aw-iao6s4 iHOxEa yle__article__link\" href=\"https:\/\/yle.fi\/a\/74-20203055\" role=\"link\" rel=\"nofollow noopener\" target=\"_blank\">puhelinkeskustelu<\/a> Trumpin kanssa keskiviikkona j\u00e4\u00e4dytti sieppausuhan toistaiseksi.<\/p>\n<p class=\"aw-1gybjub aw-1p7kakr kEtdKx cEmitX yle__article__paragraph\">Puhelun j\u00e4lkeen my\u00f6s Valkoisen talon puhetapa muuttui ainakin hetkeksi. Trump kertoi <a class=\"aw-iao6s4 iHOxEa yle__article__link\" href=\"https:\/\/truthsocial.com\/@realDonaldTrump\/posts\/115856506155736586\" role=\"link\" rel=\"nofollow noopener\" target=\"_blank\">Truth Social -kanavallaan<\/a> arvostavansa keskustelun s\u00e4vy\u00e4 Petron kanssa.<\/p>\n<p class=\"aw-1gybjub aw-1p7kakr kEtdKx cEmitX yle__article__paragraph\">Aiemmin tuo s\u00e4vy on ollut dramaattisen uhmakas puolin ja toisin. Trump <a class=\"aw-iao6s4 iHOxEa yle__article__link\" href=\"https:\/\/yle.fi\/a\/74-20202592\" role=\"link\" rel=\"nofollow noopener\" target=\"_blank\">on v\u00e4itt\u00e4nyt<\/a> Petroa sairaaksi mieheksi ja huumekauppiaaksi ja v\u00e4l\u00e4ytt\u00e4nyt voimank\u00e4yt\u00f6n mahdollisuutta.<\/p>\n<p>USA ja Kolumbia liittolaisia huumesodassa<\/p>\n<p class=\"aw-1gybjub aw-1p7kakr kEtdKx cEmitX yle__article__paragraph\">Kolumbia on jo vuosikymmeni\u00e4 ollut Yhdysvaltain l\u00e4heinen liittolainen.<\/p>\n<p class=\"aw-1gybjub aw-1p7kakr kEtdKx cEmitX yle__article__paragraph\">Yhdysvallat on rahoittanut erityisesti Kolumbian asevoimien sotaa kokapensaan viljely\u00e4 vastaan, sill\u00e4 Kolumbia on maailman suurin kokaiinin tuottaja \u2013 toisin kuin Venezuela, joka on Yhdysvaltain huumemarkkinoilla paljon pienempi tekij\u00e4.<\/p>\n<p><img decoding=\"async\" alt=\"Sotilaista valvomassa kokapensaiden h\u00e4vitt\u00e4mist\u00e4. \" src=\"https:\/\/www.europesays.com\/fi\/wp-content\/uploads\/2026\/01\/39-14711276832aef6a7b46.jpeg\" loading=\"lazy\" class=\"aw-1l9m598 hKVVvP\"\/><\/p>\n<p>Avaa kuvien katselu<\/p>\n<p>Kolumbialaisia poliiseja valvomassa kokapensaiden h\u00e4vitt\u00e4mist\u00e4 Tumacon alueella vuonna 2020.  Kuva: Carlos Ortega \/ EPA<\/p>\n<p class=\"aw-1gybjub aw-1p7kakr kEtdKx cEmitX yle__article__paragraph\">Trumpin toisella kaudella liittolaisten suhde on kuitenkin kariutunut. Trump on v\u00e4hent\u00e4nyt Kolumbian rahoitusta murto-osaan entisest\u00e4. H\u00e4n on jopa kielt\u00e4nyt maahantulon Petron hallinnon edustajilta ja m\u00e4\u00e4r\u00e4nnyt <a class=\"aw-iao6s4 iHOxEa yle__article__link\" href=\"https:\/\/apnews.com\/article\/trump-colombia-petro-sanctions-drug-trafficking-1b6ead338ec266b3df40859db6ee2d8d\" role=\"link\" rel=\"nofollow noopener\" target=\"_blank\">useille heist\u00e4 pakotteita<\/a>.<\/p>\n<p class=\"aw-1gybjub aw-1p7kakr kEtdKx cEmitX yle__article__paragraph\">Ideologisesti presidentit ovat mahdollisimman kaukana toisistaan. Trumpia ovat n\u00e4r\u00e4st\u00e4neet Petron kannanotot esimerkiksi Gazan tilanteeseen.<\/p>\n<p class=\"aw-1gybjub aw-1p7kakr kEtdKx cEmitX yle__article__paragraph\">Huumesota on Trumpin t\u00e4rkeimpi\u00e4 perusteluita Latinalaisen Amerikan maiden kurittamiselle. Kolumbialle on kiusallista se, ett\u00e4 Yhdysvaltain kiinnostus kokanviljely\u00e4 kohtaan on perusteltu.<\/p>\n<p class=\"aw-1gybjub aw-1p7kakr kEtdKx cEmitX yle__article__paragraph\">YK:n mukaan kokapensaan viljelyala on kasvanut kahdeksassa vuodessa l\u00e4hes kaksinkertaiseksi.<\/p>\n<p class=\"aw-1gybjub aw-1p7kakr kEtdKx cEmitX yle__article__paragraph\">Petro on kuitenkin puolustanut toimiaan huumesodassa. H\u00e4n sanoo <a class=\"aw-iao6s4 iHOxEa yle__article__link\" href=\"https:\/\/x.com\/petrogustavo\/status\/2009281855292625092\" role=\"link\" rel=\"nofollow\">viestipalvelu X:ss\u00e4<\/a>, ett\u00e4 l\u00e4hes kaksi kolmasosaa maailman kokaiinitakavarikoista on Kolumbian tiedustelun ansiota.<\/p>\n<p class=\"aw-1gybjub aw-1p7kakr kEtdKx cEmitX yle__article__paragraph\">Uutena aseena kokanviljelij\u00f6it\u00e4 vastaan Kolumbia p\u00e4\u00e4tti joulukuussa ottaa k\u00e4ytt\u00f6\u00f6n droonit, joilla kokaviljelmi\u00e4 myrkytet\u00e4\u00e4n ilmasta.<\/p>\n<p><img decoding=\"async\" alt=\"Mielenosoittajia Kolumbian lippujen kanssa.\" src=\"https:\/\/www.europesays.com\/fi\/wp-content\/uploads\/2026\/01\/39-15794586961a58d11834.jpeg\" loading=\"lazy\" class=\"aw-1l9m598 hKVVvP\"\/><\/p>\n<p>Avaa kuvien katselu<\/p>\n<p>Ihmiset osoittavat mielt\u00e4 presidentti Petron puolesta Santander-puistossa C\u00facutan keskustassa 7. tammikuuta.  Kuva: Mika M\u00e4kel\u00e4inen \/ YleVetoaminen vapauttajaan tehoaa aina<\/p>\n<p class=\"aw-1gybjub aw-1p7kakr kEtdKx cEmitX yle__article__paragraph\">Petro on hakenut poliittista selk\u00e4nojaa my\u00f6s marssittamalla kansaa kaduille. C\u00facutan lis\u00e4ksi Petron kannattajat osoittivat kuluneella viikolla mielt\u00e4 kymmeniss\u00e4 kaupungeissa ymp\u00e4ri Kolumbiaa.<\/p>\n<p class=\"aw-1gybjub aw-1p7kakr kEtdKx cEmitX yle__article__paragraph\">Ylen haastattelemat cucute\u00f1ot eli C\u00facutan asukkaat tuomitsivat jyrk\u00e4sti Trumpin pelottelun ja syyt\u00f6kset.<\/p>\n<p class=\"aw-1gybjub aw-1p7kakr kEtdKx cEmitX yle__article__paragraph\">\u2013 Yhdysvallat haluaa vied\u00e4 luonnonvaramme ja maamme, mutta se ei onnistu. Petro ei ole syyllinen siihen, mist\u00e4 h\u00e4nt\u00e4 syytet\u00e4\u00e4n, sanoi suurta Kolumbian lippua heiluttanut <strong class=\"aw-ak79eh KyCXm yle__article__strong\">M\u00f3nica Revolina<\/strong>.<\/p>\n<p class=\"aw-1gybjub aw-1p7kakr kEtdKx cEmitX yle__article__paragraph\">\u2013 Kolumbiaa tulee kunnioittaa, h\u00e4n totesi.<\/p>\n<p><img decoding=\"async\" alt=\"Kartta C\u00facutan sijainnista Kolumbian ja Venezuelan rajalla.\" src=\"https:\/\/www.europesays.com\/fi\/wp-content\/uploads\/2026\/01\/39-15792606961016b626ae.jpeg\" loading=\"lazy\" class=\"aw-1l9m598 hKVVvP\"\/><\/p>\n<p>Avaa kuvien katselu<\/p>\n<p>Kartta n\u00e4ytt\u00e4\u00e4 C\u00facutan sijainnin Kolumbian ja Venezuelan rajan tuntumassa. Kuva: Juha Rissanen \/ Yle, l\u00e4hde: Openstreetmap, Mapcreator<\/p>\n<p class=\"aw-1gybjub aw-1p7kakr kEtdKx cEmitX yle__article__paragraph\">Kolumbiassa is\u00e4nmaallista ylpeytt\u00e4 nostaa parhaiten vetoaminen 200 vuotta sitten vaikuttaneeseen vapaustaistelijaan Sim\u00f3n Bol\u00edvariin, jonka my\u00f6t\u00e4 Kolumbia itsen\u00e4istyi Espanjan siirtomaavallasta.<\/p>\n<p class=\"aw-1gybjub aw-1p7kakr kEtdKx cEmitX yle__article__paragraph\">Itsen\u00e4istynyt Etel\u00e4-Amerikan pohjoisosa muodosti aluksi niin sanotun Suur-Kolumbian, johon kuului my\u00f6s nykyinen Kolumbia.<\/p>\n<p class=\"aw-1gybjub aw-1p7kakr kEtdKx cEmitX yle__article__paragraph\"><strong class=\"aw-ak79eh KyCXm yle__article__strong\">Liikuta karttaa ja katso, mink\u00e4 nykyvaltioiden alueella Suur-Kolumbia sijaitsi:<\/strong><\/p>\n<p><img decoding=\"async\" alt=\"Suur-Kolumbian 1819\u20131831 kartta.\" src=\"https:\/\/www.europesays.com\/fi\/wp-content\/uploads\/2026\/01\/39-1579328696108df1267a.jpeg\" class=\"aw-1l9m598 hKVVvP\"\/><img decoding=\"async\" alt=\"Nykyiset Kolumbian kartta.\" src=\"https:\/\/www.europesays.com\/fi\/wp-content\/uploads\/2026\/01\/39-1579329696108df6e098.jpeg\" class=\"aw-1l9m598 hKVVvP\"\/>Kuvat: Juha Rissanen \/ Yle, l\u00e4hde: Openstreetmap, Mapcreator (vasen), Juha Rissanen \/ Yle, l\u00e4hde: Openstreetmap, Mapcreator (oikea)<\/p>\n<p class=\"aw-1gybjub aw-1p7kakr kEtdKx cEmitX yle__article__paragraph\">Vapaustaistelija Bol\u00edvarista tuli sittemmin diktaattori, mutta ainakin h\u00e4n oli oma eik\u00e4 siirtomaavallan johtaja.<\/p>\n<p class=\"aw-1gybjub aw-1p7kakr kEtdKx cEmitX yle__article__paragraph\">\u2013 Taistelimme vapautemme puolesta kauan sitten emmek\u00e4 halua joutua uudelleen siirtomaaksi, sanoi C\u00facutassa mielenosoitukseen osallistunut Mayra Alejandra Zapata.<\/p>\n<p class=\"aw-1gybjub aw-1p7kakr kEtdKx cEmitX yle__article__paragraph\">Zapatalla on tiukat terveiset Trumpille.<\/p>\n<p class=\"aw-1gybjub aw-1p7kakr kEtdKx cEmitX yle__article__paragraph\">\u2013 Trump saisi menn\u00e4 terapiaan p\u00e4\u00e4st\u00e4kseen yli lapsuudenaikaisista traumoistaan, jotta h\u00e4n voisi olla onnellinen ja vapaa omassa maassaan ja j\u00e4tt\u00e4isi meid\u00e4t rauhaan, Zapata sanoo.<\/p>\n<p class=\"aw-1gybjub aw-1p7kakr kEtdKx cEmitX yle__article__paragraph\">Yhdysvallat ja Kolumbia tavoittelevat yhteisty\u00f6n palauttamista l\u00e4hitulevaisuudessa Petron Washingtonin-vierailulla. Sen ajankohtaa ei viel\u00e4 ole kerrottu.<\/p>\n","protected":false},"excerpt":{"rendered":"C\u00daCUTA Kolumbian it\u00e4reunalla C\u00facutan rajakaupungin kaduilla marssi keskiviikkona tuhansia mielenosoittajia. He halusivat tukea Kolumbian itsem\u00e4\u00e4r\u00e4\u00e4misoikeutta, jonka he pelk\u00e4siv\u00e4t&hellip;\n","protected":false},"author":2,"featured_media":139326,"comment_status":"","ping_status":"","sticky":false,"template":"","format":"standard","meta":{"footnotes":""},"categories":[14],"tags":[22,23,585,26,27,33,31,30,23811,17,70,1175,24,25,28,29,15,7595,18,21,32,19,20,56,16,7605,59,60,61],"class_list":{"0":"post-139325","1":"post","2":"type-post","3":"status-publish","4":"format-standard","5":"has-post-thumbnail","7":"category-ulkomaat","8":"tag-breaking-news","9":"tag-breakingnews","10":"tag-donald-trump","11":"tag-featured-news","12":"tag-featurednews","13":"tag-fi","14":"tag-finland","15":"tag-finnish","16":"tag-gustavo-petro","17":"tag-headlines","18":"tag-kansainvalinen-politiikka","19":"tag-kolumbia","20":"tag-latest-news","21":"tag-latestnews","22":"tag-main-news","23":"tag-mainnews","24":"tag-news","25":"tag-nicolas-maduro","26":"tag-otsikot","27":"tag-paauutiset","28":"tag-suomi","29":"tag-top-stories","30":"tag-topstories","31":"tag-ulkomaat","32":"tag-uutiset","33":"tag-venezuela","34":"tag-world","35":"tag-world-news","36":"tag-worldnews"},"share_on_mastodon":{"url":"https:\/\/pubeurope.com\/@fi\/115875388057111492","error":""},"_links":{"self":[{"href":"https:\/\/www.europesays.com\/fi\/wp-json\/wp\/v2\/posts\/139325","targetHints":{"allow":["GET"]}}],"collection":[{"href":"https:\/\/www.europesays.com\/fi\/wp-json\/wp\/v2\/posts"}],"about":[{"href":"https:\/\/www.europesays.com\/fi\/wp-json\/wp\/v2\/types\/post"}],"author":[{"embeddable":true,"href":"https:\/\/www.europesays.com\/fi\/wp-json\/wp\/v2\/users\/2"}],"replies":[{"embeddable":true,"href":"https:\/\/www.europesays.com\/fi\/wp-json\/wp\/v2\/comments?post=139325"}],"version-history":[{"count":0,"href":"https:\/\/www.europesays.com\/fi\/wp-json\/wp\/v2\/posts\/139325\/revisions"}],"wp:featuredmedia":[{"embeddable":true,"href":"https:\/\/www.europesays.com\/fi\/wp-json\/wp\/v2\/media\/139326"}],"wp:attachment":[{"href":"https:\/\/www.europesays.com\/fi\/wp-json\/wp\/v2\/media?parent=139325"}],"wp:term":[{"taxonomy":"category","embeddable":true,"href":"https:\/\/www.europesays.com\/fi\/wp-json\/wp\/v2\/categories?post=139325"},{"taxonomy":"post_tag","embeddable":true,"href":"https:\/\/www.europesays.com\/fi\/wp-json\/wp\/v2\/tags?post=139325"}],"curies":[{"name":"wp","href":"https:\/\/api.w.org\/{rel}","templated":true}]}}