{"id":139335,"date":"2026-01-11T08:10:08","date_gmt":"2026-01-11T08:10:08","guid":{"rendered":"https:\/\/www.europesays.com\/fi\/139335\/"},"modified":"2026-01-11T08:10:08","modified_gmt":"2026-01-11T08:10:08","slug":"salatut-elamat-tosielaman-romanssit-kulisseissa","status":"publish","type":"post","link":"https:\/\/www.europesays.com\/fi\/139335\/","title":{"rendered":"Salatut el\u00e4m\u00e4t: Tosiel\u00e4m\u00e4n romanssit kulisseissa"},"content":{"rendered":"<p>\n            Salatut el\u00e4m\u00e4t<br \/>\n            Allerin arkisto\n        <\/p>\n<p class=\"subtitle \">Salatut el\u00e4m\u00e4t -sarjan ja Rantabaari-sisarsarjan kulisseissa romanssit ovat roihuneet.<\/p>\n<p class=\"article-content article-content-width !bg-background\">Salatut el\u00e4m\u00e4t -sarjassa on n\u00e4hty monta ikonista tv-romanssia, mutta my\u00f6s kulisseissa romantiikka on roihunnut.<\/p>\n<p class=\"font-weight-bold m-font-weight-bold article-content article-content-width !bg-background\">Video: Tiesitk\u00f6 n\u00e4m\u00e4 Salkkareiden tosiel\u00e4m\u00e4n parit?<\/p>\n<p class=\"article-content article-content-width !bg-background\">Yksi tunnetuimmista tosiel\u00e4m\u00e4n pari lienee  (omaa sukua ) ja .\u00a0<\/p>\n<p class=\"article-content article-content-width !bg-background\">Mikko on n\u00e4ytellyt vuodesta 2009 l\u00e4htien Jiri Viitam\u00e4ke\u00e4. Sara puolestaan on esitt\u00e4nyt Peppi Puolakkaa vuosien 2007\u20132019 v\u00e4lill\u00e4 niin vakituisesti kuin satunnaisestikin.<\/p>\n<p>        <a itemprop=\"url\" href=\"https:\/\/www.seiska.fi\/katso\/mikko-parikka-poistuu-salatut-elamat-sarjasta-tassa-syy\/1998211\" rel=\"nofollow noopener\" target=\"_blank\"><\/p>\n<p>\nMikko Parikka\n<\/p>\n<p class=\"section-date\">\n        <strong class=\"article-section\" data-section=\"katso\"><br \/>\n            katso<br \/>\n        <\/strong><br \/>\n        20.11.2025 15:15\n    <\/p>\n<p>Mikko Parikka poistuu Salatut el\u00e4m\u00e4t -sarjasta \u2013 t\u00e4ss\u00e4 syy\n    <\/p>\n<p itemprop=\"description\" class=\"subtitle \">\n    Salatut el\u00e4m\u00e4t -sarjasta tuttu Mikko Parikka keskittyy t\u00e4rkeimp\u00e4\u00e4n.\n<\/p>\n<p>        <\/a><\/p>\n<p class=\"article-content article-content-width !bg-background\"><a href=\" https:\/\/www.is.fi\/viihde\/art-2000008590240.html\" target=\"_blank\">Sara ja Mikko tapasivat sarjan kuvauksissa. Mikko kertoi Ilta-Sanomien haastattelussa vuonna 2018 saaneensa ensin tylyt pakit mielitietylt\u00e4\u00e4n.<\/a><\/p>\n<p class=\"article-content article-content-width !bg-background\">\u2013 Minulla oli aggressiivinen v\u00e4sytystaktiikka. Kun kerroin Saralle, ett\u00e4 olen ihastunut h\u00e4neen ja minulla on tunteita h\u00e4nt\u00e4 kohtaan, Sara vain tokaisi, ett\u00e4 \u201dse menee kyll\u00e4 ohi\u201d, Mikko kertoi ja jatkoi:<\/p>\n<p class=\"article-content article-content-width !bg-background\">\u2013 En lannistunut siit\u00e4, eik\u00e4 se mennyt ohi, vaan jatkoin yritt\u00e4mist\u00e4. Jossain vaiheessa h\u00e4nkin ilmeisesti l\u00e4mpeni ajatukselle.<\/p>\n<p>                <img decoding=\"async\" src=\"https:\/\/www.europesays.com\/fi\/wp-content\/uploads\/2026\/01\/1834286.webp.jpeg\" width=\"576\" height=\"274\" alt=\"Mikko ja Sara Parikka Disney on Ice -show'n kutsuvierastilaisuudessa vuonna 2025.\" loading=\"lazy\" \/>            <\/p>\n<p>\n            Mikko ja Sara Parikka Disney on Ice -show&#8217;n kutsuvierastilaisuudessa vuonna 2025.<br \/>\n            Timo Korhonen\n        <\/p>\n<p class=\"article-content article-content-width !bg-background\">Pari on pit\u00e4nyt yht\u00e4 vuodesta 2009 l\u00e4htien. Yhteen he muuttivat vuonna 2010 ja astelivat avioliittoon 2014. Parilla on nelj\u00e4 yhteist\u00e4 lasta, kolme tyt\u00e4rt\u00e4 ja yksi poika. Kuopus syntyi viime syksyn\u00e4, jonka my\u00f6t\u00e4 Mikko j\u00e4i sarjasta isyysvapaalle joulukuussa.<\/p>\n<p class=\"article-content article-content-width !bg-background\">\u2013 Kun palaan takaisin, ehdin olla t\u00f6iss\u00e4 pari kuukautta, ja sitten meill\u00e4 alkaa kes\u00e4tauko. Olen melkein seitsem\u00e4n kuukautta lapseni ensimm\u00e4isest\u00e4 vuodesta himassa, mik\u00e4 on ihan mahtavaa, Mikko kertoi Katsolle.<\/p>\n<p>        <a itemprop=\"url\" href=\"https:\/\/www.seiska.fi\/katso\/mikko-parikka-meinasi-jattaa-salkkarit-valiin-tassa-syy\/1712448\" rel=\"nofollow noopener\" target=\"_blank\"><\/p>\n<p>\nMikko Parikka\n<\/p>\n<p class=\"section-date\">\n        <strong class=\"article-section\" data-section=\"katso\"><br \/>\n            katso<br \/>\n        <\/strong><br \/>\n        25.5.2025 07:15\n    <\/p>\n<p>Mikko Parikka meinasi j\u00e4tt\u00e4\u00e4 Salkkarit v\u00e4liin \u2013 t\u00e4ss\u00e4 syy\n    <\/p>\n<p itemprop=\"description\" class=\"subtitle \">\n    Suosikkin\u00e4yttelij\u00e4 paljastaa, ett\u00e4 oli hilkulla, ettei h\u00e4n n\u00e4yttelisi Salatut el\u00e4m\u00e4t -sarjassa.\n<\/p>\n<p>        <\/a><\/p>\n<p class=\"article-content article-content-width !bg-background\">Kahden ensimm\u00e4isen lapsen kohdalla Mikko ei pit\u00e4nyt isyysvapaata, mutta ty\u00f6 sarjassa mahdollisti sen, ett\u00e4 vapaa-aikaa j\u00e4i lapsillekin. Kolmannen lapsen kohdalla Mikko l\u00e4hti Salkkareista ajatuksella, ettei en\u00e4\u00e4 palaisi. Toisin k\u00e4vi, sill\u00e4 h\u00e4net n\u00e4htiin j\u00e4lleen Pihlajakadulla vuonna 2024.<\/p>\n<p>Venla Savikuja ja Markku Pulli<\/p>\n<p class=\"article-content article-content-width !bg-background\"> muistetaan Heidi Aaltosen roolista Salatut el\u00e4m\u00e4t -sarjassa, jossa h\u00e4n oli mukana vuodesta 2009 vuoteen 2015.  puolestaan n\u00e4ytteli viel\u00e4 vastaik\u00e4\u00e4n Joonatan Sievist\u00e4, n\u00e4yttelij\u00e4 poistui sarjasta syksyll\u00e4 2025.<\/p>\n<p>        <a itemprop=\"url\" href=\"https:\/\/www.seiska.fi\/kotimaa\/salkkarit-tahti-markku-pulli-haluaa-160-kiloiseksi-morssariksi-tassa-syy\/1358736\" rel=\"nofollow noopener\" target=\"_blank\"><\/p>\n<p class=\"section-date\">\n        <strong class=\"article-section\" data-section=\"kotimaa\"><br \/>\n            kotimaa<br \/>\n        <\/strong><br \/>\n        25.5.2024 09:00\n    <\/p>\n<p>Salkkarit-t\u00e4hti Markku Pulli haluaa 160-kiloiseksi m\u00f6rss\u00e4riksi \u2013 t\u00e4ss\u00e4 syy\n    <\/p>\n<p itemprop=\"description\" class=\"subtitle \">\n    Salkkarit-t\u00e4hti l\u00e4hett\u00e4\u00e4 terveisi\u00e4 Markus Selinille.\n<\/p>\n<p>        <\/a><\/p>\n<p class=\"article-content article-content-width !bg-background\">Venlan ja Markun suhde syttyi, kun molemmat olivat Salkkareissa mukana. Pari piti suhteensa pitk\u00e4\u00e4n salassa. He muuttivat saman katon alle Espooseen, ja heill\u00e4 oli yhteinen Mulan-niminen koira. Sittemmin pari erosi.<\/p>\n<p>                <img decoding=\"async\" src=\"https:\/\/www.europesays.com\/fi\/wp-content\/uploads\/2026\/01\/2041132.webp.jpeg\" width=\"576\" height=\"274\" title=\"Venla Savikuja ja Markku Pulli vuodden 2012 James Bond Skyfall -elokuvan kutsuvierasensi-illassa.\" alt=\"Venla Savikuja ja Markku Pulli vuodden 2012 James Bond Skyfall -elokuvan kutsuvierasensi-illassa.\" loading=\"lazy\" \/>            <\/p>\n<p>\n            Venla Savikuja ja Markku Pulli vuodden 2012 James Bond Skyfall -elokuvan kutsuvierasensi-illassa.<br \/>\n            Allerin arkisto\n        <\/p>\n<p class=\"article-content article-content-width !bg-background\">Vuonna 2017 Venla muutti opintojensa vuoksi K\u00f6\u00f6penhaminaan, Tanskaan.<\/p>\n<p class=\"article-content article-content-width !bg-background\">Markku poistui ensimm\u00e4isen kerran sarjasta vuonna 2015. H\u00e4n keskittyi opiskeluun ja oman Instagram-mainontaan keskittyv\u00e4n yrityksens\u00e4 py\u00f6ritt\u00e4miseen. H\u00e4n oli mukana my\u00f6s Big Brotherin julkkisversiossa vuonna 2021.<\/p>\n<p class=\"article-content article-content-width !bg-background\">Salkkareiden j\u00e4lkeen Venla on esiintynyt muun muassa Modernit miehet -sarjassa sek\u00e4 Fitnessp\u00e4iv\u00e4kirjat-realityssa. Sittemmin h\u00e4n viihtynyt poissa julkisuudesta. Vuonna 2022 h\u00e4n paljasti odottavansa esikoistaan islantilaisen n\u00e4yttelij\u00e4miehens\u00e4, , kanssa. Pari sai lapsensa saman vuoden syyskuussa.<\/p>\n<p>        <a itemprop=\"url\" href=\"https:\/\/www.seiska.fi\/kotimaa\/muistatko-salkkarit-tahti-venla-savikujan-talta-han-nayttaa-nyt\/1852216\" rel=\"nofollow noopener\" target=\"_blank\"><\/p>\n<p>\nSalkkarit-t\u00e4hti Venla\n<\/p>\n<p class=\"section-date\">\n        <strong class=\"article-section\" data-section=\"kotimaa\"><br \/>\n            kotimaa<br \/>\n        <\/strong><br \/>\n        1.7.2025 19:00\n    <\/p>\n<p>Muistatko Salkkarit-t\u00e4hti Venla Savikujan? T\u00e4lt\u00e4 h\u00e4n n\u00e4ytt\u00e4\u00e4 nyt\n    <\/p>\n<p itemprop=\"description\" class=\"subtitle \">\n    Salkkarit-t\u00e4hti ei ole ollut vuoteen aktiivinen somenakavallaan.\n<\/p>\n<p>        <\/a><\/p>\n<p>Kerttu Rissanen ja Sami Uotila<\/p>\n<p class=\"article-content article-content-width !bg-background\"> ja  rakastuivat Salatut el\u00e4m\u00e4t -sarjan kulisseissa vuonna 2019.<\/p>\n<p class=\"article-content article-content-width !bg-background\">Kerttu aloitti sarjassa vuonna 2014 ollessaan 17-vuotias. H\u00e4n n\u00e4ytteli Sanni Pohjosta vuoteen 2020 saakka. Kerttu ty\u00f6skentelee nykyisin hyvinvointivalmentajana.<\/p>\n<p class=\"article-content article-content-width !bg-background\">Sami puolestaan n\u00e4yttelee sarjassa Aki Nikkist\u00e4. H\u00e4n aloitti ohjelmassa vuonna 1999 ja poistui ensimm\u00e4isen kerran vuonna 2002, vieraili erikoisjaksossa vuonna 2009 ja palasi vuonna 2014.<\/p>\n<p>        <a itemprop=\"url\" href=\"https:\/\/www.seiska.fi\/katso\/sami-uotila-avoin-tilitys-erosta\/1986831\" rel=\"nofollow noopener\" target=\"_blank\"><\/p>\n<p>\nSami Uotila\n<\/p>\n<p class=\"section-date\">\n        <strong class=\"article-section\" data-section=\"katso\"><br \/>\n            katso<br \/>\n        <\/strong><br \/>\n        9.11.2025 06:15\n    <\/p>\n<p>Sami Uotila: Avoin tilitys erosta\n    <\/p>\n<p itemprop=\"description\" class=\"subtitle \">\n    Salatut el\u00e4m\u00e4t -sarjastakin tuttu n\u00e4yttelij\u00e4 avaa eron j\u00e4lkeisi\u00e4 tuntemuksiaan Mielten vuoro -avausjaksossa 9. marraskuuta.\n<\/p>\n<p>        <\/a><\/p>\n<p>                <img decoding=\"async\" src=\"https:\/\/www.europesays.com\/fi\/wp-content\/uploads\/2026\/01\/1552158.webp.jpeg\" width=\"576\" height=\"274\" alt=\"Sami Uotila ja Kerttu Rissanen vuonna 2022.\" loading=\"lazy\" \/>            <\/p>\n<p>\n            Sami Uotila ja Kerttu Rissanen vuonna 2022.<br \/>\n            ATTE KAJOVA\n        <\/p>\n<p class=\"article-content article-content-width !bg-background\">25 vuoden ik\u00e4erolla varustettu pari kihlautui vuonna 2022. Y\u00f6kyl\u00e4ss\u00e4 Maria Veitola -ohjelmassa pari kertoi suhteestaan toimittaja . Kerttu oli ohjelman esitysaikaan 27-vuotias ja Sami 52-vuotias.<\/p>\n<p class=\"article-content article-content-width !bg-background\">Sami kertoi jaksossa, ett\u00e4 kun pariskunta tutustui suosikkisarjan studiolla, kesti h\u00e4nell\u00e4 pitk\u00e4\u00e4n uskoa, ett\u00e4 Kerttu oli vakavissaan kiinnostunut. Kerttu vihjaili Samille, ettei ollut hetkeen k\u00e4ynyt viinill\u00e4, ja lopulta Sami uskaltautui pyyt\u00e4m\u00e4\u00e4n vastan\u00e4yttelij\u00e4ns\u00e4 lasilliselle. Viinill\u00e4 menikin kokonainen viikonloppu.<\/p>\n<p>        <a itemprop=\"url\" href=\"https:\/\/www.seiska.fi\/katso\/kerttu-rissanen-avautuu-salatut-elamat-vuosistaan-villia-elamaa\/2026821\" rel=\"nofollow noopener\" target=\"_blank\"><\/p>\n<p>\nAvautuu Salkkarit-vuosistaan\n<\/p>\n<p class=\"section-date\">\n        <strong class=\"article-section\" data-section=\"katso\"><br \/>\n            katso<br \/>\n        <\/strong><br \/>\n        20.12.2025 09:15\n    <\/p>\n<p>Kerttu Rissanen avautuu Salatut el\u00e4m\u00e4t -vuosistaan: &#8221;Villi\u00e4 el\u00e4m\u00e4\u00e4&#8221;\n    <\/p>\n<p itemprop=\"description\" class=\"subtitle \">\n    Kerttu Rissanen n\u00e4ytteli Salatuissa el\u00e4miss\u00e4 vuosina 2014\u20132020.\n<\/p>\n<p>        <\/a><\/p>\n<p class=\"article-content article-content-width !bg-background\">\u2013 Muistan, kun hahmomme k\u00e4sikirjoitettiin yhteen ja mietin, mit\u00e4 t\u00e4st\u00e4 tulee. J\u00e4nnitti, sill\u00e4 emme olleet viel\u00e4 juuri jutelleet. Kaikki meni tosi kivasti. Olin h\u00e4mmentynyt, kun huomasin, ett\u00e4 hahmomme ihastuivat mutta samalla ihastuin itsekin, Kerttu kertoi Marialle.<\/p>\n<p class=\"article-content article-content-width !bg-background\">Sittemmin eronnut pariskunta kertoi saaneensa vihaviestej\u00e4 ik\u00e4erostaan. Sami kertoi ymm\u00e4rt\u00e4v\u00e4ns\u00e4, jos yleis\u00f6 ysk\u00e4isee isosta ik\u00e4erosta, mutta vihaviestej\u00e4 ei.<\/p>\n<p class=\"article-content article-content-width !bg-background\">\u2013 Mutta, ett\u00e4 joku alkaa l\u00e4hettelem\u00e4\u00e4n vihaviestej\u00e4, ett\u00e4 jos et seurustele oman ik\u00e4isten kanssa, niin vied\u00e4\u00e4n sinut saunan taakse ja kuohitaan sinulta pallit irti, Sami totesi.<\/p>\n<p class=\"article-content article-content-width !bg-background\">L\u00e4hipiiri ei tuominnut, mutta moni ihmetteli, kun Kerttu kertoi suhteesta. Kerttu koki hieman loukkaavana sen, ett\u00e4 h\u00e4nelt\u00e4 varmisteltiin, ett\u00e4 tiet\u00e4\u00e4h\u00e4n Kerttu mit\u00e4 tekee \u2013 aivan kuin h\u00e4n ei osaisi pit\u00e4\u00e4 itsest\u00e4\u00e4n huolta.<\/p>\n<p class=\"article-content article-content-width !bg-background\">Pari erosi kes\u00e4ll\u00e4 2024. Ennen eroaan Sami ja Kerttu ehtiv\u00e4t asua muutaman vuoden ajan samassa osoitteessa Kampissa, Helsingiss\u00e4.<\/p>\n<p>Kerttu Rissanen ja Hemmo Karja<\/p>\n<p class=\"article-content article-content-width !bg-background\"> n\u00e4ytteli Salkkareissa Janne Haukkalaa ja my\u00f6hemmin Rantabaarissa, Salkkareiden sisarsarjassa. Salkkareissa hahmo n\u00e4htiin ensi kertaa vuonna 2011 ja viimeist\u00e4 kertaa vuonna 2019. H\u00e4n palasi hetkellisesti viel\u00e4 kev\u00e4\u00e4ll\u00e4 2020 p\u00e4ivitt\u00e4isdraamaan.<\/p>\n<p>                <img decoding=\"async\" src=\"https:\/\/www.europesays.com\/fi\/wp-content\/uploads\/2026\/01\/1910432.webp.jpeg\" width=\"576\" height=\"274\" alt=\"Hemmo Karja vuonna 2020 Rantabaarin kuvauksissa.\" loading=\"lazy\" \/>            <\/p>\n<p>\n            Hemmo Karja vuonna 2020 Rantabaarin kuvauksissa.<br \/>\n            Timo Korhonen\n        <\/p>\n<p>        <a itemprop=\"url\" href=\"https:\/\/www.seiska.fi\/kotimaa\/muistatko-salkkarit-tahti-hemmo-karjan-hurja-muodonmuutos\/1910354\" rel=\"nofollow noopener\" target=\"_blank\"><\/p>\n<p>\nMuistatko Hemmo Karjan?\n<\/p>\n<p class=\"section-date\">\n        <strong class=\"article-section\" data-section=\"kotimaa\"><br \/>\n            kotimaa<br \/>\n        <\/strong><br \/>\n        26.8.2025 16:30\n    <\/p>\n<p>Muistatko Salkkarit-t\u00e4hti Hemmo Karjan? Hurja muodonmuutos!\n    <\/p>\n<p itemprop=\"description\" class=\"subtitle \">\n    Janne Haukkalaa n\u00e4ytellyt mies on pit\u00e4nyt matalaa profiilia julkisuudessa.\n<\/p>\n<p>        <\/a><\/p>\n<p class=\"article-content article-content-width !bg-background\">Hemmo valmistui kev\u00e4\u00e4ll\u00e4 2022 Aalto-yliopistosta kauppatieteiden maisteriksi.<\/p>\n<p class=\"article-content article-content-width !bg-background\"><a href=\"https:\/\/www.mtvuutiset.fi\/artikkeli\/salkkarit-kulisseissa-syntyi-uusi-rakkaustarina\/3138524\" target=\"_blank\" rel=\"nofollow noopener\">Hemmo vahvisti MTV:lle huhtikuussa 2014 seurustelevansa Kerttu Rissasen kanssa. Sittemmin pari erosi.\u00a0<\/a><\/p>\n<p>Johanna Puhakka ja Samuel Glassar<\/p>\n<p class=\"article-content article-content-width !bg-background\"> palasi kuluvan vuoden tammikuussa\u00a0Salatut el\u00e4m\u00e4t -sarjaan Alissa Nikkisen rooliin, jota h\u00e4n n\u00e4ytteli vuosien 2015\u20132019 ajan. Alissa oli mukana my\u00f6s Salkkareiden Rantabaari-sisarsarjassa, jossa my\u00f6s  n\u00e4yttelem\u00e4 hahmo Eemeli Lammasniemi esiintyy.<\/p>\n<p>        <a itemprop=\"url\" href=\"https:\/\/www.seiska.fi\/katso\/salatut-elamat-nain-alissa-nikkinen-palaa-varo-juonipaljastuksia\/2030327\" rel=\"nofollow noopener\" target=\"_blank\"><\/p>\n<p>\nSalatut el\u00e4m\u00e4t\n<\/p>\n<p class=\"section-date\">\n        <strong class=\"article-section\" data-section=\"katso\"><br \/>\n            katso<br \/>\n        <\/strong><br \/>\n        2.1. 12:15\n    <\/p>\n<p>Salatut el\u00e4m\u00e4t: N\u00e4in Alissa Nikkinen palaa \u2013 varo juonipaljastuksia!\n    <\/p>\n<p itemprop=\"description\" class=\"subtitle \">\n    Johanna Puhakka palaa Salatut el\u00e4m\u00e4t -rooliinsa Alissa Nikkisen\u00e4.\n<\/p>\n<p>        <\/a><\/p>\n<p class=\"article-content article-content-width !bg-background\"><a href=\"https:\/\/www.mtvuutiset.fi\/artikkeli\/rakkautta-ilmassa-rantabaari-sarjan-kulisseissa-johanna-puhakka-vahvistaa-suhteensa-nayttelijakollegaansa\/8728998#gs.338i3w\" target=\"_blank\" rel=\"nofollow noopener\">Johanna vahvisti MTV:lle kes\u00e4ll\u00e4 2023 seurustelevansa Samuelin kanssa<\/a>. Samuel ja Johanna tapasivat Rantabaarin kulisseissa.<\/p>\n<p>                <img decoding=\"async\" src=\"https:\/\/www.europesays.com\/fi\/wp-content\/uploads\/2026\/01\/1880424.webp.jpeg\" width=\"576\" height=\"274\" alt=\"Johanna Puhakka ja Samuel Glassar kes\u00e4ll\u00e4 2024.\" loading=\"lazy\" \/>            <\/p>\n<p>\n            Johanna Puhakka ja Samuel Glassar kes\u00e4ll\u00e4 2024.<br \/>\n            Timo Korhonen\n        <\/p>\n<p class=\"article-content article-content-width !bg-background\">Sittemmin Samuel muutti Johannan luokse T\u00f6\u00f6l\u00f6\u00f6n, Helsinkiin. Johanna ja Samuel saivat kaksoset kes\u00e4ll\u00e4 2024. Loppuvuodesta perhe muutti T\u00f6\u00f6l\u00f6st\u00e4 omakotitaloon.\u00a0<\/p>\n<p>        <a itemprop=\"url\" href=\"https:\/\/www.seiska.fi\/kotimaa\/johanna-puhakka-synnytti-kaksoset-suloinen-julkaisu-sulattaa-sydamet\/1412063\" rel=\"nofollow noopener\" target=\"_blank\"><\/p>\n<p class=\"section-date\">\n        <strong class=\"article-section\" data-section=\"kotimaa\"><br \/>\n            kotimaa<br \/>\n        <\/strong><br \/>\n        27.7.2024 07:40\n    <\/p>\n<p>Johanna Puhakka synnytti kaksoset \u2013 suloinen julkaisu sulattaa syd\u00e4met\n    <\/p>\n<p itemprop=\"description\" class=\"subtitle \">\n    Johannasta ja h\u00e4nen rakkaastaan Samuel Glassarista on nyt tullut kahden lapsen vanhempia.\n<\/p>\n<p>        <\/a><\/p>\n<p class=\"italic m-italic article-content article-content-width !bg-background\">Salatut el\u00e4m\u00e4t maanantaista torstaihin MTV3:lla ja MTV Katsomossa, seuraavan viikon jaksot perjantaisin MTV Katsomo+:ssa.<\/p>\n<p>Rantabaari MTV Katsomo+:ssa.<\/p>\n","protected":false},"excerpt":{"rendered":"Salatut el\u00e4m\u00e4t Allerin arkisto Salatut el\u00e4m\u00e4t -sarjan ja Rantabaari-sisarsarjan kulisseissa romanssit ovat roihuneet. Salatut el\u00e4m\u00e4t -sarjassa on n\u00e4hty&hellip;\n","protected":false},"author":2,"featured_media":139336,"comment_status":"","ping_status":"","sticky":false,"template":"","format":"standard","meta":{"footnotes":""},"categories":[133],"tags":[137,33,31,30,6372,13720,1811,8999,6373,209,4463,1812,6568,5401,32,206,1318,24159,156,109],"class_list":{"0":"post-139335","1":"post","2":"type-post","3":"status-publish","4":"format-standard","5":"has-post-thumbnail","7":"category-televisiot","8":"tag-entertainment","9":"tag-fi","10":"tag-finland","11":"tag-finnish","12":"tag-hemmo-karja","13":"tag-johanna-puhakka","14":"tag-kerttu-rissanen","15":"tag-mikko-parikka","16":"tag-rantabaari","17":"tag-salatut-elamat","18":"tag-salkkarit","19":"tag-sami-uotila","20":"tag-samuel-glassar","21":"tag-sara-parikka","22":"tag-suomi","23":"tag-televisiot","24":"tag-tv-ohjelma","25":"tag-tv-romanssit","26":"tag-tv","27":"tag-viihde"},"share_on_mastodon":{"url":"https:\/\/pubeurope.com\/@fi\/115875454870638641","error":""},"_links":{"self":[{"href":"https:\/\/www.europesays.com\/fi\/wp-json\/wp\/v2\/posts\/139335","targetHints":{"allow":["GET"]}}],"collection":[{"href":"https:\/\/www.europesays.com\/fi\/wp-json\/wp\/v2\/posts"}],"about":[{"href":"https:\/\/www.europesays.com\/fi\/wp-json\/wp\/v2\/types\/post"}],"author":[{"embeddable":true,"href":"https:\/\/www.europesays.com\/fi\/wp-json\/wp\/v2\/users\/2"}],"replies":[{"embeddable":true,"href":"https:\/\/www.europesays.com\/fi\/wp-json\/wp\/v2\/comments?post=139335"}],"version-history":[{"count":0,"href":"https:\/\/www.europesays.com\/fi\/wp-json\/wp\/v2\/posts\/139335\/revisions"}],"wp:featuredmedia":[{"embeddable":true,"href":"https:\/\/www.europesays.com\/fi\/wp-json\/wp\/v2\/media\/139336"}],"wp:attachment":[{"href":"https:\/\/www.europesays.com\/fi\/wp-json\/wp\/v2\/media?parent=139335"}],"wp:term":[{"taxonomy":"category","embeddable":true,"href":"https:\/\/www.europesays.com\/fi\/wp-json\/wp\/v2\/categories?post=139335"},{"taxonomy":"post_tag","embeddable":true,"href":"https:\/\/www.europesays.com\/fi\/wp-json\/wp\/v2\/tags?post=139335"}],"curies":[{"name":"wp","href":"https:\/\/api.w.org\/{rel}","templated":true}]}}