{"id":139349,"date":"2026-01-11T08:33:08","date_gmt":"2026-01-11T08:33:08","guid":{"rendered":"https:\/\/www.europesays.com\/fi\/139349\/"},"modified":"2026-01-11T08:33:08","modified_gmt":"2026-01-11T08:33:08","slug":"missa-tolkkinainen-ansku-jakoi-rakastuneen-oloisia-kuvia","status":"publish","type":"post","link":"https:\/\/www.europesays.com\/fi\/139349\/","title":{"rendered":"Miss\u00e4 t\u00f6lkkinainen? \u2013 Ansku jakoi rakastuneen oloisia kuvia"},"content":{"rendered":"<p>\n            Anna-Liisa &#8221;Ansku&#8221; Bergstr\u00f6m ja h\u00e4nen kumppaninsa Vantaa Vibin\u2019 -festareilla elokuussa 2025.Seiska\/lukijan kuva<br \/>\n            Seiskan lukija\n        <\/p>\n<p class=\"subtitle \">Ansku ja mystinen &#8221;t\u00f6lkkinainen&#8221; ovat ehtineet muuttaa jo avoliittoon.<\/p>\n<p class=\"article-content article-content-width !bg-background\">Tanssija n vuosi 2026 on alkanut eitt\u00e4m\u00e4tt\u00e4 parempien t\u00e4htien alla kuin viime vuoden vastaava ajankohta.<\/p>\n<p class=\"article-content article-content-width !bg-background\">Vuosi sitten tammikuun puoliv\u00e4liss\u00e4 Ansku ilmoitti somessa erostaan  kanssa.<\/p>\n<p class=\"article-content article-content-width !bg-background\">Parin erosta oli puhuttu jo aiemmin eri keskustelupalstoilla, sill\u00e4 yhteiskuvat olivat loistaneet poissaolollaan jo pidemm\u00e4n aikaa tuolloin.<\/p>\n<p>        <a itemprop=\"url\" href=\"https:\/\/www.seiska.fi\/vain-seiskassa\/ansku-bergstrom-ja-uusi-rakas-avoliitto\/2026095\" rel=\"nofollow noopener\" target=\"_blank\"><\/p>\n<p>\nAnsku Bergstr\u00f6m ja uusi rakas:\n<\/p>\n<p class=\"section-date\">\n        <strong class=\"article-section\" data-section=\"vain seiskassa\"><br \/>\n            vain seiskassa<br \/>\n        <\/strong><br \/>\n        7.1. 05:30\n    <\/p>\n<p>Ansku Bergstr\u00f6m ja uusi rakas: Avoliitto!\n    <\/p>\n<p itemprop=\"description\" class=\"subtitle \">\n    Ansku Bergstr\u00f6min ja naisrakkaan suhde on edennyt pikavauhtia.\n<\/p>\n<p>        <\/a><\/p>\n<p class=\"article-content article-content-width !bg-background\">Viime kev\u00e4\u00e4n\u00e4 Ansku jakoikin paljon sis\u00e4lt\u00f6\u00e4, josta k\u00e4vi ilmi, ett\u00e4 h\u00e4n on el\u00e4nyt parempiakin hetki\u00e4.<\/p>\n<p>                <img decoding=\"async\" src=\"https:\/\/www.europesays.com\/fi\/wp-content\/uploads\/2026\/01\/1958367.webp.jpeg\" width=\"576\" height=\"720\" alt=\"Elina Gustafsson ja Ansku Bergstr\u00f6m ilmoittivat erostaan viime vuoden tammikuussa.\" loading=\"lazy\" \/>            <\/p>\n<p>\n            Elina Gustafsson ja Ansku Bergstr\u00f6m ilmoittivat erostaan viime vuoden tammikuussa.<br \/>\n            Kai Joronen\n        <\/p>\n<p>T\u00f6lkkinainen<\/p>\n<p class=\"article-content article-content-width !bg-background\">Kes\u00e4ll\u00e4 2025 tapahtui muutos, sill\u00e4 Anskun somessa alkoi py\u00f6ri\u00e4 mysteerinainen \u2013 mysteeri sen vuoksi, ett\u00e4 kuvaa ei ole Ansku t\u00e4h\u00e4n p\u00e4iv\u00e4\u00e4nk\u00e4\u00e4n asti julkaissut.<\/p>\n<p class=\"article-content article-content-width !bg-background\">Seiskan lukija nappasi nimitt\u00e4in Anskusta ja h\u00e4nen seurassaan olleesta \u201dt\u00f6lkkinaisesta\u201d kuvan Vantaa Vibin\u2019 -festivaaleilla elokuussa.<\/p>\n<p class=\"article-content article-content-width !bg-background\">Jodelissa mysteerikulta sai nimen t\u00f6lkkinainen, sill\u00e4 festarikuvissa Anskun tatuoidulla seuralaisella oli k\u00e4dess\u00e4\u00e4n t\u00f6lkki Aura-olutta.<\/p>\n<p>        <a itemprop=\"url\" href=\"https:\/\/www.seiska.fi\/kotimaa\/mihin-karahti-unelmaliitto-vuoden-eroissa-oli-monta-yllatysta\/2003085\" rel=\"nofollow noopener\" target=\"_blank\"><\/p>\n<p>\nUnelmaliitot karilla\n<\/p>\n<p class=\"section-date\">\n        <strong class=\"article-section\" data-section=\"kotimaa\"><br \/>\n            kotimaa<br \/>\n        <\/strong><br \/>\n        31.12.2025 14:00\n    <\/p>\n<p>Mihin karahti unelmaliitto? Vuoden eroissa oli monta yll\u00e4tyst\u00e4!\n    <\/p>\n<p itemprop=\"description\" class=\"subtitle \">\n    Kuluneena vuonna rikkoutui j\u00e4lleen useampi ikuiseksi tarkoitettu suhde.\n<\/p>\n<p>        <\/a><\/p>\n<p class=\"article-content article-content-width !bg-background\">\u2013 Kyll\u00e4 he siin\u00e4 tanssivat intiimisti ja vaihtoivat suudelmia, paikalla ollut Seiskan lukija totesi tuolloin.<\/p>\n<p class=\"article-content article-content-width !bg-background\">\u2013 Yleisell\u00e4 tasolla se tanssi oli aika villi\u00e4, lukija jatkoi.<\/p>\n<p class=\"article-content article-content-width !bg-background\">Samainen lukija kertoi Anskun ja t\u00f6lkkinaisen olleen kahdestaan liikkeell\u00e4 ja vaikuttaneen rakastuneilta.<\/p>\n<p>                <img decoding=\"async\" src=\"https:\/\/www.europesays.com\/fi\/wp-content\/uploads\/2026\/01\/2042693.webp.jpeg\" width=\"576\" height=\"639\" alt=\"Anskun seuralaisella oli Vantaa Vibin' -festareilla lippis v\u00e4\u00e4rinp\u00e4in ja k\u00e4dess\u00e4 Auraa.\" loading=\"lazy\" \/>            <\/p>\n<p>\n            Anskun seuralaisella oli Vantaa Vibin&#8217; -festareilla lippis v\u00e4\u00e4rinp\u00e4in ja k\u00e4dess\u00e4 Auraa.<br \/>\n            Seiskan lukija\n        <\/p>\n<p>Avoliitto<\/p>\n<p class=\"article-content article-content-width !bg-background\">Nyt Ansku on jakanut somessa kuvia, joista kuultaa l\u00e4pi onnellinen nainen.<\/p>\n<p class=\"article-content article-content-width !bg-background\">Ja mik\u00e4s siin\u00e4, sill\u00e4 Seiska kertoi aiemmin t\u00e4ll\u00e4 viikolla, ett\u00e4 Ansku on muuttanut t\u00f6lkkinaisen kanssa jo avoliittoon.<\/p>\n<p>        <a itemprop=\"url\" href=\"https:\/\/www.seiska.fi\/kotimaa\/eeva-tallainen-on-ansku-bergstromin-uusi-rakas\/2030267\" rel=\"nofollow noopener\" target=\"_blank\"><\/p>\n<p>\nAnsku Bergstr\u00f6m Eeva-lehdelle:\n<\/p>\n<p class=\"section-date\">\n        <strong class=\"article-section\" data-section=\"kotimaa\"><br \/>\n            kotimaa<br \/>\n        <\/strong><br \/>\n        23.12.2025 15:30\n    <\/p>\n<p>Eeva: T\u00e4llainen on Ansku Bergstr\u00f6min uusi rakas!\n    <\/p>\n<p itemprop=\"description\" class=\"subtitle \">\n    Anskun uusi rakas on juuri sit\u00e4, mit\u00e4 h\u00e4n el\u00e4m\u00e4lt\u00e4\u00e4n tarvitsee.\n<\/p>\n<p>        <\/a><\/p>\n<p class=\"article-content article-content-width !bg-background\">Pari muutti nimitt\u00e4in joulukuun alussa yhteen, ja koti sijaitsee nyt paritalossa Klaukkalassa.<\/p>\n<p class=\"article-content article-content-width !bg-background\">Lauantaina jakamissaan kuvissa Ansku hymyilee kuin se kuuluisa Hangon keksi.<\/p>\n<p>                <img decoding=\"async\" src=\"https:\/\/www.europesays.com\/fi\/wp-content\/uploads\/2026\/01\/1931090.webp.jpeg\" width=\"576\" height=\"322\" alt=\"Ansku on osallistunut useana vuonna Tanssii t\u00e4htien kanssa -suosikkiohjelmaan.\" loading=\"lazy\" \/>            <\/p>\n<p>\n            Ansku on osallistunut useana vuonna Tanssii t\u00e4htien kanssa -suosikkiohjelmaan.<br \/>\n            Tomi Natri\n        <\/p>\n<p>&#8221;Normaalilla vauhdilla&#8221;<\/p>\n<p class=\"article-content article-content-width !bg-background\">Kahdessa kuvassa h\u00e4n hymyilee kuvaten itse\u00e4\u00e4n peilist\u00e4, kahdessa muussa taas Ansku luistelee kuin j\u00e4\u00e4prinsessa.<\/p>\n<p class=\"article-content article-content-width !bg-background\">Yhdess\u00e4 kuvassa Ansku taas poseeraa seesteisen n\u00e4k\u00f6isen\u00e4 lumisella tiell\u00e4.<\/p>\n<p class=\"article-content article-content-width !bg-background\"> \u2013 Arki l\u00e4htenyt taas py\u00f6rim\u00e4\u00e4n normaalilla vauhdilla\ud83c\udf2a\ufe0f\ud83d\ude05, Ansku kirjoittaa kuvien yhteyteen.<\/p>\n<p>        <a itemprop=\"url\" href=\"https:\/\/www.seiska.fi\/vain-seiskassa\/salakuvat-ansku-bergstrom-ja-kumppani-laheisissa-tunnelmissa-tanssivat-intiimisti-ja-vaihtoivat-suudelmia\/1893993\" rel=\"nofollow noopener\" target=\"_blank\"><\/p>\n<p>\nSalakuvat!\n<\/p>\n<p class=\"section-date\">\n        <strong class=\"article-section\" data-section=\"vain seiskassa\"><br \/>\n            vain seiskassa<br \/>\n        <\/strong><br \/>\n        12.8.2025 05:00\n    <\/p>\n<p>Salakuvat! Ansku Bergstr\u00f6m ja kumppani l\u00e4heisiss\u00e4 tunnelmissa \u2013 \u201dTanssivat intiimisti ja vaihtoivat suudelmia\u201d\n    <\/p>\n<p itemprop=\"description\" class=\"subtitle \">\n    Viime aikoina Anskun somessa on esiintynyt my\u00f6s mysteerihenkil\u00f6, ja Ansku onkin paljastanut pieni\u00e4 yksityiskohtia rakkausel\u00e4m\u00e4st\u00e4\u00e4n.\n<\/p>\n<p>        <\/a><\/p>\n<p class=\"article-content article-content-width !bg-background\">Kuvat ovat j\u00e4rjestyksess\u00e4\u00e4n \u201dverkkovalmennus kuvauksista, \u201dopetuksiin menossa\u201d, lenkkeilyst\u00e4 sek\u00e4 luistelemisesta vuosien j\u00e4lkeen.<\/p>\n<p class=\"article-content article-content-width !bg-background\"> \u2013 T\u00e4n\u00e4\u00e4n luvassa leirip\u00e4iv\u00e4 mun ihanien oppilaiden kanssa\ud83d\udc83\ud83c\udffb\u2764\ufe0f , Ansku kirjoitti lauantaina.<\/p>\n<p>&#8221;Onnea teille rakastavaiset&#8221;<\/p>\n<p class=\"article-content article-content-width !bg-background\">Vaikka t\u00f6lkkinaista ei kuvissa n\u00e4y, ovat seuraajat panneet merkille Anskun iloisuuden.<\/p>\n<p class=\"article-content article-content-width !bg-background\"> \u2013 S\u00f6p\u00f6, kirjoittaa er\u00e4s.<\/p>\n<p>        <a itemprop=\"url\" href=\"https:\/\/www.seiska.fi\/katso\/nama-ttk-opettajat-katosivat-tv-ruudusta-missa-he-ovat-nyt-1\/2023985\" rel=\"nofollow noopener\" target=\"_blank\"><\/p>\n<p>\nTv:st\u00e4 kadonneet TTK-opettajat\n<\/p>\n<p class=\"section-date\">\n        <strong class=\"article-section\" data-section=\"katso\"><br \/>\n            katso<br \/>\n        <\/strong><br \/>\n        30.12.2025 05:15\n    <\/p>\n<p>N\u00e4m\u00e4 TTK-opettajat katosivat tv-ruudusta \u2013 miss\u00e4 he ovat nyt?\n    <\/p>\n<p itemprop=\"description\" class=\"subtitle \">\n    Huippusuosittu viihdeohjelma on tuonut julkisuuteen ison m\u00e4\u00e4r\u00e4n tanssin ammattilaisia.\n<\/p>\n<p>        <\/a><\/p>\n<p class=\"article-content article-content-width !bg-background\">Monet ovat kommentoineet ytimekk\u00e4\u00e4sti vain syd\u00e4min.<\/p>\n<p class=\"article-content article-content-width !bg-background\"> \u2013 T\u00e4\u00e4 alku vuosi on l\u00e4htenyt osaltasi kivasti onnea teille rakastavaiset, kirjoittaa muuan mies.<\/p>\n","protected":false},"excerpt":{"rendered":"Anna-Liisa &#8221;Ansku&#8221; Bergstr\u00f6m ja h\u00e4nen kumppaninsa Vantaa Vibin\u2019 -festareilla elokuussa 2025.Seiska\/lukijan kuva Seiskan lukija Ansku ja mystinen &#8221;t\u00f6lkkinainen&#8221;&hellip;\n","protected":false},"author":2,"featured_media":139350,"comment_status":"","ping_status":"","sticky":false,"template":"","format":"standard","meta":{"footnotes":""},"categories":[136],"tags":[1875,4591,407,1874,137,33,31,30,408,212,32,24164,24165,109],"class_list":{"0":"post-139349","1":"post","2":"type-post","3":"status-publish","4":"format-standard","5":"has-post-thumbnail","7":"category-julkkikset","8":"tag-ansku-bergstrom","9":"tag-avoliitto","10":"tag-celebrities","11":"tag-elina-gustafsson","12":"tag-entertainment","13":"tag-fi","14":"tag-finland","15":"tag-finnish","16":"tag-julkkikset","17":"tag-lifestyle","18":"tag-suomi","19":"tag-tolkkinainen","20":"tag-vantaa-vibin-festivaalit","21":"tag-viihde"},"share_on_mastodon":{"url":"https:\/\/pubeurope.com\/@fi\/115875545320385752","error":""},"_links":{"self":[{"href":"https:\/\/www.europesays.com\/fi\/wp-json\/wp\/v2\/posts\/139349","targetHints":{"allow":["GET"]}}],"collection":[{"href":"https:\/\/www.europesays.com\/fi\/wp-json\/wp\/v2\/posts"}],"about":[{"href":"https:\/\/www.europesays.com\/fi\/wp-json\/wp\/v2\/types\/post"}],"author":[{"embeddable":true,"href":"https:\/\/www.europesays.com\/fi\/wp-json\/wp\/v2\/users\/2"}],"replies":[{"embeddable":true,"href":"https:\/\/www.europesays.com\/fi\/wp-json\/wp\/v2\/comments?post=139349"}],"version-history":[{"count":0,"href":"https:\/\/www.europesays.com\/fi\/wp-json\/wp\/v2\/posts\/139349\/revisions"}],"wp:featuredmedia":[{"embeddable":true,"href":"https:\/\/www.europesays.com\/fi\/wp-json\/wp\/v2\/media\/139350"}],"wp:attachment":[{"href":"https:\/\/www.europesays.com\/fi\/wp-json\/wp\/v2\/media?parent=139349"}],"wp:term":[{"taxonomy":"category","embeddable":true,"href":"https:\/\/www.europesays.com\/fi\/wp-json\/wp\/v2\/categories?post=139349"},{"taxonomy":"post_tag","embeddable":true,"href":"https:\/\/www.europesays.com\/fi\/wp-json\/wp\/v2\/tags?post=139349"}],"curies":[{"name":"wp","href":"https:\/\/api.w.org\/{rel}","templated":true}]}}