{"id":139351,"date":"2026-01-11T08:40:08","date_gmt":"2026-01-11T08:40:08","guid":{"rendered":"https:\/\/www.europesays.com\/fi\/139351\/"},"modified":"2026-01-11T08:40:08","modified_gmt":"2026-01-11T08:40:08","slug":"nyt-on-minunkin-yle-vero-mennyt-oikeaan-paikkaan","status":"publish","type":"post","link":"https:\/\/www.europesays.com\/fi\/139351\/","title":{"rendered":"\u201dNyt on minunkin Yle-vero mennyt oikeaan paikkaan\u201d"},"content":{"rendered":"<p>Fiktiivisess\u00e4 Kylm\u00e4 kausi -sarjassa uppoudutaan hiihtomaajoukkueen synkkiin kulisseihin.<\/p>\n<p><img decoding=\"async\" class=\"image image-show image-preview\" src=\"https:\/\/www.europesays.com\/fi\/wp-content\/uploads\/2026\/01\/7e5d6a8acf12f615ae1c9d737b26416ed9581723efe22926d5de2a449d45264f.jpg\" alt=\"\"\/><img decoding=\"async\" class=\"image image-show\" src=\"https:\/\/www.europesays.com\/fi\/wp-content\/uploads\/2026\/01\/1768120808_331_7e5d6a8acf12f615ae1c9d737b26416ed9581723efe22926d5de2a449d45264f.jpg\" alt=\"\"\/><\/p>\n<p>Kylm\u00e4 kausi -sarjaa t\u00e4hditt\u00e4\u00e4 Roosa S\u00f6derholm. NUMI NUMMELIN, Yle<\/p>\n<p class=\"paragraph\">Vuodenvaihteessa p\u00e4iv\u00e4nvalon n\u00e4ki Ylen uusi kotimainen psykologinen trilleri Kylm\u00e4 kausi. Fiktiivisess\u00e4 sarjassa seurataan Suomen maajoukkuehiiht\u00e4ji\u00e4, joiden keskin\u00e4isess\u00e4 kilpailussa ei kaihdeta keinoja.<\/p>\n<p class=\"paragraph\">Sarjauutuus on noussut nopeasti katsojien suosioon. Viime sunnuntaina Kylm\u00e4n kauden ensimm\u00e4inen jakso ker\u00e4si TV1:ll\u00e4 l\u00e4hes 330 000 katsojan keskikatsojam\u00e4\u00e4r\u00e4n.<\/p>\n<p class=\"paragraph\">Sarja on ker\u00e4nnyt katsojilta runsaasti kehuja muun muassa Facebookin puolella. Yksi Kylm\u00e4n kauden ylist\u00e4jist\u00e4 on omista luonto-ohjelmistaan tuttu toimittaja <strong>Mikko \u201dPeltsi\u201d Peltola<\/strong>.<\/p>\n<p class=\"paragraph\">\u2013 Aivan hiivatin hyv\u00e4 sarja! Ja siis muutenkin kuin vain hiihdon osalta, Peltola kirjoittaa Ylen julkisen <a href=\"https:\/\/www.facebook.com\/reel\/1625224295315837\" target=\"_blank\" rel=\"noopener nofollow\">Facebook-p\u00e4ivityksen<\/a> kommentteihin.<\/p>\n<p class=\"paragraph\">My\u00f6s muut julkaisun kommentoijat ovat samoilla linjoilla.<\/p>\n<p class=\"paragraph\">\u2013 Kaikki katsottu, olipa koukuttava sarja.<\/p>\n<p class=\"paragraph\">\u2013 Ajattelin, ett\u00e4 katson vain yhden jakson, mutta hups&#8230; tulikin katsottua kaikki. Suosittelen.<\/p>\n<p class=\"paragraph\">\u2013 Hienoa, ett\u00e4 Yle on tehnyt t\u00e4st\u00e4 v\u00e4hemm\u00e4n julkisuudessa olleesta naishiiht\u00e4jien kurimuksesta oman, hienon ja raadollisen sarjan kaikkine ihmissuhteineen. Nyt on minunkin Yle-vero mennyt oikeaan paikkaan.<\/p>\n<p>Mariaa n\u00e4yttelev\u00e4 Sannah Negerg\u00e5rd n\u00e4htiin viime kes\u00e4n\u00e4 Ylell\u00e4 esitetyss\u00e4 Naapurin poika -sarjassa. NUMI NUMMELIN, Yle<\/p>\n<p class=\"paragraph\">Kylm\u00e4n kauden p\u00e4\u00e4henkil\u00f6n\u00e4 n\u00e4hd\u00e4\u00e4n <strong>Roosa S\u00f6derholmin<\/strong> n\u00e4yttelem\u00e4 Anna. Huippuhiiht\u00e4j\u00e4ksi pyrkiv\u00e4n Annan vuosien uurastus saa tyrm\u00e4yksen, kun h\u00e4n menett\u00e4\u00e4 paikkansa maajoukkueessa. Luovuttamaan kykenem\u00e4t\u00f6n Anna taistelee itselleen valmennuspaikan pahimman kilpakumppaninsa Marian (<strong>Sannah Nederg\u00e5rd<\/strong>) rinnalla ja k\u00e4\u00e4nt\u00e4\u00e4 samalla selk\u00e4ns\u00e4 omalle valmentaja-aviomiehelleen.<\/p>\n<p class=\"paragraph\">T\u00e4n\u00e4\u00e4n TV1:ll\u00e4 n\u00e4hd\u00e4\u00e4n sarjan toinen jakso. Anna ajaa itsens\u00e4 \u00e4\u00e4rirajoille kovien tulosten per\u00e4ss\u00e4. Samalla h\u00e4n yritt\u00e4\u00e4 selvitt\u00e4\u00e4, mit\u00e4 Marian entiselle kilpakumppanille Adalle tapahtui. Samaa pohtii media.<\/p>\n<p class=\"paragraph\">Kylm\u00e4 kausi t\u00e4n\u00e4\u00e4n TV1:ll\u00e4 kello 21.00 &amp; Areenassa. <a href=\"https:\/\/www.iltalehti.fi\/telkku\/\" rel=\"nofollow noopener\" target=\"_blank\">Katso kaikki\u00a0TV-ohjelmat ja l\u00e4hetysajat Telkun TV-oppaasta<\/a>.<\/p>\n","protected":false},"excerpt":{"rendered":"Fiktiivisess\u00e4 Kylm\u00e4 kausi -sarjassa uppoudutaan hiihtomaajoukkueen synkkiin kulisseihin. Kylm\u00e4 kausi -sarjaa t\u00e4hditt\u00e4\u00e4 Roosa S\u00f6derholm. NUMI NUMMELIN, Yle Vuodenvaihteessa&hellip;\n","protected":false},"author":2,"featured_media":139352,"comment_status":"","ping_status":"","sticky":false,"template":"","format":"standard","meta":{"footnotes":""},"categories":[158],"tags":[35,153,33,31,30,41,979,159,32,1145,140,160],"class_list":{"0":"post-139351","1":"post","2":"type-post","3":"status-publish","4":"format-standard","5":"has-post-thumbnail","7":"category-urheilu","8":"tag-24h","9":"tag-audiovisuaalinen-media","10":"tag-fi","11":"tag-finland","12":"tag-finnish","13":"tag-liikunta-ja-urheilu","14":"tag-sahkoinen-media","15":"tag-sports","16":"tag-suomi","17":"tag-talviurheilu","18":"tag-tv-ja-elokuvat","19":"tag-urheilu"},"share_on_mastodon":{"url":"https:\/\/pubeurope.com\/@fi\/115875573015202231","error":""},"_links":{"self":[{"href":"https:\/\/www.europesays.com\/fi\/wp-json\/wp\/v2\/posts\/139351","targetHints":{"allow":["GET"]}}],"collection":[{"href":"https:\/\/www.europesays.com\/fi\/wp-json\/wp\/v2\/posts"}],"about":[{"href":"https:\/\/www.europesays.com\/fi\/wp-json\/wp\/v2\/types\/post"}],"author":[{"embeddable":true,"href":"https:\/\/www.europesays.com\/fi\/wp-json\/wp\/v2\/users\/2"}],"replies":[{"embeddable":true,"href":"https:\/\/www.europesays.com\/fi\/wp-json\/wp\/v2\/comments?post=139351"}],"version-history":[{"count":0,"href":"https:\/\/www.europesays.com\/fi\/wp-json\/wp\/v2\/posts\/139351\/revisions"}],"wp:featuredmedia":[{"embeddable":true,"href":"https:\/\/www.europesays.com\/fi\/wp-json\/wp\/v2\/media\/139352"}],"wp:attachment":[{"href":"https:\/\/www.europesays.com\/fi\/wp-json\/wp\/v2\/media?parent=139351"}],"wp:term":[{"taxonomy":"category","embeddable":true,"href":"https:\/\/www.europesays.com\/fi\/wp-json\/wp\/v2\/categories?post=139351"},{"taxonomy":"post_tag","embeddable":true,"href":"https:\/\/www.europesays.com\/fi\/wp-json\/wp\/v2\/tags?post=139351"}],"curies":[{"name":"wp","href":"https:\/\/api.w.org\/{rel}","templated":true}]}}