{"id":139353,"date":"2026-01-11T08:41:07","date_gmt":"2026-01-11T08:41:07","guid":{"rendered":"https:\/\/www.europesays.com\/fi\/139353\/"},"modified":"2026-01-11T08:41:07","modified_gmt":"2026-01-11T08:41:07","slug":"palovammoja-amazing-racessa-saanut-karoliina-tuominen-julkaisi-kuvan-jaloistaan-some-kauhistui","status":"publish","type":"post","link":"https:\/\/www.europesays.com\/fi\/139353\/","title":{"rendered":"Palovammoja Amazing Racessa saanut Karoliina Tuominen julkaisi kuvan jaloistaan \u2013 some kauhistui"},"content":{"rendered":"<p>Karoliina Tuominen sai pahoja palovammoja Amazing Race Suomen teht\u00e4v\u00e4st\u00e4.<\/p>\n<p>My\u00f6s muut hetket ovat kohauttaneet kauden aikana &#8211; Maria Guzeninan hermostuminen taksikuskille her\u00e4tti puhetta somessa<\/p>\n<p class=\"article-body mb-nof-24 px-nof-16\">Kilpailureality Amazing Race Suomen uusimmassa jaksossa kilpailijat k\u00e4veliv\u00e4t tulisilla hiilill\u00e4.<\/p>\n<p class=\"article-body mb-nof-24 px-nof-16\">Hiilet olivat kuitenkin liian kuumia siin\u00e4 kohtaa, kun osa kilpailijoista ryhtyi suorittamaan teht\u00e4v\u00e4\u00e4. Radiojuontaja <a class=\"font-bold underline-offset-[0.12em] [text-decoration:var(--person-link-text-decoration)] ![text-decoration-color:var(--person-link-text-decoration-color)]\" href=\"https:\/\/www.is.fi\/haku\/?query=Karoliina%20Tuominen\" rel=\"nofollow noopener\" target=\"_blank\">Karoliina Tuominen<\/a> kertoi <a class=\"underline underline-offset-[0.12em] [text-decoration-thickness:var(--generic-link-underline-thickness)] [text-decoration-color:var(--generic-link-underline-color)] [text-decoration-skip-ink:var(--generic-link-underline-skip-ink)] break-words\" href=\"https:\/\/www.supla.fi\/episode\/eb1ac065-6664-4bba-b197-d6dd47e0c7c2\" rel=\"nofollow noopener\" target=\"_blank\">Amazing-podcastissa<\/a> j\u00e4rkyttyneens\u00e4 n\u00e4hty\u00e4\u00e4n jalkapohjansa teht\u00e4v\u00e4n j\u00e4lkeen ja k\u00e4yneens\u00e4 n\u00e4ytt\u00e4m\u00e4ss\u00e4 palovammojaan paikallisessa ensiavussa.<\/p>\n<p class=\"article-body mb-nof-24 px-nof-16\">Lauantaina Tuominen julkaisi Instagramiin kuvan siteiden peitossa olevista jalkapohjistaan. Kuvassa Tuominen poseeraa ikkunan edess\u00e4.<\/p>\n<p class=\"article-body mb-nof-24 px-nof-16\">Vammoista huolimatta Tuominen on l\u00f6yt\u00e4nyt huumoria tilanteesta. H\u00e4n on liitt\u00e4nyt julkaisuunsa kuvan laulaja<a class=\"font-bold underline-offset-[0.12em] [text-decoration:var(--person-link-text-decoration)] ![text-decoration-color:var(--person-link-text-decoration-color)]\" href=\"https:\/\/www.is.fi\/haku\/?query=%20Pehmoainon\" rel=\"nofollow noopener\" target=\"_blank\"> Pehmoainon<\/a> viime vuoden Emma-gaalan asusta. Pehmoaino poseerasi kameroille punaisella matolla mekkonsa helmaa nostaen. Alta paljastuivat jonkinlaisten laastareiden tai teippien peitossa olleet jalat. My\u00f6s sukkahousut vaikuttivat revenneen.<\/p>\n<p class=\"article-body mb-nof-24 px-nof-16\">Tuominen vertaa siteit\u00e4\u00e4n Pehmoainon juhlalookiin.<\/p>\n<p class=\"article-body mb-nof-24 px-nof-16\">\u2013 Pehmoaino goes Nepal, Tuominen heitt\u00e4\u00e4.<\/p>\n<p class=\"article-body mb-nof-24 px-nof-16\">\u2013 Ik\u00e4v\u00e4 tapaturma reissussa, mut niill\u00e4 menn\u00e4\u00e4n eteenp\u00e4in mit\u00e4 on annettu ja t\u00e4ll\u00e4 kertaa annettiin hiiltyneet jalat, h\u00e4n jatkaa.<\/p>\n<p class=\"article-body mb-nof-24 px-nof-16\">H\u00e4n korostaa julkaisussaan, ett\u00e4 asia k\u00e4ytiin l\u00e4pi tuotannon kanssa ja h\u00e4n on kiitollinen hoidosta, jota sai paikan p\u00e4\u00e4ll\u00e4.<\/p>\n<p class=\"article-body mb-nof-24 px-nof-16\">\u2013 Ps. jos joku tiet\u00e4\u00e4 hyvi\u00e4 jalkahoitoja niin hmu. Pps. seuraavat jalkakuvat menee maksumuurin taa, Tuominen sutkauttaa.<\/p>\n<p class=\"article-body mb-nof-24 px-nof-16\">Tuomisen seuraajat ovat kauhistelleet vammoja kommenttikent\u00e4ss\u00e4.<\/p>\n<p class=\"article-body mb-nof-24 px-nof-16\">\u2013 Siis j\u00e4rkytt\u00e4v\u00e4\u00e4, juontaja <a class=\"font-bold underline-offset-[0.12em] [text-decoration:var(--person-link-text-decoration)] ![text-decoration-color:var(--person-link-text-decoration-color)]\" href=\"https:\/\/www.is.fi\/haku\/?query=Maria%20Veitola\" rel=\"nofollow noopener\" target=\"_blank\">Maria Veitola <\/a>p\u00e4ivittelee.<\/p>\n<p class=\"article-body mb-nof-24 px-nof-16\">\u2013 Ihan helvetin perseest\u00e4! toimittaja-kirjailija <a class=\"font-bold underline-offset-[0.12em] [text-decoration:var(--person-link-text-decoration)] ![text-decoration-color:var(--person-link-text-decoration-color)]\" href=\"https:\/\/www.is.fi\/haku\/?query=Ina%20Mikkola\" rel=\"nofollow noopener\" target=\"_blank\">Ina Mikkola <\/a>kirjoittaa.<\/p>\n<p class=\"article-body mb-nof-24 px-nof-16\">\u2013 Niin inhottavaa. En k\u00e4sit\u00e4, miten vaarallinen meininki, joka voi aiheuttaa pitk\u00e4aikaisia ongelmia! meikkitaiteilija <a class=\"font-bold underline-offset-[0.12em] [text-decoration:var(--person-link-text-decoration)] ![text-decoration-color:var(--person-link-text-decoration-color)]\" href=\"https:\/\/www.is.fi\/haku\/?query=Aarni%20Mikkola\" rel=\"nofollow noopener\" target=\"_blank\">Aarni Mikkola<\/a> kommentoi.<\/p>\n<p class=\"article-body mb-nof-24 px-nof-16\">\u2013 Se n\u00e4ytti ihan silt\u00e4, ett\u00e4 osalla oli &#8221;kuumemmat&#8221; ne hiilet ja tulet oikein leiskui,yksi seuraaja miettii.<\/p>\n<p class=\"article-body mb-nof-24 px-nof-16\">My\u00f6s Jodel-alustalla on kauhisteltu kilpailijoiden saamia vammoja.<\/p>\n<p class=\"article-body mb-nof-24 px-nof-16\">\u2013 Miten voi olla tuollainen osallistujien terveyden vaarantava teht\u00e4v\u00e4 ohjelmassa? Saisivat mietti\u00e4 uudelleen t\u00e4m\u00e4n kauden teht\u00e4vi\u00e4.<\/p>\n<p class=\"article-body mb-nof-24 px-nof-16\">\u2013 Aika brutaaleilta kuulostaa noi vammat.<\/p>\n<p><img decoding=\"async\" src=\"https:\/\/www.europesays.com\/fi\/wp-content\/uploads\/2026\/01\/1768120867_335_468.jpg\" alt=\"My\u00f6s Sara Sieppi ja Artturi Sieppi saivat palovammoja teht\u00e4v\u00e4st\u00e4.\" class=\"_Img_1rerz_1\" style=\"aspect-ratio:1.5011727912431587\" loading=\"eager\"\/><\/p>\n<p class=\"article-picture-caption\">My\u00f6s Sara Sieppi ja Artturi Sieppi saivat palovammoja teht\u00e4v\u00e4st\u00e4. Kuva:\u00a0Nelonen<\/p>\n<p class=\"article-body mb-nof-24 px-nof-16\">Aiemmin Tuominen k\u00e4vi hiiliteht\u00e4v\u00e4\u00e4 l\u00e4pi kilpaparinsa <a class=\"font-bold underline-offset-[0.12em] [text-decoration:var(--person-link-text-decoration)] ![text-decoration-color:var(--person-link-text-decoration-color)]\" href=\"https:\/\/www.is.fi\/haku\/?query=Mia%20Haatajan\" rel=\"nofollow noopener\" target=\"_blank\">Mia Haatajan<\/a> kanssa Amazing-podcastissa. My\u00f6s somevaikuttaja <a class=\"font-bold underline-offset-[0.12em] [text-decoration:var(--person-link-text-decoration)] ![text-decoration-color:var(--person-link-text-decoration-color)]\" href=\"https:\/\/www.is.fi\/haku\/?query=Sara%20Sieppi\" rel=\"nofollow noopener\" target=\"_blank\">Sara Sieppi<\/a> kertoi jaksossa joutuneensa teht\u00e4v\u00e4n j\u00e4lkeen sairaalaan veljens\u00e4 <a class=\"font-bold underline-offset-[0.12em] [text-decoration:var(--person-link-text-decoration)] ![text-decoration-color:var(--person-link-text-decoration-color)]\" href=\"https:\/\/www.is.fi\/haku\/?query=Artturi%20Siepin\" rel=\"nofollow noopener\" target=\"_blank\">Artturi Siepin<\/a> kanssa, sill\u00e4 he saivat teht\u00e4v\u00e4st\u00e4 pahoja palovammoja jalkapohjiinsa.<\/p>\n<p class=\"article-body mb-nof-24 px-nof-16\">\u2013 Miten t\u00e4t\u00e4 pystyy edes selitt\u00e4m\u00e4\u00e4n? Siin\u00e4 oli siis koko pottuvarpaan kokoinen hiiltynyt reik\u00e4, Tuominen kertoi podcastissa vammoistaan.<\/p>\n<p class=\"article-body mb-nof-24 px-nof-16\">\u2013 Jos m\u00e4 en ihan v\u00e4\u00e4rin muista, m\u00e4 n\u00e4in luuta ja sen ymp\u00e4rill\u00e4 palanutta tuhkaa. Tuhka oli syntynyt siit\u00e4 sun nahkasta ja sitten siin\u00e4 oli vereslihaa my\u00f6s ymp\u00e4rill\u00e4, Haataja kuvaili podcastissa.<\/p>\n<p class=\"article-body mb-nof-24 px-nof-16\"><a class=\"underline underline-offset-[0.12em] [text-decoration-thickness:var(--generic-link-underline-thickness)] [text-decoration-color:var(--generic-link-underline-color)] [text-decoration-skip-ink:var(--generic-link-underline-skip-ink)] break-words\" href=\"https:\/\/www.hs.fi\/kulttuuri\/art-2000011730901.html\" rel=\"nofollow noopener\" target=\"_blank\">Helsingin Sanomat<\/a> tavoitti ohjelman toisen vastaavan tuottajan, Moskito Televisionin <a class=\"font-bold underline-offset-[0.12em] [text-decoration:var(--person-link-text-decoration)] ![text-decoration-color:var(--person-link-text-decoration-color)]\" href=\"https:\/\/www.is.fi\/haku\/?query=Pauliina%20Koutalan\" rel=\"nofollow noopener\" target=\"_blank\">Pauliina Koutalan<\/a>. H\u00e4nen mukaansa kyseess\u00e4 oli hyvin testattu ja aiemminkin toteutettu teht\u00e4v\u00e4.<\/p>\n<p class=\"article-body mb-nof-24 px-nof-16\">\u2013\u2009Varmuudella emme pysty sanomaan mit\u00e4\u00e4n, mutta on ilmiselv\u00e4\u00e4, ett\u00e4 n\u00e4iden kahden parin (Siepit sek\u00e4 Tuominen ja Haataja) kohdalla hiilet ovat olleet liian kuumia, Koutala sanoi lehdelle l\u00e4hett\u00e4m\u00e4ss\u00e4\u00e4n s\u00e4hk\u00f6postiviestiss\u00e4.<\/p>\n<p class=\"article-body mb-nof-24 px-nof-16\">Koutalan mukaan jokaisella teht\u00e4v\u00e4paikalla on aina suomalainen tuotannon j\u00e4sen, joka vastaa paitsi teht\u00e4v\u00e4n sujumisesta sovitun mukaisesti my\u00f6s tuomaroinnista.<\/p>\n<p class=\"article-body nof-ui-body-medium mb-nof-24 px-nof-16\">Amazing Race Suomi n\u00e4hd\u00e4\u00e4n Ruutu+:ssa ja Nelosella lauantaisin klo 19.30. Ilta-Sanomat, Ruutu ja Nelonen kuuluvat samaan Sanoma-konserniin.<\/p>\n","protected":false},"excerpt":{"rendered":"Karoliina Tuominen sai pahoja palovammoja Amazing Race Suomen teht\u00e4v\u00e4st\u00e4. My\u00f6s muut hetket ovat kohauttaneet kauden aikana &#8211; Maria&hellip;\n","protected":false},"author":2,"featured_media":139354,"comment_status":"","ping_status":"","sticky":false,"template":"","format":"standard","meta":{"footnotes":""},"categories":[130],"tags":[137,33,31,30,34,32,109],"class_list":{"0":"post-139353","1":"post","2":"type-post","3":"status-publish","4":"format-standard","5":"has-post-thumbnail","7":"category-viihde","8":"tag-entertainment","9":"tag-fi","10":"tag-finland","11":"tag-finnish","12":"tag-ilta-sanomat","13":"tag-suomi","14":"tag-viihde"},"share_on_mastodon":{"url":"https:\/\/pubeurope.com\/@fi\/115875576701648272","error":""},"_links":{"self":[{"href":"https:\/\/www.europesays.com\/fi\/wp-json\/wp\/v2\/posts\/139353","targetHints":{"allow":["GET"]}}],"collection":[{"href":"https:\/\/www.europesays.com\/fi\/wp-json\/wp\/v2\/posts"}],"about":[{"href":"https:\/\/www.europesays.com\/fi\/wp-json\/wp\/v2\/types\/post"}],"author":[{"embeddable":true,"href":"https:\/\/www.europesays.com\/fi\/wp-json\/wp\/v2\/users\/2"}],"replies":[{"embeddable":true,"href":"https:\/\/www.europesays.com\/fi\/wp-json\/wp\/v2\/comments?post=139353"}],"version-history":[{"count":0,"href":"https:\/\/www.europesays.com\/fi\/wp-json\/wp\/v2\/posts\/139353\/revisions"}],"wp:featuredmedia":[{"embeddable":true,"href":"https:\/\/www.europesays.com\/fi\/wp-json\/wp\/v2\/media\/139354"}],"wp:attachment":[{"href":"https:\/\/www.europesays.com\/fi\/wp-json\/wp\/v2\/media?parent=139353"}],"wp:term":[{"taxonomy":"category","embeddable":true,"href":"https:\/\/www.europesays.com\/fi\/wp-json\/wp\/v2\/categories?post=139353"},{"taxonomy":"post_tag","embeddable":true,"href":"https:\/\/www.europesays.com\/fi\/wp-json\/wp\/v2\/tags?post=139353"}],"curies":[{"name":"wp","href":"https:\/\/api.w.org\/{rel}","templated":true}]}}