{"id":139357,"date":"2026-01-11T08:45:14","date_gmt":"2026-01-11T08:45:14","guid":{"rendered":"https:\/\/www.europesays.com\/fi\/139357\/"},"modified":"2026-01-11T08:45:14","modified_gmt":"2026-01-11T08:45:14","slug":"nobel-instituutti-kauhuissaan-rauhanpalkinnon-saaja-aikoo-luovuttaa-palkintonsa-trumpille-uutissuomalainen-4","status":"publish","type":"post","link":"https:\/\/www.europesays.com\/fi\/139357\/","title":{"rendered":"Nobel-instituutti kauhuissaan: rauhanpalkinnon saaja aikoo luovuttaa palkintonsa Trumpille | Uutissuomalainen"},"content":{"rendered":"<p>Venezuelan oppositiojohtajan <strong>Mar\u00eda Corina Machadon <\/strong>ensi viikolla toteutuvalta Washingtonin-vierailulta odotetaan konkreettisia tietoja Venezuelan diktatuurihallinnon purkamisen aikataulusta mutta my\u00f6s selvyytt\u00e4 siihen, aikooko Machado todella luovuttaa viime vuonna saamansa Nobelin-rauhanpalkinnon Yhdysvaltain presidentille <strong>Donald Trumpille.<\/strong><\/p>\n<p>Trump totesi torstai-iltana eli perjantaiaamuna Suomen aikaa Fox News -kanavan <strong>Sean Hannityn<\/strong> haastattelussa, ett\u00e4 palkinnon vastaanottaminen olisi h\u00e4nelle \u201dsuuri kunnia\u201d, jos Machado haluaa palkintonsa jakaa. Trump my\u00f6s vahvisti, ett\u00e4 Machadon vierailu on todella toteutumassa.<\/p>\n<p>Machado puolestaan vahvisti jo viime maanantaina niin ik\u00e4\u00e4n Fox Newsin haastattelussa olevansa valmis palkinnon luovuttamiseen tai jakamiseen Trumpin kanssa.<\/p>\n<p>\u2013 Uskon, ett\u00e4 h\u00e4n olisi ansainnut sen jo lokakuussa. Ajatelkaa nyt. Minusta h\u00e4n on osoittanut maailmalle, mit\u00e4 h\u00e4n tarkoittaa. Tarkoitan, ett\u00e4 tammikuun 3. p\u00e4iv\u00e4 j\u00e4\u00e4 historiaan p\u00e4iv\u00e4n\u00e4, jolloin oikeus voitti tyrannian. Se oli virstanpylv\u00e4s, Machado ylisti viitaten Venezuelan diktaattorin <strong>Nicolas Maduron<\/strong> vangitsemiseen.<\/p>\n","protected":false},"excerpt":{"rendered":"Venezuelan oppositiojohtajan Mar\u00eda Corina Machadon ensi viikolla toteutuvalta Washingtonin-vierailulta odotetaan konkreettisia tietoja Venezuelan diktatuurihallinnon purkamisen aikataulusta mutta my\u00f6s&hellip;\n","protected":false},"author":2,"featured_media":139358,"comment_status":"","ping_status":"","sticky":false,"template":"","format":"standard","meta":{"footnotes":""},"categories":[14],"tags":[22,23,585,26,27,33,31,30,17,24,25,28,29,15,18,21,142,637,144,2625,32,19,20,56,16,59,60,61,143],"class_list":{"0":"post-139357","1":"post","2":"type-post","3":"status-publish","4":"format-standard","5":"has-post-thumbnail","7":"category-ulkomaat","8":"tag-breaking-news","9":"tag-breakingnews","10":"tag-donald-trump","11":"tag-featured-news","12":"tag-featurednews","13":"tag-fi","14":"tag-finland","15":"tag-finnish","16":"tag-headlines","17":"tag-latest-news","18":"tag-latestnews","19":"tag-main-news","20":"tag-mainnews","21":"tag-news","22":"tag-otsikot","23":"tag-paauutiset","24":"tag-poliitikot","25":"tag-politiikka","26":"tag-presidentti","27":"tag-sotahistoria","28":"tag-suomi","29":"tag-top-stories","30":"tag-topstories","31":"tag-ulkomaat","32":"tag-uutiset","33":"tag-world","34":"tag-world-news","35":"tag-worldnews","36":"tag-yhdysvaltain-politiikka"},"share_on_mastodon":{"url":"https:\/\/pubeurope.com\/@fi\/115875592496706995","error":""},"_links":{"self":[{"href":"https:\/\/www.europesays.com\/fi\/wp-json\/wp\/v2\/posts\/139357","targetHints":{"allow":["GET"]}}],"collection":[{"href":"https:\/\/www.europesays.com\/fi\/wp-json\/wp\/v2\/posts"}],"about":[{"href":"https:\/\/www.europesays.com\/fi\/wp-json\/wp\/v2\/types\/post"}],"author":[{"embeddable":true,"href":"https:\/\/www.europesays.com\/fi\/wp-json\/wp\/v2\/users\/2"}],"replies":[{"embeddable":true,"href":"https:\/\/www.europesays.com\/fi\/wp-json\/wp\/v2\/comments?post=139357"}],"version-history":[{"count":0,"href":"https:\/\/www.europesays.com\/fi\/wp-json\/wp\/v2\/posts\/139357\/revisions"}],"wp:featuredmedia":[{"embeddable":true,"href":"https:\/\/www.europesays.com\/fi\/wp-json\/wp\/v2\/media\/139358"}],"wp:attachment":[{"href":"https:\/\/www.europesays.com\/fi\/wp-json\/wp\/v2\/media?parent=139357"}],"wp:term":[{"taxonomy":"category","embeddable":true,"href":"https:\/\/www.europesays.com\/fi\/wp-json\/wp\/v2\/categories?post=139357"},{"taxonomy":"post_tag","embeddable":true,"href":"https:\/\/www.europesays.com\/fi\/wp-json\/wp\/v2\/tags?post=139357"}],"curies":[{"name":"wp","href":"https:\/\/api.w.org\/{rel}","templated":true}]}}