{"id":139361,"date":"2026-01-11T08:47:09","date_gmt":"2026-01-11T08:47:09","guid":{"rendered":"https:\/\/www.europesays.com\/fi\/139361\/"},"modified":"2026-01-11T08:47:09","modified_gmt":"2026-01-11T08:47:09","slug":"huono-ajokeli-maan-etela-ja-keskiosissa","status":"publish","type":"post","link":"https:\/\/www.europesays.com\/fi\/139361\/","title":{"rendered":"Huono ajokeli maan etel\u00e4- ja keskiosissa"},"content":{"rendered":"<p>Liikenne|Lumisade, p\u00f6lly\u00e4v\u00e4 lumi ja liukkaus heikent\u00e4v\u00e4t ajokeli\u00e4 sunnuntaina.<\/p>\n<p class=\"article-body mb-nof-24 px-nof-16\">Fintraffic on antanut laajalti varoituksen huonosta ajokelist\u00e4 aina etel\u00e4isest\u00e4 Suomesta maan keskiosiin asti. Varoitus ulottuu aina Kokkolan ja Iisalmen korkeudelle asti.<\/p>\n<p class=\"article-body mb-nof-24 px-nof-16\">Varoituksen mukaan lumisade, p\u00f6lly\u00e4v\u00e4 lumi sek\u00e4 s\u00e4\u00e4n lauhtumisen aiheuttama liukkaus heikent\u00e4v\u00e4t ajokeli\u00e4. Huonon ajokelin odotetaan jatkuvan iltap\u00e4iv\u00e4\u00e4n asti.<\/p>\n<p class=\"article-body mb-nof-24 px-nof-16\">Aamulla noin kello viiden j\u00e4lkeen H\u00e4meenlinnanv\u00e4yl\u00e4ll\u00e4 Hyvink\u00e4\u00e4ll\u00e4 tiedotettiin liikenneonnettomuudesta.<\/p>\n<p class=\"article-body mb-nof-24 px-nof-16\">Kovat pakkaset ovat lauhtumassa koko Suomessa v\u00e4hitellen. Etel\u00e4ss\u00e4 pakkaslukemat k\u00e4\u00e4ntyv\u00e4t yksinumeroisiksi jo viikonlopun aikana.<\/p>\n","protected":false},"excerpt":{"rendered":"Liikenne|Lumisade, p\u00f6lly\u00e4v\u00e4 lumi ja liukkaus heikent\u00e4v\u00e4t ajokeli\u00e4 sunnuntaina. Fintraffic on antanut laajalti varoituksen huonosta ajokelist\u00e4 aina etel\u00e4isest\u00e4 Suomesta&hellip;\n","protected":false},"author":2,"featured_media":139362,"comment_status":"","ping_status":"","sticky":false,"template":"","format":"standard","meta":{"footnotes":""},"categories":[5],"tags":[22,23,26,27,33,31,30,17,46,24,25,28,29,15,18,21,32,19,20,16],"class_list":{"0":"post-139361","1":"post","2":"type-post","3":"status-publish","4":"format-standard","5":"has-post-thumbnail","7":"category-otsikot","8":"tag-breaking-news","9":"tag-breakingnews","10":"tag-featured-news","11":"tag-featurednews","12":"tag-fi","13":"tag-finland","14":"tag-finnish","15":"tag-headlines","16":"tag-helsingin-sanomat","17":"tag-latest-news","18":"tag-latestnews","19":"tag-main-news","20":"tag-mainnews","21":"tag-news","22":"tag-otsikot","23":"tag-paauutiset","24":"tag-suomi","25":"tag-top-stories","26":"tag-topstories","27":"tag-uutiset"},"share_on_mastodon":{"url":"https:\/\/pubeurope.com\/@fi\/115875600340315293","error":""},"_links":{"self":[{"href":"https:\/\/www.europesays.com\/fi\/wp-json\/wp\/v2\/posts\/139361","targetHints":{"allow":["GET"]}}],"collection":[{"href":"https:\/\/www.europesays.com\/fi\/wp-json\/wp\/v2\/posts"}],"about":[{"href":"https:\/\/www.europesays.com\/fi\/wp-json\/wp\/v2\/types\/post"}],"author":[{"embeddable":true,"href":"https:\/\/www.europesays.com\/fi\/wp-json\/wp\/v2\/users\/2"}],"replies":[{"embeddable":true,"href":"https:\/\/www.europesays.com\/fi\/wp-json\/wp\/v2\/comments?post=139361"}],"version-history":[{"count":0,"href":"https:\/\/www.europesays.com\/fi\/wp-json\/wp\/v2\/posts\/139361\/revisions"}],"wp:featuredmedia":[{"embeddable":true,"href":"https:\/\/www.europesays.com\/fi\/wp-json\/wp\/v2\/media\/139362"}],"wp:attachment":[{"href":"https:\/\/www.europesays.com\/fi\/wp-json\/wp\/v2\/media?parent=139361"}],"wp:term":[{"taxonomy":"category","embeddable":true,"href":"https:\/\/www.europesays.com\/fi\/wp-json\/wp\/v2\/categories?post=139361"},{"taxonomy":"post_tag","embeddable":true,"href":"https:\/\/www.europesays.com\/fi\/wp-json\/wp\/v2\/tags?post=139361"}],"curies":[{"name":"wp","href":"https:\/\/api.w.org\/{rel}","templated":true}]}}