{"id":139365,"date":"2026-01-11T08:59:08","date_gmt":"2026-01-11T08:59:08","guid":{"rendered":"https:\/\/www.europesays.com\/fi\/139365\/"},"modified":"2026-01-11T08:59:08","modified_gmt":"2026-01-11T08:59:08","slug":"frans-frangen-syytettyna-rikoksesta-seiska","status":"publish","type":"post","link":"https:\/\/www.europesays.com\/fi\/139365\/","title":{"rendered":"Frans Frang\u00e9n syytettyn\u00e4 rikoksesta | Seiska"},"content":{"rendered":"<p>            Frans Frang\u00e9nin kotisivut, Elokapina\n        <\/p>\n<p class=\"subtitle \">Frans Frang\u00e9n on joutunut tekemisiin virkavallan kanssa.<\/p>\n<p class=\"article-content article-content-width !bg-background\"> syytet\u00e4\u00e4n rikoksesta Helsingin k\u00e4r\u00e4j\u00e4oikeudessa.<\/p>\n<p class=\"article-content article-content-width !bg-background\">K\u00e4r\u00e4j\u00e4oikeudesta selvi\u00e4\u00e4, ett\u00e4 Fransia sek\u00e4 yhdeks\u00e4\u00e4 muuta henkil\u00f6\u00e4 syytet\u00e4\u00e4n niskoittelusta poliisia vastaan saman tapauksen tiimoilta.<\/p>\n<p class=\"article-content article-content-width !bg-background\">Tekoaika on 9. kes\u00e4kuuta 2025 ja paikka Helsinki.\u00a0Ymp\u00e4rist\u00f6liike Elokapina j\u00e4rjesti kyseisen\u00e4 ajankohtana mielenosoituksensa Helsingin keskustassa.<\/p>\n<p class=\"article-content article-content-width !bg-background\">\u2013 Silt\u00e4h\u00e4n t\u00e4m\u00e4 kuulostaa, n\u00e4ytt\u00e4\u00e4 ja haisee, toteaa Seiskalle k\u00e4r\u00e4j\u00e4sihteeri  viitaten siihen, ett\u00e4 syyte koskisi juuri Elokapinan toimia.<\/p>\n<p>        <a itemprop=\"url\" href=\"https:\/\/www.seiska.fi\/kotimaa\/simo-frangen-ei-anna-pukeutumisvinkkeja-lapselleen-frans-pukeutuu-vanhojen-tansseihin-aitinsa-iltapukuun\/1267005\" rel=\"nofollow noopener\" target=\"_blank\"><\/p>\n<p class=\"section-date\">\n        <strong class=\"article-section\" data-section=\"kotimaa\"><br \/>\n            kotimaa<br \/>\n        <\/strong><br \/>\n        9.2.2024 18:45\n    <\/p>\n<p>Simo Frang\u00e9n ei anna pukeutumisvinkkej\u00e4 lapselleen &#8211; Frans pukeutuu vanhojen tansseihin \u00e4itins\u00e4 iltapukuun\n    <\/p>\n<p itemprop=\"description\" class=\"subtitle \">\n    Nakkilalaisl\u00e4ht\u00f6inen tamperelaiskoomikko ja -juontaja tunnetaan eritt\u00e4in klassisesta pukeutumistyylist\u00e4\u00e4n.\n<\/p>\n<p>        <\/a><\/p>\n<p>                <img decoding=\"async\" src=\"https:\/\/www.europesays.com\/fi\/wp-content\/uploads\/2026\/01\/2041495.webp.jpeg\" width=\"576\" height=\"720\" alt=\"Frans haki viime kev\u00e4\u00e4n kuntavaaleissa Helsingin kunnanvaltuustoon, mutta ei tullut valituksi 277 \u00e4\u00e4nell\u00e4\u00e4n.\" loading=\"lazy\" \/>            <\/p>\n<p>\n            Frans haki viime kev\u00e4\u00e4n kuntavaaleissa Helsingin kunnanvaltuustoon, mutta ei tullut valituksi 277 \u00e4\u00e4nell\u00e4\u00e4n.<br \/>\n            Frans Frang\u00e9nin kotisivut\n        <\/p>\n<p>Rosan ja Simon lapsi<\/p>\n<p class=\"article-content article-content-width !bg-background\">Tapaukselle ei ole viel\u00e4 suunniteltu istuntop\u00e4iv\u00e4\u00e4.<\/p>\n<p class=\"article-content article-content-width !bg-background\">\u2013 Muuta ei oikeastaan t\u00e4ss\u00e4 kohtaa viel\u00e4 voi kertoa, Lauri toteaakin.<\/p>\n<p class=\"article-content article-content-width !bg-background\">Haastehakemus tulee julkiseksi vasta istunnon my\u00f6t\u00e4.<\/p>\n<p class=\"article-content article-content-width !bg-background\">Fransin \u00e4iti on ex-kansanedustaja ja kulttuuri- ja taidealan keskusj\u00e4rjest\u00f6 Kulta ry:n p\u00e4\u00e4sihteeri \u00a0ja is\u00e4 koomikko .<\/p>\n<p>        <a itemprop=\"url\" href=\"https:\/\/www.seiska.fi\/kotimaa\/rosa-merilainen-avoin-rakkaudentunnustus-jaajo-linnonmaalta-hersyva-huomio\/2019022\" rel=\"nofollow noopener\" target=\"_blank\"><\/p>\n<p>\nJaajo Linnonmaalta hersyv\u00e4 huomio\n<\/p>\n<p class=\"section-date\">\n        <strong class=\"article-section\" data-section=\"kotimaa\"><br \/>\n            kotimaa<br \/>\n        <\/strong><br \/>\n        13.12.2025 11:00\n    <\/p>\n<p>Rosa Meril\u00e4inen: Avoin rakkaudentunnustus! Jaajo Linnonmaalta hersyv\u00e4 huomio\n    <\/p>\n<p itemprop=\"description\" class=\"subtitle \">\n    Aiemmin t\u00e4ll\u00e4 viikolla Rosa teki jopa omalla mittapuullaan poikkeuksellisen avoimen rakkaudentunnustuksen omalle \u201dTintilleen\u201d.\n<\/p>\n<p>        <\/a><\/p>\n<p>                <img decoding=\"async\" src=\"https:\/\/www.europesays.com\/fi\/wp-content\/uploads\/2026\/01\/2041509.webp.jpeg\" width=\"576\" height=\"274\" alt=\"Vihreiden ex-kansanedustaja Rosa Meril\u00e4inen on avoimesti tukenut lastaan julkisuudessa tekem\u00e4\u00e4n asioita, kuten parhaakseen n\u00e4kee.\" loading=\"lazy\" \/>            <\/p>\n<p>\n            Vihreiden ex-kansanedustaja Rosa Meril\u00e4inen on avoimesti tukenut lastaan julkisuudessa tekem\u00e4\u00e4n asioita, kuten parhaakseen n\u00e4kee.<br \/>\n            Timo Korhonen\n        <\/p>\n<p class=\"article-content article-content-width !bg-background\">Rosa ja Frans ovat vuosien varrella antaneet yhteishaastatteluja mediassa.<\/p>\n<p class=\"article-content article-content-width !bg-background\">Rosa onkin usein kertonut, ettei usko s\u00e4\u00e4nt\u00f6ihin kasvatuksessa.<\/p>\n<p class=\"article-content article-content-width !bg-background\">\u2013 \u00c4iti halusi pit\u00e4\u00e4 s\u00e4\u00e4nn\u00f6t minimiss\u00e4. Minua ei esimerkiksi kielletty kiroilemasta tai m\u00e4\u00e4r\u00e4tty kampaamaan tukkaa, jos ei huvittanut. Kieltojen sijaan kehotettiin k\u00e4ytt\u00e4m\u00e4\u00e4n j\u00e4rke\u00e4. Oli oikeastaan vain yksi ehdoton s\u00e4\u00e4nt\u00f6: kuolla ei saa. Eli pit\u00e4\u00e4 v\u00e4ltt\u00e4\u00e4 vaaratilanteita, jotka voivat johtaa hengenl\u00e4ht\u00f6\u00f6n, <a href=\"https:\/\/anna.fi\/ihmiset\/rosa-merilainen-ja-frans-frangen?shared%3D621611-b7644c10-1\" target=\"_blank\" rel=\"nofollow noopener\">Frans kertoi Anna-lehdelle kes\u00e4ll\u00e4 2024<\/a>.<\/p>\n<p>        <a itemprop=\"url\" href=\"https:\/\/www.seiska.fi\/kotimaa\/rosa-merilainen-kommentoi-fatim-diarran-vittukohua\/1614335\" rel=\"nofollow noopener\" target=\"_blank\"><\/p>\n<p>\nFatim Diarra\n<\/p>\n<p class=\"section-date\">\n        <strong class=\"article-section\" data-section=\"kotimaa\"><br \/>\n            kotimaa<br \/>\n        <\/strong><br \/>\n        16.2.2025 19:30\n    <\/p>\n<p>Rosa Meril\u00e4inen kommentoi Fatim Diarran \u201dvittukohua\u201d\n    <\/p>\n<p itemprop=\"description\" class=\"subtitle \">\n    Fatim Diarra syytti mediaa rasismista. Viikko sitten lauantaina h\u00e4n ehti sanoa vittu-sanan eri muodoissa per\u00e4ti 11 kertaa 37 sekunnin aikana er\u00e4\u00e4ll\u00e4 videop\u00e4tk\u00e4ll\u00e4.\n<\/p>\n<p>        <\/a><\/p>\n<p>                <img decoding=\"async\" src=\"https:\/\/www.europesays.com\/fi\/wp-content\/uploads\/2026\/01\/2041503.webp.jpeg\" width=\"576\" height=\"384\" alt=\"Elokapinan man\u00f6\u00f6verit ovat her\u00e4tt\u00e4neet ihmisiss\u00e4 suuria tunteita.\" loading=\"lazy\" \/>            <\/p>\n<p>\n            Elokapinan man\u00f6\u00f6verit ovat her\u00e4tt\u00e4neet ihmisiss\u00e4 suuria tunteita.<br \/>\n            Elokapina\n        <\/p>\n<p class=\"article-content article-content-width !bg-background\">\u2013 H\u00e4n rakasti vaaleanpunaista ja erityisesti Hello Kitty -sukkahousuja. Usein n\u00e4in, kuinka muut lapset haastoivat Fransia \u201dv\u00e4\u00e4r\u00e4nlaisesta\u201d pukeutumisesta, Rosa muisteli samaisessa Annan haastattelussa.<\/p>\n<p class=\"article-content article-content-width !bg-background\">Frans her\u00e4tti huomiota alkuvuodesta 2024, kun h\u00e4n pukeutui vanhojen tansseihin \u00e4itins\u00e4 mekkoon.\u00a0<\/p>\n<p class=\"article-content article-content-width !bg-background\">\u2013 K\u00e4yt\u00e4n aika usein hameita. Hame on minusta mukava vaate, <a href=\"https:\/\/www.is.fi\/kotimaa\/art-2000010216481.html\" target=\"_blank\" rel=\"nofollow noopener\">h\u00e4n ruoti tuolloin IS:lle vanhojen tanssien yhteydess\u00e4<\/a>.<\/p>\n<p class=\"article-content article-content-width !bg-background\"> Frans on kertonut haastatteluissa olevansa muunsukupuolinen. <\/p>\n<p>        <a itemprop=\"url\" href=\"https:\/\/www.seiska.fi\/kotimaa\/rosa-merilainen-ja-tuomas-rakas-herattavat-tunteita-laitan-aina-itseni-likoon\/1579744\" rel=\"nofollow noopener\" target=\"_blank\"><\/p>\n<p class=\"section-date\">\n        <strong class=\"article-section\" data-section=\"kotimaa\"><br \/>\n            kotimaa<br \/>\n        <\/strong><br \/>\n        16.1.2025 20:30\n    <\/p>\n<p>Rosa Meril\u00e4inen ja Tuomas-rakas her\u00e4tt\u00e4v\u00e4t tunteita \u2013 &#8221;Laitan aina itseni likoon&#8221;\n    <\/p>\n<p itemprop=\"description\" class=\"subtitle \">\n    Simo Frang\u00e9nin ja Rosan yhteinen lapsi, Frans Frang\u00e9n, on my\u00f6s ollut esill\u00e4 julkisuudessa.\n<\/p>\n<p>        <\/a><\/p>\n<p class=\"article-content article-content-width !bg-background\">Rosa on my\u00f6s tukenut Fransia Elokapina-asioissa.<\/p>\n<p class=\"article-content article-content-width !bg-background\">\u2013 Ilolla ja ylpeydell\u00e4 maksoin juuri lapseni sakot, jotka h\u00e4n sai niskoittelusta poliisia vastaan Elokapinassa, Rosa kirjoitti X:ss\u00e4 kes\u00e4ll\u00e4 2024.<\/p>\n<p class=\"article-content article-content-width !bg-background\">Seiska ei tavoittanut Fransia, eik\u00e4 Rosaa 8. joulukuuta 2025 vireille tulleen syytteen tiimoilta.<\/p>\n<p>                <img decoding=\"async\" src=\"https:\/\/www.europesays.com\/fi\/wp-content\/uploads\/2026\/01\/2041490.webp.jpeg\" width=\"576\" height=\"207\" alt=\"Julkkisparin lasta syytet\u00e4\u00e4n rikoksesta!\" loading=\"lazy\" \/>            <\/p>\n<p>            Kuvakaappaus Rosa Meril\u00e4isen kirjoituksesta X:ss\u00e4\n        <\/p>\n","protected":false},"excerpt":{"rendered":"Frans Frang\u00e9nin kotisivut, Elokapina Frans Frang\u00e9n on joutunut tekemisiin virkavallan kanssa. syytet\u00e4\u00e4n rikoksesta Helsingin k\u00e4r\u00e4j\u00e4oikeudessa. K\u00e4r\u00e4j\u00e4oikeudesta selvi\u00e4\u00e4, ett\u00e4&hellip;\n","protected":false},"author":2,"featured_media":139366,"comment_status":"","ping_status":"","sticky":false,"template":"","format":"standard","meta":{"footnotes":""},"categories":[136],"tags":[407,5503,137,33,31,30,24166,5990,408,38,21096,3719,32,109],"class_list":{"0":"post-139365","1":"post","2":"type-post","3":"status-publish","4":"format-standard","5":"has-post-thumbnail","7":"category-julkkikset","8":"tag-celebrities","9":"tag-elokapina","10":"tag-entertainment","11":"tag-fi","12":"tag-finland","13":"tag-finnish","14":"tag-frans-frangen","15":"tag-helsingin-karajaoikeus","16":"tag-julkkikset","17":"tag-rikos","18":"tag-rosa-merilainen","19":"tag-simo-frangen","20":"tag-suomi","21":"tag-viihde"},"share_on_mastodon":{"url":"https:\/\/pubeurope.com\/@fi\/115875647539578229","error":""},"_links":{"self":[{"href":"https:\/\/www.europesays.com\/fi\/wp-json\/wp\/v2\/posts\/139365","targetHints":{"allow":["GET"]}}],"collection":[{"href":"https:\/\/www.europesays.com\/fi\/wp-json\/wp\/v2\/posts"}],"about":[{"href":"https:\/\/www.europesays.com\/fi\/wp-json\/wp\/v2\/types\/post"}],"author":[{"embeddable":true,"href":"https:\/\/www.europesays.com\/fi\/wp-json\/wp\/v2\/users\/2"}],"replies":[{"embeddable":true,"href":"https:\/\/www.europesays.com\/fi\/wp-json\/wp\/v2\/comments?post=139365"}],"version-history":[{"count":0,"href":"https:\/\/www.europesays.com\/fi\/wp-json\/wp\/v2\/posts\/139365\/revisions"}],"wp:featuredmedia":[{"embeddable":true,"href":"https:\/\/www.europesays.com\/fi\/wp-json\/wp\/v2\/media\/139366"}],"wp:attachment":[{"href":"https:\/\/www.europesays.com\/fi\/wp-json\/wp\/v2\/media?parent=139365"}],"wp:term":[{"taxonomy":"category","embeddable":true,"href":"https:\/\/www.europesays.com\/fi\/wp-json\/wp\/v2\/categories?post=139365"},{"taxonomy":"post_tag","embeddable":true,"href":"https:\/\/www.europesays.com\/fi\/wp-json\/wp\/v2\/tags?post=139365"}],"curies":[{"name":"wp","href":"https:\/\/api.w.org\/{rel}","templated":true}]}}