{"id":139369,"date":"2026-01-11T09:06:06","date_gmt":"2026-01-11T09:06:06","guid":{"rendered":"https:\/\/www.europesays.com\/fi\/139369\/"},"modified":"2026-01-11T09:06:06","modified_gmt":"2026-01-11T09:06:06","slug":"suomi-on-pohjoisen-mielenrauhan-suurvalta-ulkomaisen-median-mielenkiinto-ei-nayta-laantuvan-ulkomaat","status":"publish","type":"post","link":"https:\/\/www.europesays.com\/fi\/139369\/","title":{"rendered":"Suomi on pohjoisen mielenrauhan suurvalta \u2013 ulkomaisen median mielenkiinto ei n\u00e4yt\u00e4 laantuvan | Ulkomaat"},"content":{"rendered":"<p class=\"aw-1gybjub aw-1p7kakr kEtdKx cEmitX yle__article__paragraph\">Suomi on n\u00e4kynyt viime vuosina kansainv\u00e4lisess\u00e4 mediassa kokoaan isompana maana, valtaosin my\u00f6nteisess\u00e4 hengess\u00e4.<\/p>\n<p class=\"aw-1gybjub aw-1p7kakr kEtdKx cEmitX yle__article__paragraph\">Mielenkiinto on vain kasvanut Nato-j\u00e4senyyden ja it\u00e4rajan sulkemisen vuoksi,<a class=\"aw-iao6s4 iHOxEa yle__article__link\" href=\"https:\/\/toolbox.finland.fi\/strategy-research\/finland-in-the-world-media-2022\/\" role=\"link\" rel=\"nofollow noopener\" target=\"_blank\"> kertoo ulkoministeri\u00f6n kokoomaraportti<\/a>. Osumia oli vuonna 2023 yli 600 000. Kiinnostus on sittemmin hieman tasaantunut, mutta mediaryhmi\u00e4 ja somep\u00e4ivityksi\u00e4 riitt\u00e4\u00e4. Kokosimme t\u00e4h\u00e4n muutamia ulkomailla kiinnostaneita aihepiirej\u00e4.<\/p>\n<p>Sisusta vientituote<\/p>\n<p class=\"aw-1gybjub aw-1p7kakr kEtdKx cEmitX yle__article__paragraph\">Matkailusektorilla n\u00e4kyvyytt\u00e4 ovat ainakin<a class=\"aw-iao6s4 iHOxEa yle__article__link\" href=\"https:\/\/yle.fi\/a\/74-20201024\" role=\"link\" rel=\"nofollow noopener\" target=\"_blank\"> hetkellisesti lis\u00e4nneet mielipidevaikuttajat<\/a>. Pohjoisen loma p\u00e4\u00e4tyy somepostauksiin ja sit\u00e4 kautta t\u00e4htien seuraajille.<\/p>\n<p class=\"aw-1gybjub aw-1p7kakr kEtdKx cEmitX yle__article__paragraph\">Pohjoinen resilienssi saa mainintoja. Olemme lumen, j\u00e4\u00e4n ja mielenrauhan suurvalta. <a class=\"aw-iao6s4 iHOxEa yle__article__link\" href=\"https:\/\/www.bbc.com\/travel\/article\/20250106-a-finnish-ironwomans-guide-to-finlands-best-outdoor-icy-plungesh\" role=\"link\" rel=\"nofollow noopener\" target=\"_blank\">Britannian yleisradioyhti\u00f6 BBC esitteli artikkelissaan <\/a>avantouinnin ter\u00e4snaista, <strong class=\"aw-ak79eh KyCXm yle__article__strong\">Elina M\u00e4kist\u00e4<\/strong>.<\/p>\n<p class=\"aw-1gybjub aw-1p7kakr kEtdKx cEmitX yle__article__paragraph\"><a class=\"aw-iao6s4 iHOxEa yle__article__link\" href=\"https:\/\/www.economist.com\/europe\/2025\/10\/30\/the-finnish-lifestyle-philosophy-that-could-save-europe\" role=\"link\" rel=\"nofollow noopener\" target=\"_blank\">Brittil\u00e4inen The Economist-lehti menee viel\u00e4 pidemm\u00e4lle<\/a>. Pohjoinen melankolia ja tyyneys voivat olla jopa esimerkki Euroopalle. Sisu on sekoitus sis\u00e4ist\u00e4 voimaa, p\u00e4\u00e4tt\u00e4v\u00e4isyytt\u00e4 ja sinnikkyytt\u00e4.<\/p>\n<p class=\"aw-1gybjub aw-1p7kakr kEtdKx cEmitX yle__article__paragraph\">My\u00f6s puhdas ruoka ja elintarvikeinnovaatiot saivat tilaa mediassa. <a class=\"aw-iao6s4 iHOxEa yle__article__link\" href=\"https:\/\/www.lefigaro.fr\/sciences\/aliment-du-futur-ou-fausse-solution-en-finlande-on-cultive-une-proteine-avec-de-l-air-20251101\" role=\"link\" rel=\"nofollow noopener\" target=\"_blank\">Ranskalainen Le Figaro -lehti esittelee<\/a> laajassa artikkelissaan Solar Foods-yhti\u00f6n proteiini-innovaatiota.<\/p>\n<p>Kaapelirikot kiinnostavat It\u00e4meren rantavaltioita<\/p>\n<p class=\"aw-1gybjub aw-1p7kakr kEtdKx cEmitX yle__article__paragraph\">It\u00e4meren j\u00e4nnitteet ovat kasvaneet Ven\u00e4j\u00e4n hy\u00f6k\u00e4tty\u00e4 Ukrainaan. Erityisesti <a class=\"aw-iao6s4 iHOxEa yle__article__link\" href=\"https:\/\/www.spiegel.de\/ausland\/ostsee-finnland-beschlagnahmt-schiff-nach-kabelschaden-a-22adcb91-ae03-4f2e-9a96-568c70d10cb4\" role=\"link\" rel=\"nofollow noopener\" target=\"_blank\">saksalaisia tiedotusv\u00e4lineit\u00e4 kiinnostavat kaapelivauriot<\/a>.<\/p>\n<p class=\"aw-1gybjub aw-1p7kakr kEtdKx cEmitX yle__article__paragraph\">Suomen kielitaitoinen ulkopoliittinen johto, <a class=\"aw-iao6s4 iHOxEa yle__article__link\" href=\"https:\/\/news.postimees.ee\/8378801\/interview-finnish-president-alexander-stubb-we-must-understand-that-relations-with-the-us-are-changing\" role=\"link\" rel=\"nofollow noopener\" target=\"_blank\">tasavallan presidentti <strong class=\"aw-ak79eh KyCXm yle__article__strong\">Alexander Stubb<\/strong><\/a> ja <a class=\"aw-iao6s4 iHOxEa yle__article__link\" href=\"https:\/\/edition.cnn.com\/2025\/10\/22\/tv\/video\/finnish-foreign-minister-elina-valtonen-on-americas-role-in-the-war-between-russia-and-ukraine\" role=\"link\" rel=\"nofollow noopener\" target=\"_blank\">ulkoministeri <strong class=\"aw-ak79eh KyCXm yle__article__strong\">Elina Valtonen<\/strong><\/a> olivat viime vuonna useiden tiedotusv\u00e4lineiden haastateltavina.<\/p>\n<p class=\"aw-1gybjub aw-1p7kakr kEtdKx cEmitX yle__article__paragraph\">It\u00e4rajan sulkua esiteltiin muun muassa espanjalaisen <a class=\"aw-iao6s4 iHOxEa yle__article__link\" href=\"https:\/\/english.elpais.com\/international\/2025-10-12\/finland-fortifies-itself-against-its-russian-neighbor.html\" role=\"link\" rel=\"nofollow noopener\" target=\"_blank\">El Pais -lehden laajassa artikkelissa<\/a>.<\/p>\n<p>Silmienvenyttelykohu levisi Aasiassa<\/p>\n<p class=\"aw-1gybjub aw-1p7kakr kEtdKx cEmitX yle__article__paragraph\">Loppuvuodesta Marimekon ja muumien Suomi sai ihmettelevi\u00e4 mainintoja aasialaisessa mediassa. Sittemmin tittelins\u00e4 menett\u00e4neen Miss Suomen <a class=\"aw-iao6s4 iHOxEa yle__article__link\" href=\"https:\/\/yle.fi\/a\/74-20199744\" role=\"link\" rel=\"nofollow noopener\" target=\"_blank\"><strong class=\"aw-ak79eh KyCXm yle__article__strong\">Sara Dzafcen<\/strong> silmienvenyttelykuva kohautti somessa<\/a>.<\/p>\n<p class=\"aw-1gybjub aw-1p7kakr kEtdKx cEmitX yle__article__paragraph\"><a class=\"aw-iao6s4 iHOxEa yle__article__link\" href=\"https:\/\/www.asahi.com\/ajw\/articles\/16234146\" role=\"link\" rel=\"nofollow noopener\" target=\"_blank\">Japanin t\u00e4rkein sanomalehti Asahi Shimbun<\/a> raportoi yksityiskohtaisesti tiedotustilaisuuden, jossa hallituksen kabinettip\u00e4\u00e4llikk\u00f6 Minoru Kihara kehotti Suomea selvitt\u00e4m\u00e4\u00e4n tapahtunutta.<\/p>\n<p class=\"aw-1gybjub aw-1p7kakr kEtdKx cEmitX yle__article__paragraph\"><a class=\"aw-iao6s4 iHOxEa yle__article__link\" href=\"https:\/\/radio.nrk.no\/podkast\/norsken_svensken_og_dansken\/l_8601fac3-ccd1-4995-81fa-c3ccd1b99522\" role=\"link\" rel=\"nofollow noopener\" target=\"_blank\">\u00c4itiyspakkaukset ovat ulkomaisten medioiden kestosuosikki<\/a>.<a class=\"aw-iao6s4 iHOxEa yle__article__link\" href=\"https:\/\/www.npr.org\/2025\/08\/31\/nx-s1-5522937\/a-hometown-hero-wins-the-air-guitar-world-championships-in-finland\" role=\"link\" rel=\"nofollow noopener\" target=\"_blank\"> Ilmakitaroinnissa Suomi kamppailee maailmanluokassa<\/a> ja on siin\u00e4kin palkinnoilla.<\/p>\n","protected":false},"excerpt":{"rendered":"Suomi on n\u00e4kynyt viime vuosina kansainv\u00e4lisess\u00e4 mediassa kokoaan isompana maana, valtaosin my\u00f6nteisess\u00e4 hengess\u00e4. Mielenkiinto on vain kasvanut Nato-j\u00e4senyyden&hellip;\n","protected":false},"author":2,"featured_media":139370,"comment_status":"","ping_status":"","sticky":false,"template":"","format":"standard","meta":{"footnotes":""},"categories":[158],"tags":[33,31,30,1077,159,646,32,56,160],"class_list":{"0":"post-139369","1":"post","2":"type-post","3":"status-publish","4":"format-standard","5":"has-post-thumbnail","7":"category-urheilu","8":"tag-fi","9":"tag-finland","10":"tag-finnish","11":"tag-media","12":"tag-sports","13":"tag-suomalaisuus","14":"tag-suomi","15":"tag-ulkomaat","16":"tag-urheilu"},"share_on_mastodon":{"url":"https:\/\/pubeurope.com\/@fi\/115875675003939228","error":""},"_links":{"self":[{"href":"https:\/\/www.europesays.com\/fi\/wp-json\/wp\/v2\/posts\/139369","targetHints":{"allow":["GET"]}}],"collection":[{"href":"https:\/\/www.europesays.com\/fi\/wp-json\/wp\/v2\/posts"}],"about":[{"href":"https:\/\/www.europesays.com\/fi\/wp-json\/wp\/v2\/types\/post"}],"author":[{"embeddable":true,"href":"https:\/\/www.europesays.com\/fi\/wp-json\/wp\/v2\/users\/2"}],"replies":[{"embeddable":true,"href":"https:\/\/www.europesays.com\/fi\/wp-json\/wp\/v2\/comments?post=139369"}],"version-history":[{"count":0,"href":"https:\/\/www.europesays.com\/fi\/wp-json\/wp\/v2\/posts\/139369\/revisions"}],"wp:featuredmedia":[{"embeddable":true,"href":"https:\/\/www.europesays.com\/fi\/wp-json\/wp\/v2\/media\/139370"}],"wp:attachment":[{"href":"https:\/\/www.europesays.com\/fi\/wp-json\/wp\/v2\/media?parent=139369"}],"wp:term":[{"taxonomy":"category","embeddable":true,"href":"https:\/\/www.europesays.com\/fi\/wp-json\/wp\/v2\/categories?post=139369"},{"taxonomy":"post_tag","embeddable":true,"href":"https:\/\/www.europesays.com\/fi\/wp-json\/wp\/v2\/tags?post=139369"}],"curies":[{"name":"wp","href":"https:\/\/api.w.org\/{rel}","templated":true}]}}