{"id":139371,"date":"2026-01-11T09:07:06","date_gmt":"2026-01-11T09:07:06","guid":{"rendered":"https:\/\/www.europesays.com\/fi\/139371\/"},"modified":"2026-01-11T09:07:06","modified_gmt":"2026-01-11T09:07:06","slug":"ray-j-sairaalaan-las-vegasissa-vakava-keuhkokuume-ja-vaikea-vuosi-stara-fi","status":"publish","type":"post","link":"https:\/\/www.europesays.com\/fi\/139371\/","title":{"rendered":"Ray J sairaalaan Las Vegasissa \u2013 vakava keuhkokuume ja vaikea vuosi \u2013 Stara.fi"},"content":{"rendered":"<p>R&amp;B-artisti ja realityt\u00e4hti Ray J on joutunut sairaalahoitoon Las Vegasissa vakavan keuhkokuumeen vuoksi. Yhdysvaltalaismedioiden mukaan Ray J, oikealta nimelt\u00e4\u00e4n William Ray Norwood Jr., hakeutui hoitoon koettuaan kovia rintakipuja.<\/p>\n<p>MAINOS ALKAAMAINOS LOPPUU<\/p>\n<p>L\u00e4\u00e4k\u00e4rien kerrotaan tehneen h\u00e4nelle syd\u00e4men ultra\u00e4\u00e4nitutkimuksen sek\u00e4 r\u00f6ntgenkuvauksia. Tutkimustuloksia ei ole toistaiseksi julkistettu. Ray J joutui sairaalaan keuhkokuumeen takia jo vuonna 2021. Tuolloin h\u00e4n kuvaili pel\u00e4nneens\u00e4 henkens\u00e4 puolesta ja ymm\u00e4rt\u00e4neens\u00e4, ett\u00e4 jatkuva matkustaminen ja kiireinen ty\u00f6tahti olivat rasittaneet h\u00e4nen terveytt\u00e4\u00e4n liikaa.<\/p>\n<p>Tuore sairaalahoito osuu keskelle myrskyis\u00e4\u00e4 ajanjaksoa h\u00e4nen henkil\u00f6kohtaisessa el\u00e4m\u00e4ss\u00e4\u00e4n. Syksyll\u00e4 Ray J esitti julkisesti v\u00e4itteit\u00e4, joiden mukaan <a href=\"https:\/\/www.stara.fi\/asiasanat\/Kim-Kardashian\" title=\"Lue lis\u00e4\u00e4 aiheesta Kim Kardashian\" class=\"nimilinkki nimilinkki-kim-kardashian\" rel=\"nofollow noopener\" target=\"_blank\"><strong>Kim Kardashian<\/strong><\/a> ja Kris Jenner olisivat olleet taustalla h\u00e4nen ja Kardashianin vanhan seksivideon vuodossa, <a href=\"https:\/\/pagesix.com\/2026\/01\/07\/celebrity-news\/ray-j-reportedly-admitted-to-hospital-with-pneumonia\/\" rel=\"nofollow noopener\" target=\"_blank\">Page Six<\/a> uutisoi.<\/p>\n<p>MAINOS ALKAAMAINOS LOPPUU<\/p>\n<p>Kardashian ja Jenner vastasivat syytteisiin nostamalla kunnianloukkauskanteen. Ray J puolestaan vastasi vastakanteella.<br \/>Loppuvuodesta tilanne k\u00e4rjistyi entisest\u00e4\u00e4n, kun Ray J pid\u00e4tettiin marraskuussa ep\u00e4iltyn\u00e4 aseen hallussapidosta riitatilanteessa.<\/p>\n<p>H\u00e4n oli riidellyt ennen pid\u00e4tyst\u00e4 entisen vaimonsa, Princess Loven kanssa. Parilla on kaksi yhteist\u00e4 lasta. Love on hakenut avioeroa Ray J:st\u00e4 jo nelj\u00e4nnen kerran.<\/p>\n<p>MAINOS ALKAAMAINOS LOPPUU<\/p>\n<p>\n\t\t\t\tVoit halutessasi lukea Starassa my\u00f6s lis\u00e4\u00e4 juuri t\u00e4h\u00e4n artikkeliin liittyvist\u00e4 teemoista ja aiheista, kuten <a href=\"https:\/\/www.stara.fi\/asiasanat\/las-vegas\/\" rel=\"tag nofollow noopener\" target=\"_blank\">Las Vegas<\/a>, <a href=\"https:\/\/www.stara.fi\/asiasanat\/sairaala\/\" rel=\"tag nofollow noopener\" target=\"_blank\">sairaala<\/a> tai laajemmin t\u00e4st\u00e4 aihealueesta <a href=\"https:\/\/www.stara.fi\/category\/viihdeuutiset\/\" rel=\"category tag nofollow noopener\" target=\"_blank\">Viihdeuutiset<\/a> -osioistamme.\n\t\t\t<\/p>\n","protected":false},"excerpt":{"rendered":"R&amp;B-artisti ja realityt\u00e4hti Ray J on joutunut sairaalahoitoon Las Vegasissa vakavan keuhkokuumeen vuoksi. Yhdysvaltalaismedioiden mukaan Ray J, oikealta&hellip;\n","protected":false},"author":2,"featured_media":22404,"comment_status":"","ping_status":"","sticky":false,"template":"","format":"standard","meta":{"footnotes":""},"categories":[130],"tags":[137,33,31,30,32,109],"class_list":{"0":"post-139371","1":"post","2":"type-post","3":"status-publish","4":"format-standard","5":"has-post-thumbnail","7":"category-viihde","8":"tag-entertainment","9":"tag-fi","10":"tag-finland","11":"tag-finnish","12":"tag-suomi","13":"tag-viihde"},"share_on_mastodon":{"url":"","error":""},"_links":{"self":[{"href":"https:\/\/www.europesays.com\/fi\/wp-json\/wp\/v2\/posts\/139371","targetHints":{"allow":["GET"]}}],"collection":[{"href":"https:\/\/www.europesays.com\/fi\/wp-json\/wp\/v2\/posts"}],"about":[{"href":"https:\/\/www.europesays.com\/fi\/wp-json\/wp\/v2\/types\/post"}],"author":[{"embeddable":true,"href":"https:\/\/www.europesays.com\/fi\/wp-json\/wp\/v2\/users\/2"}],"replies":[{"embeddable":true,"href":"https:\/\/www.europesays.com\/fi\/wp-json\/wp\/v2\/comments?post=139371"}],"version-history":[{"count":0,"href":"https:\/\/www.europesays.com\/fi\/wp-json\/wp\/v2\/posts\/139371\/revisions"}],"wp:featuredmedia":[{"embeddable":true,"href":"https:\/\/www.europesays.com\/fi\/wp-json\/wp\/v2\/media\/22404"}],"wp:attachment":[{"href":"https:\/\/www.europesays.com\/fi\/wp-json\/wp\/v2\/media?parent=139371"}],"wp:term":[{"taxonomy":"category","embeddable":true,"href":"https:\/\/www.europesays.com\/fi\/wp-json\/wp\/v2\/categories?post=139371"},{"taxonomy":"post_tag","embeddable":true,"href":"https:\/\/www.europesays.com\/fi\/wp-json\/wp\/v2\/tags?post=139371"}],"curies":[{"name":"wp","href":"https:\/\/api.w.org\/{rel}","templated":true}]}}