{"id":139374,"date":"2026-01-11T09:11:09","date_gmt":"2026-01-11T09:11:09","guid":{"rendered":"https:\/\/www.europesays.com\/fi\/139374\/"},"modified":"2026-01-11T09:11:09","modified_gmt":"2026-01-11T09:11:09","slug":"nicaragua-sanoo-vapauttaneensa-kymmenia-poliittisia-vankeja-uutissuomalainen","status":"publish","type":"post","link":"https:\/\/www.europesays.com\/fi\/139374\/","title":{"rendered":"Nicaragua sanoo vapauttaneensa kymmeni\u00e4 poliittisia vankeja | Uutissuomalainen"},"content":{"rendered":"<p>Nicaragua on vapauttanut kymmeni\u00e4 poliittisia vankeja, kertoo maan hallitus. Hallitus ei lausunnossaan t\u00e4sment\u00e4nyt vapautettujen henkil\u00f6llisyytt\u00e4 tai syit\u00e4 heid\u00e4n vangitsemiseensa.<\/p>\n<p>Hallituksen mukaan vapautuksilla kunnioitetaan maan presidentin Daniel Ortegan 19-vuotista hallintokautta. <\/p>\n<p>Yhdysvaltain Nicaraguan-suurl\u00e4hetyst\u00f6 sanoi perjantaina, ett\u00e4 yli 60 vankia on oikeudettomasti vangittuna Nicaraguassa. Suurl\u00e4hetyst\u00f6 huomautti, ett\u00e4 my\u00f6s Venezuela oli luvannut vapauttaa suuren m\u00e4\u00e4r\u00e4n vankeja sen j\u00e4lkeen, kun Yhdysvallat sieppasi maata itsevaltiaan ottein hallinneen presidentin Nicolas Maduron.<\/p>\n<p>Maduro on vasemmistopresidentti Ortegan, 80, liittolainen.<\/p>\n<p>Yhdysvaltain ulkoministeri\u00f6 on m\u00e4\u00e4ritellyt Nicaraguan hallituksen diktatuuriksi. Ulkoministeri\u00f6 on syytt\u00e4nyt Nicaraguan hallitusta muun muassa toisinajattelijoiden tukahduttamisesta vuoden 2018 mielenosoitusten j\u00e4lkeen. Vuoden 2018 Nicaraguan hallinnon vastaisissa mielenosoituksissa kuoli yli 350 ihmist\u00e4, satoja vangittiin ja yli 100\u2009000 nicaragualaista karkotettiin maasta.<\/p>\n","protected":false},"excerpt":{"rendered":"Nicaragua on vapauttanut kymmeni\u00e4 poliittisia vankeja, kertoo maan hallitus. Hallitus ei lausunnossaan t\u00e4sment\u00e4nyt vapautettujen henkil\u00f6llisyytt\u00e4 tai syit\u00e4 heid\u00e4n&hellip;\n","protected":false},"author":2,"featured_media":139375,"comment_status":"","ping_status":"","sticky":false,"template":"","format":"standard","meta":{"footnotes":""},"categories":[14],"tags":[22,23,26,27,33,31,30,17,53,24,25,28,29,15,977,976,18,21,637,144,32,19,20,56,16,8170,59,60,61,619],"class_list":{"0":"post-139374","1":"post","2":"type-post","3":"status-publish","4":"format-standard","5":"has-post-thumbnail","7":"category-ulkomaat","8":"tag-breaking-news","9":"tag-breakingnews","10":"tag-featured-news","11":"tag-featurednews","12":"tag-fi","13":"tag-finland","14":"tag-finnish","15":"tag-headlines","16":"tag-laki-oikeus-ja-rikos","17":"tag-latest-news","18":"tag-latestnews","19":"tag-main-news","20":"tag-mainnews","21":"tag-news","22":"tag-oikeusistuimet","23":"tag-oikeusprosessit","24":"tag-otsikot","25":"tag-paauutiset","26":"tag-politiikka","27":"tag-presidentti","28":"tag-suomi","29":"tag-top-stories","30":"tag-topstories","31":"tag-ulkomaat","32":"tag-uutiset","33":"tag-vankeus","34":"tag-world","35":"tag-world-news","36":"tag-worldnews","37":"tag-yhdysvallat"},"share_on_mastodon":{"url":"https:\/\/pubeurope.com\/@fi\/115875694745188254","error":""},"_links":{"self":[{"href":"https:\/\/www.europesays.com\/fi\/wp-json\/wp\/v2\/posts\/139374","targetHints":{"allow":["GET"]}}],"collection":[{"href":"https:\/\/www.europesays.com\/fi\/wp-json\/wp\/v2\/posts"}],"about":[{"href":"https:\/\/www.europesays.com\/fi\/wp-json\/wp\/v2\/types\/post"}],"author":[{"embeddable":true,"href":"https:\/\/www.europesays.com\/fi\/wp-json\/wp\/v2\/users\/2"}],"replies":[{"embeddable":true,"href":"https:\/\/www.europesays.com\/fi\/wp-json\/wp\/v2\/comments?post=139374"}],"version-history":[{"count":0,"href":"https:\/\/www.europesays.com\/fi\/wp-json\/wp\/v2\/posts\/139374\/revisions"}],"wp:featuredmedia":[{"embeddable":true,"href":"https:\/\/www.europesays.com\/fi\/wp-json\/wp\/v2\/media\/139375"}],"wp:attachment":[{"href":"https:\/\/www.europesays.com\/fi\/wp-json\/wp\/v2\/media?parent=139374"}],"wp:term":[{"taxonomy":"category","embeddable":true,"href":"https:\/\/www.europesays.com\/fi\/wp-json\/wp\/v2\/categories?post=139374"},{"taxonomy":"post_tag","embeddable":true,"href":"https:\/\/www.europesays.com\/fi\/wp-json\/wp\/v2\/tags?post=139374"}],"curies":[{"name":"wp","href":"https:\/\/api.w.org\/{rel}","templated":true}]}}