{"id":139376,"date":"2026-01-11T09:12:08","date_gmt":"2026-01-11T09:12:08","guid":{"rendered":"https:\/\/www.europesays.com\/fi\/139376\/"},"modified":"2026-01-11T09:12:08","modified_gmt":"2026-01-11T09:12:08","slug":"poliisi-kaipaa-havaintoja-nakkilassa-kadonneesta-miehesta-satakunta","status":"publish","type":"post","link":"https:\/\/www.europesays.com\/fi\/139376\/","title":{"rendered":"Poliisi kaipaa havaintoja Nakkilassa kadonneesta miehest\u00e4 | Satakunta"},"content":{"rendered":"<p class=\"aw-1gybjub aw-5vja16 kEtdKx kmuxyA yle__article__paragraph\">74-vuotias mies on n\u00e4hty viimeksi perjantaina 9.1. poistuttuaan yksityisasunnosta Nakkilassa.<\/p>\n<p><img decoding=\"async\" alt=\"Porin poliisilaitoksen kyltti jossa lukee poliisi.\" src=\"https:\/\/www.europesays.com\/fi\/wp-content\/uploads\/2025\/10\/39-14954516879eee96ce80.jpeg\" class=\"aw-1l9m598 hKVVvP\"\/><\/p>\n<p>Avaa kuvien katselu<\/p>\n<p>Kuva: Katja Halinen \/ Yle<\/p>\n<p class=\"aw-1gybjub aw-1p7kakr kEtdKx cEmitX yle__article__paragraph\">Lounais-Suomen poliisi pyyt\u00e4\u00e4 havaintoja 74-vuotiaasta Nakkilassa kadonneesta miehest\u00e4.<\/p>\n<p class=\"aw-1gybjub aw-1p7kakr kEtdKx cEmitX yle__article__paragraph\">Poliisin tiedotteen mukaan mies liikkuu todenn\u00e4k\u00f6isesti henkil\u00f6autolla Ulvilan, Nakkilan ja Harjavallan alueella.<\/p>\n<p class=\"aw-1gybjub aw-1p7kakr kEtdKx cEmitX yle__article__paragraph\">Kadonnut on noin 180 sentti\u00e4 pitk\u00e4 ja h\u00e4nell\u00e4 on vaaleat ohuet hiukset. Mies on pukeutunut talvivaatteisiin ja mustaan pipoon.<\/p>\n<p class=\"aw-1gybjub aw-1p7kakr kEtdKx cEmitX yle__article__paragraph\">Havainnot voi toimittaa s\u00e4hk\u00f6postitse osoitteeseen <a class=\"aw-iao6s4 iHOxEa yle__article__link\" href=\"https:\/\/yle.fi\/a\/mailto:vihjeet.lounais-suomi@poliisi.fi\" role=\"link\" rel=\"nofollow noopener\" target=\"_blank\">vihjeet.lounais-suomi@poliisi.fi<\/a>, WhatsApp- tai tekstiviestill\u00e4 numeroon 050 411 7655 tai soittamalla arkip\u00e4ivin\u00e4 kello 8 ja 16 v\u00e4lisen\u00e4 aikana Porin poliisiaseman p\u00e4ivystykseen numeroon 0295 449 290.<\/p>\n","protected":false},"excerpt":{"rendered":"74-vuotias mies on n\u00e4hty viimeksi perjantaina 9.1. poistuttuaan yksityisasunnosta Nakkilassa. Avaa kuvien katselu Kuva: Katja Halinen \/ Yle&hellip;\n","protected":false},"author":2,"featured_media":59897,"comment_status":"","ping_status":"","sticky":false,"template":"","format":"standard","meta":{"footnotes":""},"categories":[12],"tags":[22,23,26,27,33,31,30,17,440,7264,19141,22110,24,25,28,29,16559,15,18,21,52,968,32,19,20,16],"class_list":{"0":"post-139376","1":"post","2":"type-post","3":"status-publish","4":"format-standard","5":"has-post-thumbnail","7":"category-suomi","8":"tag-breaking-news","9":"tag-breakingnews","10":"tag-featured-news","11":"tag-featurednews","12":"tag-fi","13":"tag-finland","14":"tag-finnish","15":"tag-headlines","16":"tag-ihmiset","17":"tag-kadonneet-henkilot","18":"tag-kadonneiden-henkiloiden-etsinnat","19":"tag-kadonnut-mies","20":"tag-latest-news","21":"tag-latestnews","22":"tag-main-news","23":"tag-mainnews","24":"tag-nakkila","25":"tag-news","26":"tag-otsikot","27":"tag-paauutiset","28":"tag-poliisi","29":"tag-satakunta","30":"tag-suomi","31":"tag-top-stories","32":"tag-topstories","33":"tag-uutiset"},"share_on_mastodon":{"url":"https:\/\/pubeurope.com\/@fi\/115875698720605318","error":""},"_links":{"self":[{"href":"https:\/\/www.europesays.com\/fi\/wp-json\/wp\/v2\/posts\/139376","targetHints":{"allow":["GET"]}}],"collection":[{"href":"https:\/\/www.europesays.com\/fi\/wp-json\/wp\/v2\/posts"}],"about":[{"href":"https:\/\/www.europesays.com\/fi\/wp-json\/wp\/v2\/types\/post"}],"author":[{"embeddable":true,"href":"https:\/\/www.europesays.com\/fi\/wp-json\/wp\/v2\/users\/2"}],"replies":[{"embeddable":true,"href":"https:\/\/www.europesays.com\/fi\/wp-json\/wp\/v2\/comments?post=139376"}],"version-history":[{"count":0,"href":"https:\/\/www.europesays.com\/fi\/wp-json\/wp\/v2\/posts\/139376\/revisions"}],"wp:featuredmedia":[{"embeddable":true,"href":"https:\/\/www.europesays.com\/fi\/wp-json\/wp\/v2\/media\/59897"}],"wp:attachment":[{"href":"https:\/\/www.europesays.com\/fi\/wp-json\/wp\/v2\/media?parent=139376"}],"wp:term":[{"taxonomy":"category","embeddable":true,"href":"https:\/\/www.europesays.com\/fi\/wp-json\/wp\/v2\/categories?post=139376"},{"taxonomy":"post_tag","embeddable":true,"href":"https:\/\/www.europesays.com\/fi\/wp-json\/wp\/v2\/tags?post=139376"}],"curies":[{"name":"wp","href":"https:\/\/api.w.org\/{rel}","templated":true}]}}