{"id":139377,"date":"2026-01-11T09:13:07","date_gmt":"2026-01-11T09:13:07","guid":{"rendered":"https:\/\/www.europesays.com\/fi\/139377\/"},"modified":"2026-01-11T09:13:07","modified_gmt":"2026-01-11T09:13:07","slug":"jari-saarion-pelastamisesta-julkaistiin-video","status":"publish","type":"post","link":"https:\/\/www.europesays.com\/fi\/139377\/","title":{"rendered":"Jari Saarion pelastamisesta julkaistiin video"},"content":{"rendered":"<p>Merih\u00e4t\u00e4|Soutaja pelastettiin kauppa-aluksen kyytiin sunnuntaiy\u00f6n\u00e4 Suomen aikaa.<\/p>\n<p>Lue tiivistelm\u00e4<\/p>\n<p class=\"article-body mb-nof-24 px-nof-16 sndp-summary-bullet-point-font\">Soutaja Jari Saario pelastettiin kauppa-alus Cymona Eaglen kyytiin Atlantin valtamerelt\u00e4 sunnuntain vastaisena y\u00f6n\u00e4 Suomen aikaa.<\/p>\n<p class=\"article-body mb-nof-24 px-nof-16 sndp-summary-bullet-point-font\">Saario joutui merih\u00e4t\u00e4\u00e4n perjantai-iltana kovan myrskyn keskell\u00e4 ja odotti pelastajia noin vuorokauden.<\/p>\n<p class=\"article-body mb-nof-24 px-nof-16 sndp-summary-bullet-point-font\">Saarion voinnin kerrotaan olevan olosuhteisiin n\u00e4hden hyv\u00e4, ja h\u00e4n saa hoitoa aluksella.<\/p>\n<p class=\"article-body mb-nof-24 px-nof-16 sndp-summary-bullet-point-font\">Saario oli yksinsoutamassa Etel\u00e4-Amerikan Kap Hornista Afrikan Kapkaupunkiin ja ehti taivaltaa noin puolet 8 000 kilometrin reitist\u00e4.<\/p>\n<p class=\"article-body mb-nof-24 px-nof-16\">Soutaja <a class=\"font-bold underline-offset-[0.12em] [text-decoration:var(--person-link-text-decoration)] ![text-decoration-color:var(--person-link-text-decoration-color)]\" href=\"https:\/\/www.hs.fi\/haku\/?query=Jari%20Saario\" rel=\"nofollow noopener\" target=\"_blank\">Jari Saario<\/a> pelastettiin kauppa-aluksen kyytiin Atlantin valtamerelt\u00e4 sunnuntain v\u00e4lisen\u00e4 y\u00f6n\u00e4 Suomen aikaa.<\/p>\n<p class=\"article-body mb-nof-24 px-nof-16\">Sunnuntaina Instagramissa levisi Cymona Eagle -laivalta kuvattu video, jossa Saario nousee soutuveneens\u00e4 kyydist\u00e4 vinssill\u00e4 toimivaan verkkoon, josta h\u00e4net vedet\u00e4\u00e4n kauppa-aluksen kannelle.<\/p>\n<p class=\"article-body mb-nof-24 px-nof-16\">Saario kapusi pois verkosta miehist\u00f6n avustuksella.<\/p>\n<p class=\"article-body mb-nof-24 px-nof-16\">Videon jakoi <a class=\"font-bold underline-offset-[0.12em] [text-decoration:var(--person-link-text-decoration)] ![text-decoration-color:var(--person-link-text-decoration-color)]\" href=\"https:\/\/www.hs.fi\/haku\/?query=Heiz%20Fernandez\" rel=\"nofollow noopener\" target=\"_blank\">Heiz Fernandez<\/a>, joka kertoi olevansa Cymona Eaglen miehist\u00f6n j\u00e4senen vaimo.<\/p>\n<p class=\"article-body mb-nof-24 px-nof-16\">\u201dYlpe\u00e4 hetki. Mieheni ohjasi alusta pelastuksen aikana kapteenin avustuksella ja auttoi Jarin turvallisesti kannelle. H\u00e4n onnistui kuvaamaan pelastuksen videolle. Olen niin ylpe\u00e4 sinusta ja muusta miehist\u00f6st\u00e4\u201d, videon kuvatekstiin on kirjoitettu.<\/p>\n<p class=\"article-body mb-nof-24 px-nof-16\">Video poistettiin Instagramista my\u00f6hemmin sunnuntaina.<\/p>\n<p><img decoding=\"async\" src=\"https:\/\/www.europesays.com\/fi\/wp-content\/uploads\/2026\/01\/1768122787_150_468.jpg\" alt=\"Kuvakaappaus Instagramissa julkaistulta videolta.\" class=\"_Img_1rerz_1\" style=\"aspect-ratio:1\" loading=\"eager\"\/><\/p>\n<p class=\"article-picture-caption\">Kuvakaappaus Instagramissa julkaistulta videolta.<\/p>\n<p class=\"article-body mb-nof-24 px-nof-16\">Saario pelastettiin aluksen kyytiin noin 2.30 Suomen aikaan, soutajan Instagram-tilill\u00e4 kerrottiin.<\/p>\n<p class=\"article-body mb-nof-24 px-nof-16\">Saarion voinnin kerrotaan olevan olosuhteisiin n\u00e4hden hyv\u00e4. H\u00e4n saa hoitoa Cymona Eagle -aluksella.<\/p>\n<p class=\"article-body mb-nof-24 px-nof-16\">\u201dOllaan todella huojentuneita tilanteesta, t\u00e4t\u00e4 on odoteltu monta tuntia. Todella huojentuneita ja kiitollisia\u201d, kertoo tuoreeltaan Saarion viestinn\u00e4st\u00e4 vastaava <a class=\"font-bold underline-offset-[0.12em] [text-decoration:var(--person-link-text-decoration)] ![text-decoration-color:var(--person-link-text-decoration-color)]\" href=\"https:\/\/www.hs.fi\/haku\/?query=Hanni%20Marin\" rel=\"nofollow noopener\" target=\"_blank\">Hanni Marin <\/a>kommentoi y\u00f6ll\u00e4.<\/p>\n<p class=\"article-body mb-nof-24 px-nof-16\">Medioille l\u00e4hetetyss\u00e4 tiedotteessa kerrotaan, ett\u00e4 Cymona Eagle jatkaa todenn\u00e4k\u00f6isesti matkaansa alkuper\u00e4iseen m\u00e4\u00e4r\u00e4np\u00e4\u00e4h\u00e4ns\u00e4 Bangladeshiin. Saarion jatkotoimet ja paluu Suomeen t\u00e4smentyv\u00e4t my\u00f6hemmin.<\/p>\n<p class=\"article-body mb-nof-24 px-nof-16\">Meripelastusviranomaiset koordinoivat pelastusteht\u00e4v\u00e4\u00e4 aluksen miehist\u00f6n kanssa.<\/p>\n<p class=\"article-body mb-nof-24 px-nof-16\">Kovan myrskyn keskelle ajautunut Saario joutui merih\u00e4t\u00e4\u00e4n perjantai-iltana Suomen aikaa. H\u00e4n joutui odottamaan pelastajiaan jopa vuorokauden verran.<\/p>\n<p class=\"article-body mb-nof-24 px-nof-16\">Saario oli yksinsoutamassa Etel\u00e4-Amerikan etel\u00e4k\u00e4rjest\u00e4 Kap Hornista Afrikan etel\u00e4k\u00e4rkeen Kapkaupunkiin. H\u00e4n l\u00e4hti matkaan 11. marraskuuta. Ex-palomies ehti taivaltaa 8\u202f000 kilometrin reitist\u00e4 noin puolet.<\/p>\n<p class=\"article-body nof-ui-body-medium mb-nof-24 px-nof-16\">Oikaisu kello 9.29. Saario nostetaan videolla kauppa-aluksen kyytiin h\u00e4nen soutuveneest\u00e4\u00e4n, ei pelastusveneest\u00e4.<\/p>\n<p class=\"article-body nof-ui-body-medium mb-nof-24 px-nof-16\">Juttua p\u00e4ivitetty 11.1. kello 10.47: Lis\u00e4tty tieto videon poistumisesta Instagramista.<\/p>\n","protected":false},"excerpt":{"rendered":"Merih\u00e4t\u00e4|Soutaja pelastettiin kauppa-aluksen kyytiin sunnuntaiy\u00f6n\u00e4 Suomen aikaa. Lue tiivistelm\u00e4 Soutaja Jari Saario pelastettiin kauppa-alus Cymona Eaglen kyytiin Atlantin&hellip;\n","protected":false},"author":2,"featured_media":139378,"comment_status":"","ping_status":"","sticky":false,"template":"","format":"standard","meta":{"footnotes":""},"categories":[5],"tags":[22,23,26,27,33,31,30,17,46,24,25,28,29,15,18,21,32,19,20,16],"class_list":{"0":"post-139377","1":"post","2":"type-post","3":"status-publish","4":"format-standard","5":"has-post-thumbnail","7":"category-otsikot","8":"tag-breaking-news","9":"tag-breakingnews","10":"tag-featured-news","11":"tag-featurednews","12":"tag-fi","13":"tag-finland","14":"tag-finnish","15":"tag-headlines","16":"tag-helsingin-sanomat","17":"tag-latest-news","18":"tag-latestnews","19":"tag-main-news","20":"tag-mainnews","21":"tag-news","22":"tag-otsikot","23":"tag-paauutiset","24":"tag-suomi","25":"tag-top-stories","26":"tag-topstories","27":"tag-uutiset"},"share_on_mastodon":{"url":"https:\/\/pubeurope.com\/@fi\/115875702543544339","error":""},"_links":{"self":[{"href":"https:\/\/www.europesays.com\/fi\/wp-json\/wp\/v2\/posts\/139377","targetHints":{"allow":["GET"]}}],"collection":[{"href":"https:\/\/www.europesays.com\/fi\/wp-json\/wp\/v2\/posts"}],"about":[{"href":"https:\/\/www.europesays.com\/fi\/wp-json\/wp\/v2\/types\/post"}],"author":[{"embeddable":true,"href":"https:\/\/www.europesays.com\/fi\/wp-json\/wp\/v2\/users\/2"}],"replies":[{"embeddable":true,"href":"https:\/\/www.europesays.com\/fi\/wp-json\/wp\/v2\/comments?post=139377"}],"version-history":[{"count":0,"href":"https:\/\/www.europesays.com\/fi\/wp-json\/wp\/v2\/posts\/139377\/revisions"}],"wp:featuredmedia":[{"embeddable":true,"href":"https:\/\/www.europesays.com\/fi\/wp-json\/wp\/v2\/media\/139378"}],"wp:attachment":[{"href":"https:\/\/www.europesays.com\/fi\/wp-json\/wp\/v2\/media?parent=139377"}],"wp:term":[{"taxonomy":"category","embeddable":true,"href":"https:\/\/www.europesays.com\/fi\/wp-json\/wp\/v2\/categories?post=139377"},{"taxonomy":"post_tag","embeddable":true,"href":"https:\/\/www.europesays.com\/fi\/wp-json\/wp\/v2\/tags?post=139377"}],"curies":[{"name":"wp","href":"https:\/\/api.w.org\/{rel}","templated":true}]}}