{"id":139379,"date":"2026-01-11T09:25:06","date_gmt":"2026-01-11T09:25:06","guid":{"rendered":"https:\/\/www.europesays.com\/fi\/139379\/"},"modified":"2026-01-11T09:25:06","modified_gmt":"2026-01-11T09:25:06","slug":"pasha-pozdniakova-julisti-slaavinuken-kauden-alkaneeksi-ja-teki-sen-nayttavasti-stara-fi","status":"publish","type":"post","link":"https:\/\/www.europesays.com\/fi\/139379\/","title":{"rendered":"Pasha Pozdniakova julisti slaavinuken kauden alkaneeksi \u2013 ja teki sen n\u00e4ytt\u00e4v\u00e4sti \u2013 Stara.fi"},"content":{"rendered":"<p><a href=\"https:\/\/www.stara.fi\/asiasanat\/Pasha-Pozdniakova\" title=\"Lue lis\u00e4\u00e4 aiheesta Pasha Pozdniakova\" class=\"nimilinkki nimilinkki-pasha-pozdniakova\" rel=\"nofollow noopener\" target=\"_blank\"><strong>Pasha Pozdniakova<\/strong><\/a> on yksi Suomen kansainv\u00e4lisesti suosituimmista somet\u00e4hdist\u00e4, ja h\u00e4nen julkaisujaan ihastelee per\u00e4ti 2,5 miljoonaa k\u00e4ytt\u00e4j\u00e4\u00e4 ymp\u00e4ri maailmaa. M\u00e4\u00e4r\u00e4\u00e4 voidaan verrata siihen, ett\u00e4 l\u00e4hes joka toinen suomalainen olisi h\u00e4nen seuraajansa. Taannoin h\u00e4n hy\u00f6dynsi valtavaa suosiotaan k\u00e4ynnist\u00e4m\u00e4ll\u00e4 artistiuran Pashulia-nimell\u00e4.<\/p>\n<p>MAINOS ALKAAMAINOS LOPPUU<\/p>\n<p>T\u00e4ll\u00e4 kertaa Pasha on poseerannut tapansa mukaisesti upeissa kuvissa, joissa h\u00e4n julistaa samalla skaavinuken kauden alkaneeksi. H\u00e4n on toki yll\u00e4pit\u00e4nyt slaavinuken kautta l\u00e4pi vuoden sosiaalisen median kanavissaan. P\u00e4ivityksess\u00e4\u00e4n h\u00e4n esittelee visuaalisesti mit\u00e4 termi t\u00e4ss\u00e4 tapauksessa tarkoittaa. <a href=\"https:\/\/www.instagram.com\/p\/DTQcYopiNx3\/\" rel=\"nofollow noopener\" target=\"_blank\">Katso alkuper\u00e4inen julkaisu t\u00e4st\u00e4<\/a>.<\/p>\n<p>Pari p\u00e4iv\u00e4\u00e4 sitten Pasha matkusti ulkomaille, kun h\u00e4n k\u00e4v\u00e4isi Virossa tutustumassa Tallinnan talviseen tunnelmaan. Lumipeitett\u00e4 siell\u00e4 ei ollut, mutta talvista tunnelmaa riitti siit\u00e4 huolimatta.<\/p>\n<p>MAINOS ALKAAMAINOS LOPPUU<\/p>\n<p>Pozdniakova on kuluneena talvena jakanut ajoittain my\u00f6s upeita maisemakuvia Suomen talvisesta luonnosta ja siten tehnyt ansiokasta matkailumarkkinointia Suomelle. Voidaan olettaa, ett\u00e4 h\u00e4nen miljoonista seuraajistaan moni haaveilee matkasta Suomen eksoottisiin talvimaisemiin saati tapaamaan Joulupukkia.<\/p>\n<p>\u2013 Minusta tuntuu, ett\u00e4 juuri nyt min\u00e4 toden teolla ymm\u00e4rr\u00e4n miten t\u00e4rke\u00e4\u00e4 on kunnioittaa kulloistakin hetke\u00e4 ja nauttia siit\u00e4. El\u00e4m\u00e4 jatkuu ja viel\u00e4p\u00e4 aika nopeasti, joten meid\u00e4n t\u00e4ytyy olla kiitollisia siit\u00e4 mit\u00e4 kohtalo on meille antanut ja mit\u00e4 olemme onnistuneet itseksemme saavuttamaan, Pasha totesi aiemmin.<\/p>\n<p>MAINOS ALKAAMAINOS LOPPUU<\/p>\n<p>Taannoin Pozdniakova esitteli odottamattoman erikoistaitonsa, kun h\u00e4n teki yll\u00e4tt\u00e4en spagaatin lattialla. H\u00e4n itse kuittasi sen lyhyesti toteamalla, ett\u00e4 notkeus on osa el\u00e4m\u00e4\u00e4. Pashulia-artistina h\u00e4n on julkaissut jo useita kappaleita ja musiikkivideoita, joille riitt\u00e4nee jatkossakin varsin hyvin kysynt\u00e4\u00e4. Aika n\u00e4ytt\u00e4\u00e4 tuleeko Pasha tekem\u00e4\u00e4n joskus viel\u00e4 musiikillisen l\u00e4pimurron.<\/p>\n<p>\n\t\t\t\tVoit halutessasi lukea Starassa my\u00f6s lis\u00e4\u00e4 juuri t\u00e4h\u00e4n artikkeliin liittyvist\u00e4 teemoista ja aiheista, kuten <a href=\"https:\/\/www.stara.fi\/asiasanat\/pasha-pozdniakova\/\" rel=\"tag nofollow noopener\" target=\"_blank\">Pasha Pozdniakova<\/a> tai laajemmin t\u00e4st\u00e4 aihealueesta <a href=\"https:\/\/www.stara.fi\/category\/viihdeuutiset\/\" rel=\"category tag nofollow noopener\" target=\"_blank\">Viihdeuutiset<\/a> -osioistamme.\n\t\t\t<\/p>\n<p>\t\t<script async src=\"\/\/www.instagram.com\/embed.js\"><\/script><\/p>\n","protected":false},"excerpt":{"rendered":"Pasha Pozdniakova on yksi Suomen kansainv\u00e4lisesti suosituimmista somet\u00e4hdist\u00e4, ja h\u00e4nen julkaisujaan ihastelee per\u00e4ti 2,5 miljoonaa k\u00e4ytt\u00e4j\u00e4\u00e4 ymp\u00e4ri maailmaa.&hellip;\n","protected":false},"author":2,"featured_media":23899,"comment_status":"","ping_status":"","sticky":false,"template":"","format":"standard","meta":{"footnotes":""},"categories":[136],"tags":[407,137,33,31,30,408,32,109],"class_list":{"0":"post-139379","1":"post","2":"type-post","3":"status-publish","4":"format-standard","5":"has-post-thumbnail","7":"category-julkkikset","8":"tag-celebrities","9":"tag-entertainment","10":"tag-fi","11":"tag-finland","12":"tag-finnish","13":"tag-julkkikset","14":"tag-suomi","15":"tag-viihde"},"share_on_mastodon":{"url":"https:\/\/pubeurope.com\/@fi\/115875749724916980","error":""},"_links":{"self":[{"href":"https:\/\/www.europesays.com\/fi\/wp-json\/wp\/v2\/posts\/139379","targetHints":{"allow":["GET"]}}],"collection":[{"href":"https:\/\/www.europesays.com\/fi\/wp-json\/wp\/v2\/posts"}],"about":[{"href":"https:\/\/www.europesays.com\/fi\/wp-json\/wp\/v2\/types\/post"}],"author":[{"embeddable":true,"href":"https:\/\/www.europesays.com\/fi\/wp-json\/wp\/v2\/users\/2"}],"replies":[{"embeddable":true,"href":"https:\/\/www.europesays.com\/fi\/wp-json\/wp\/v2\/comments?post=139379"}],"version-history":[{"count":0,"href":"https:\/\/www.europesays.com\/fi\/wp-json\/wp\/v2\/posts\/139379\/revisions"}],"wp:featuredmedia":[{"embeddable":true,"href":"https:\/\/www.europesays.com\/fi\/wp-json\/wp\/v2\/media\/23899"}],"wp:attachment":[{"href":"https:\/\/www.europesays.com\/fi\/wp-json\/wp\/v2\/media?parent=139379"}],"wp:term":[{"taxonomy":"category","embeddable":true,"href":"https:\/\/www.europesays.com\/fi\/wp-json\/wp\/v2\/categories?post=139379"},{"taxonomy":"post_tag","embeddable":true,"href":"https:\/\/www.europesays.com\/fi\/wp-json\/wp\/v2\/tags?post=139379"}],"curies":[{"name":"wp","href":"https:\/\/api.w.org\/{rel}","templated":true}]}}