{"id":139384,"date":"2026-01-11T09:33:07","date_gmt":"2026-01-11T09:33:07","guid":{"rendered":"https:\/\/www.europesays.com\/fi\/139384\/"},"modified":"2026-01-11T09:33:07","modified_gmt":"2026-01-11T09:33:07","slug":"tom-morellolle-ozzy-osbournen-jaahyvaisspektaakkelin-eniten-ihokarvoja-nostattanut-hetki-tapahtui-varsinaista-konserttia-edeltaneena-paivana","status":"publish","type":"post","link":"https:\/\/www.europesays.com\/fi\/139384\/","title":{"rendered":"Tom Morellolle Ozzy Osbournen j\u00e4\u00e4hyv\u00e4isspektaakkelin eniten ihokarvoja nostattanut hetki tapahtui varsinaista konserttia edelt\u00e4neen\u00e4 p\u00e4iv\u00e4n\u00e4"},"content":{"rendered":"<p>Ozzy Osbourne nousi viimeist\u00e4 kertaa lavalle 5.7.2025 Birminghamissa j\u00e4rjestetyss\u00e4 Back to the Beginning -j\u00e4ttikonsertissa, joka oli samalla my\u00f6s alkuper\u00e4isen Black Sabbath -nelikon viimeinen esiintyminen yhdess\u00e4. Ennen Sabbathin vetoa ja Osbournen sooloesiintymist\u00e4 lavalla k\u00e4vi vuorollaan pitk\u00e4 liuta hevi- ja rockmaailman nimekk\u00e4imp\u00e4\u00e4n kastiin kuuluvia esiintyji\u00e4 kuten Metallica, Slayer, Tool, Guns N\u2019 Roses, Anthrax, Lamb of God ja Mastodon. Osbourne menehtyi vain pari viikkoa konsertin j\u00e4lkeen.<\/p>\n<p>Rage Against the Machinen Tom Morello, joka oli nimetty tapahtuman musiikilliseksi koordinaattoriksi eli vastasi b\u00e4ndien buukkaamisesta sek\u00e4 johti vaihtuvilla kokoonpanoilla soittanutta all star -ryhm\u00e4\u00e4, kertoi hiljattain Loudwiren haastattelussa, ett\u00e4 h\u00e4nelle kaikkein ikimuistoisin ja eniten ihokarvoja pystyyn saanut hetki tapahtui itse asiassa jo p\u00e4iv\u00e4\u00e4 ennen varsinaista konserttia.<\/p>\n<p>\u201dMeill\u00e4 oli kolmena p\u00e4iv\u00e4n\u00e4 kymmenest\u00e4 yhteentoista tuntiin kest\u00e4nytt\u00e4 treeni\u00e4, joiden aikana pistin koko hommaa kasaan. Todella, todella stressaavaa aikaa \u2013 kaikki k\u00e4rsiv\u00e4t jetlagista ja min\u00e4 olen siell\u00e4 poikani kanssa\u201d, <a href=\"https:\/\/www.ultimate-guitar.com\/news\/general_music_news\/they-dont-even-know-were-there-but-were-screaming-wild-this-was-the-most-hair-raising-moment-from-black-sabbaths-final-show-according-to-tom-morello\" target=\"_blank\" rel=\"noreferrer noopener nofollow\">Morello muisteli<\/a>.<\/p>\n<p>\u201dLopulta saimme viimeiset treenit hoidettua ja olin ihan valmis. Tyyliin: \u2019Pyyd\u00e4n, viek\u00e4\u00e4 minut hotelliin ett\u00e4 saan edes v\u00e4h\u00e4n nukuttua ennen h-hetke\u00e4.\u2019 Odottelimme jo pakua, kun joku yht\u00e4kki\u00e4 huikkasi: \u2019Hei, Black Sabbath tekee soundchecki\u00e4! Haluatteko n\u00e4hd\u00e4?\u2019 Voi, kyll\u00e4 me haluamme!\u201d<\/p>\n<p>\u201dHe soittivat War Pigsi\u00e4, jolla he aloittivat oman osuutensa. Lavalla on alkuper\u00e4inen Black Sabbath, stadionin on vallannut punainen valo. Siell\u00e4 olimme vain min\u00e4, poikani, Steven Tyler, Scott Ian poikansa kanssa ja muutama muu tyyppi. Tyyliin kahdentoista hengen yleis\u00f6 katsoo, kun Black Sabbath soittaa kotikaupungissaan War Pigsi\u00e4 vain meille.\u201d<\/p>\n<p>\u201dHe eiv\u00e4t tienneet, ett\u00e4 me olimme siell\u00e4, mutta biisin loputtua huusimme villisti stadionin takaosassa ja annoimme kaikkemme sankareillemme viel\u00e4 viimeisen kerran.\u201d<\/p>\n<p><img loading=\"lazy\" decoding=\"async\" alt=\"YouTube video\" width=\"480\" height=\"360\" data-pin-nopin=\"true\" nopin=\"nopin\" class=\"perfmatters-lazy\" src=\"https:\/\/www.europesays.com\/fi\/wp-content\/uploads\/2026\/01\/1768123987_758_hqdefault.jpg\"\/><\/p>\n<p><img loading=\"lazy\" decoding=\"async\" alt=\"YouTube video\" width=\"480\" height=\"360\" data-pin-nopin=\"true\" nopin=\"nopin\" class=\"perfmatters-lazy\" src=\"https:\/\/www.europesays.com\/fi\/wp-content\/uploads\/2026\/01\/1768123987_283_hqdefault.jpg\"\/><\/p>\n<p>Lue my\u00f6s: <a href=\"https:\/\/www.soundi.fi\/uutiset\/juttelet-steven-tylerin-kanssa-tuolla-on-james-hetfield-tuolla-tom-morello-ja-axl-rose-halestorm-muusikot-muistelevat-ozzyn-jaahyvaiskonserttia-ja-sen-tunnelmia\/\" title=\"\u201dJuttelet Steven Tylerin kanssa, tuolla on James Hetfield, tuolla Tom Morello ja Axl Rose\u2026\u201d \u2013 Halestorm-muusikot muistelevat Ozzyn j\u00e4\u00e4hyv\u00e4iskonserttia ja sen tunnelmia\" class=\"underline-custom !font-montserrat !font-bold !underline-offset-4 !decoration-4 !decoration-tilt-light\" rel=\"nofollow noopener\" target=\"_blank\">\u201dJuttelet Steven Tylerin kanssa, tuolla on James Hetfield, tuolla Tom Morello ja Axl Rose\u2026\u201d \u2013 Halestorm-muusikot muistelevat Ozzyn j\u00e4\u00e4hyv\u00e4iskonserttia ja sen tunnelmia<\/a><\/p>\n<p>Lue my\u00f6s: <a href=\"https:\/\/www.soundi.fi\/uutiset\/sammy-hagar-on-hyvin-pettynyt-esitykseensa-ozzy-osbournen-jaahyvaiskonsertissa-mina-jaadyin\/\" title=\"Sammy Hagar on hyvin pettynyt esitykseens\u00e4 Ozzy Osbournen j\u00e4\u00e4hyv\u00e4iskonsertissa \u2013 \u201dMin\u00e4 j\u00e4\u00e4dyin\u201d\" class=\"underline-custom !font-montserrat !font-bold !underline-offset-4 !decoration-4 !decoration-tilt-light\" rel=\"nofollow noopener\" target=\"_blank\">Sammy Hagar on hyvin pettynyt esitykseens\u00e4 Ozzy Osbournen j\u00e4\u00e4hyv\u00e4iskonsertissa \u2013 \u201dMin\u00e4 j\u00e4\u00e4dyin\u201d<\/a><\/p>\n<p>Lue my\u00f6s: <a href=\"https:\/\/www.soundi.fi\/uutiskirje\/\" title=\"Tilaa Soundin uutiskirje\" class=\"underline-custom !font-montserrat !font-bold !underline-offset-4 !decoration-4 !decoration-red-600 !text-md\" rel=\"nofollow noopener\" target=\"_blank\">Tilaa Soundin uutiskirje ja tied\u00e4t mist\u00e4 kahvitauolla puhutaan! Nappaa ajankohtaiset musiikin uutiset ja puheenaiheet suoraan s\u00e4hk\u00f6postiin t\u00e4st\u00e4.<\/a><\/p>\n","protected":false},"excerpt":{"rendered":"Ozzy Osbourne nousi viimeist\u00e4 kertaa lavalle 5.7.2025 Birminghamissa j\u00e4rjestetyss\u00e4 Back to the Beginning -j\u00e4ttikonsertissa, joka oli samalla my\u00f6s&hellip;\n","protected":false},"author":2,"featured_media":139385,"comment_status":"","ping_status":"","sticky":false,"template":"","format":"standard","meta":{"footnotes":""},"categories":[130],"tags":[137,33,31,30,32,109],"class_list":{"0":"post-139384","1":"post","2":"type-post","3":"status-publish","4":"format-standard","5":"has-post-thumbnail","7":"category-viihde","8":"tag-entertainment","9":"tag-fi","10":"tag-finland","11":"tag-finnish","12":"tag-suomi","13":"tag-viihde"},"share_on_mastodon":{"url":"https:\/\/pubeurope.com\/@fi\/115875781207312193","error":""},"_links":{"self":[{"href":"https:\/\/www.europesays.com\/fi\/wp-json\/wp\/v2\/posts\/139384","targetHints":{"allow":["GET"]}}],"collection":[{"href":"https:\/\/www.europesays.com\/fi\/wp-json\/wp\/v2\/posts"}],"about":[{"href":"https:\/\/www.europesays.com\/fi\/wp-json\/wp\/v2\/types\/post"}],"author":[{"embeddable":true,"href":"https:\/\/www.europesays.com\/fi\/wp-json\/wp\/v2\/users\/2"}],"replies":[{"embeddable":true,"href":"https:\/\/www.europesays.com\/fi\/wp-json\/wp\/v2\/comments?post=139384"}],"version-history":[{"count":0,"href":"https:\/\/www.europesays.com\/fi\/wp-json\/wp\/v2\/posts\/139384\/revisions"}],"wp:featuredmedia":[{"embeddable":true,"href":"https:\/\/www.europesays.com\/fi\/wp-json\/wp\/v2\/media\/139385"}],"wp:attachment":[{"href":"https:\/\/www.europesays.com\/fi\/wp-json\/wp\/v2\/media?parent=139384"}],"wp:term":[{"taxonomy":"category","embeddable":true,"href":"https:\/\/www.europesays.com\/fi\/wp-json\/wp\/v2\/categories?post=139384"},{"taxonomy":"post_tag","embeddable":true,"href":"https:\/\/www.europesays.com\/fi\/wp-json\/wp\/v2\/tags?post=139384"}],"curies":[{"name":"wp","href":"https:\/\/api.w.org\/{rel}","templated":true}]}}