{"id":139392,"date":"2026-01-11T09:39:07","date_gmt":"2026-01-11T09:39:07","guid":{"rendered":"https:\/\/www.europesays.com\/fi\/139392\/"},"modified":"2026-01-11T09:39:07","modified_gmt":"2026-01-11T09:39:07","slug":"ajokeli-huonoa-maan-etela-ja-keskiosissa-uutisia-lyhyesti","status":"publish","type":"post","link":"https:\/\/www.europesays.com\/fi\/139392\/","title":{"rendered":"Ajokeli huonoa maan etel\u00e4- ja keskiosissa | Uutisia lyhyesti"},"content":{"rendered":"<p class=\"aw-1gybjub aw-1p7kakr kEtdKx cEmitX yle__article__paragraph\">Ajokeli on muuttunut aamulla huonoksi maan etel\u00e4- ja keskiosissa, varoittaa Fintrafficin tieliikennekeskus.<\/p>\n<p class=\"aw-1gybjub aw-1p7kakr kEtdKx cEmitX yle__article__paragraph\">Lumisade, p\u00f6lly\u00e4v\u00e4 lumi sek\u00e4 lauhtuvan s\u00e4\u00e4n aiheuttama liukkaus heikent\u00e4v\u00e4t nyt ajokeli\u00e4.<\/p>\n<p class=\"aw-1gybjub aw-1p7kakr kEtdKx cEmitX yle__article__paragraph\">Pohjois-Suomen kire\u00e4t pakkaset alkavat t\u00e4n\u00e4\u00e4n hieman helpottaa. Etel\u00e4ss\u00e4 keli on lauhtunut jo eilisest\u00e4 alkaen.<\/p>\n<p class=\"aw-1gybjub aw-1p7kakr kEtdKx cEmitX yle__article__paragraph\">L\u00e4mp\u00f6tilat kohoavat t\u00e4n\u00e4\u00e4n etel\u00e4ss\u00e4 seitsem\u00e4n ja 14 pakkasasteen v\u00e4lille, mutta tuuli lis\u00e4\u00e4 pakkasen purevuutta. Lapissa l\u00e4mp\u00f6tilat vaihtelevat -24:n ja -40 asteen v\u00e4lill\u00e4.<\/p>\n","protected":false},"excerpt":{"rendered":"Ajokeli on muuttunut aamulla huonoksi maan etel\u00e4- ja keskiosissa, varoittaa Fintrafficin tieliikennekeskus. Lumisade, p\u00f6lly\u00e4v\u00e4 lumi sek\u00e4 lauhtuvan s\u00e4\u00e4n&hellip;\n","protected":false},"author":2,"featured_media":139393,"comment_status":"","ping_status":"","sticky":false,"template":"","format":"standard","meta":{"footnotes":""},"categories":[5],"tags":[22,23,26,27,33,31,30,17,71,24,25,14968,9765,28,29,15,18,21,710,32,10305,19,20,16],"class_list":{"0":"post-139392","1":"post","2":"type-post","3":"status-publish","4":"format-standard","5":"has-post-thumbnail","7":"category-otsikot","8":"tag-breaking-news","9":"tag-breakingnews","10":"tag-featured-news","11":"tag-featurednews","12":"tag-fi","13":"tag-finland","14":"tag-finnish","15":"tag-headlines","16":"tag-kotimaa","17":"tag-latest-news","18":"tag-latestnews","19":"tag-liikennesaa","20":"tag-lumi","21":"tag-main-news","22":"tag-mainnews","23":"tag-news","24":"tag-otsikot","25":"tag-paauutiset","26":"tag-saa","27":"tag-suomi","28":"tag-talvisaa","29":"tag-top-stories","30":"tag-topstories","31":"tag-uutiset"},"share_on_mastodon":{"url":"https:\/\/pubeurope.com\/@fi\/115875804760308276","error":""},"_links":{"self":[{"href":"https:\/\/www.europesays.com\/fi\/wp-json\/wp\/v2\/posts\/139392","targetHints":{"allow":["GET"]}}],"collection":[{"href":"https:\/\/www.europesays.com\/fi\/wp-json\/wp\/v2\/posts"}],"about":[{"href":"https:\/\/www.europesays.com\/fi\/wp-json\/wp\/v2\/types\/post"}],"author":[{"embeddable":true,"href":"https:\/\/www.europesays.com\/fi\/wp-json\/wp\/v2\/users\/2"}],"replies":[{"embeddable":true,"href":"https:\/\/www.europesays.com\/fi\/wp-json\/wp\/v2\/comments?post=139392"}],"version-history":[{"count":0,"href":"https:\/\/www.europesays.com\/fi\/wp-json\/wp\/v2\/posts\/139392\/revisions"}],"wp:featuredmedia":[{"embeddable":true,"href":"https:\/\/www.europesays.com\/fi\/wp-json\/wp\/v2\/media\/139393"}],"wp:attachment":[{"href":"https:\/\/www.europesays.com\/fi\/wp-json\/wp\/v2\/media?parent=139392"}],"wp:term":[{"taxonomy":"category","embeddable":true,"href":"https:\/\/www.europesays.com\/fi\/wp-json\/wp\/v2\/categories?post=139392"},{"taxonomy":"post_tag","embeddable":true,"href":"https:\/\/www.europesays.com\/fi\/wp-json\/wp\/v2\/tags?post=139392"}],"curies":[{"name":"wp","href":"https:\/\/api.w.org\/{rel}","templated":true}]}}