{"id":139398,"date":"2026-01-11T09:58:07","date_gmt":"2026-01-11T09:58:07","guid":{"rendered":"https:\/\/www.europesays.com\/fi\/139398\/"},"modified":"2026-01-11T09:58:07","modified_gmt":"2026-01-11T09:58:07","slug":"pirun-jainen-parikumpareikko-sopi-olli-penttalalle-finaaleja-vaille-loppuun-asti-suomalainen-taiteili-neljanneksi-maailmancupissa-urheilu","status":"publish","type":"post","link":"https:\/\/www.europesays.com\/fi\/139398\/","title":{"rendered":"&#8221;Pirun j\u00e4inen&#8221; parikumpareikko sopi Olli Penttalalle finaaleja vaille loppuun asti \u2013 suomalainen taiteili nelj\u00e4nneksi maailmancupissa | Urheilu"},"content":{"rendered":"<p>Freestylehiiht\u00e4j\u00e4 Olli Penttala vastasi parhaasta suomalaissuorituksesta miesten maailmancupin parikumparekilpailussa Kanadan Val St. Comessa. Penttala taiteili hankalissa olosuhteissa nelj\u00e4nneksi sunnuntain vastaisena y\u00f6n\u00e4 Suomen aikaa.<\/p>\n<p>\u2013\u2009M\u00e4ki oli t\u00e4n\u00e4\u00e4n pirun j\u00e4inen, kun eilen satoi vett\u00e4 ja t\u00e4n\u00e4\u00e4n mentiin pakkaselle. Todella liukas m\u00e4ki, Penttala kuvaili Ski Sport Finlandin tiedotteessa.<\/p>\n<p>Penttala p\u00e4ihitti Ranskan Arthur de Villaucourtin 19\u201316, Espanjan Lucas Verdaguer Fornin 25\u201310, Yhdysvaltain Nick Pagen 21\u201314 ja Kazakstanin Pavel Kolmakovin 23\u201312. Hyv\u00e4 meno tyss\u00e4si v\u00e4lier\u00e4ss\u00e4, jossa Penttala laski ulos, ja japanilaist\u00e4hti Ikuma Horishima nappasi finaalipaikan 35\u201310. Penttala laski ulos my\u00f6s pikkufinaalissa ja h\u00e4visi Ruotsin Filip Gravenforsille 0\u201335.<\/p>\n<p>\u2013\u2009V\u00e4lier\u00e4lasku Ikumaa vastaan sinisess\u00e4 r\u00e4nniss\u00e4 oli vaikea, siin\u00e4 tuli v\u00e4h\u00e4n kaikenlaista, ja jouduin v\u00e4\u00e4nt\u00e4m\u00e4\u00e4n laskun ulos. Viimeisess\u00e4 laskussa Filipi\u00e4 vastaan oli yksi kulmikas kumpu, jota vasten horjahdin ja siit\u00e4 ulos radalta. Finaalissa Ikuma horjahti samassa kummussa, Penttala muistutti radan hankaluudesta.<\/p>\n<p>Horishima taipui finaalissa Kanadan Julien Vielille.<\/p>\n<p>Suomen muista laskijoista Severi Vierel\u00e4 oli 30:s, Rasmus Karjalainen 33:s ja Akseli Ahvenainen 34:s.<\/p>\n","protected":false},"excerpt":{"rendered":"Freestylehiiht\u00e4j\u00e4 Olli Penttala vastasi parhaasta suomalaissuorituksesta miesten maailmancupin parikumparekilpailussa Kanadan Val St. Comessa. Penttala taiteili hankalissa olosuhteissa nelj\u00e4nneksi&hellip;\n","protected":false},"author":2,"featured_media":139399,"comment_status":"","ping_status":"","sticky":false,"template":"","format":"standard","meta":{"footnotes":""},"categories":[158],"tags":[33,31,30,2096,41,2883,2668,710,159,32,1145,160,161],"class_list":{"0":"post-139398","1":"post","2":"type-post","3":"status-publish","4":"format-standard","5":"has-post-thumbnail","7":"category-urheilu","8":"tag-fi","9":"tag-finland","10":"tag-finnish","11":"tag-hiihtolajit","12":"tag-liikunta-ja-urheilu","13":"tag-maailmancupit-ja-maailmanmestaruuskilpailut","14":"tag-pohjoismaiset-hiihtolajit","15":"tag-saa","16":"tag-sports","17":"tag-suomi","18":"tag-talviurheilu","19":"tag-urheilu","20":"tag-urheilutapahtumat"},"share_on_mastodon":{"url":"https:\/\/pubeurope.com\/@fi\/115875879692673492","error":""},"_links":{"self":[{"href":"https:\/\/www.europesays.com\/fi\/wp-json\/wp\/v2\/posts\/139398","targetHints":{"allow":["GET"]}}],"collection":[{"href":"https:\/\/www.europesays.com\/fi\/wp-json\/wp\/v2\/posts"}],"about":[{"href":"https:\/\/www.europesays.com\/fi\/wp-json\/wp\/v2\/types\/post"}],"author":[{"embeddable":true,"href":"https:\/\/www.europesays.com\/fi\/wp-json\/wp\/v2\/users\/2"}],"replies":[{"embeddable":true,"href":"https:\/\/www.europesays.com\/fi\/wp-json\/wp\/v2\/comments?post=139398"}],"version-history":[{"count":0,"href":"https:\/\/www.europesays.com\/fi\/wp-json\/wp\/v2\/posts\/139398\/revisions"}],"wp:featuredmedia":[{"embeddable":true,"href":"https:\/\/www.europesays.com\/fi\/wp-json\/wp\/v2\/media\/139399"}],"wp:attachment":[{"href":"https:\/\/www.europesays.com\/fi\/wp-json\/wp\/v2\/media?parent=139398"}],"wp:term":[{"taxonomy":"category","embeddable":true,"href":"https:\/\/www.europesays.com\/fi\/wp-json\/wp\/v2\/categories?post=139398"},{"taxonomy":"post_tag","embeddable":true,"href":"https:\/\/www.europesays.com\/fi\/wp-json\/wp\/v2\/tags?post=139398"}],"curies":[{"name":"wp","href":"https:\/\/api.w.org\/{rel}","templated":true}]}}