{"id":139406,"date":"2026-01-11T10:04:07","date_gmt":"2026-01-11T10:04:07","guid":{"rendered":"https:\/\/www.europesays.com\/fi\/139406\/"},"modified":"2026-01-11T10:04:07","modified_gmt":"2026-01-11T10:04:07","slug":"tama-oli-ratkaisevaa-jari-saarion-pelastamisessa-meripelastusjohtaja-kommentoi-dramaattisia-vaiheita","status":"publish","type":"post","link":"https:\/\/www.europesays.com\/fi\/139406\/","title":{"rendered":"T\u00e4m\u00e4 oli ratkaisevaa Jari Saarion pelastamisessa \u2013 meripelastusjohtaja kommentoi dramaattisia vaiheita"},"content":{"rendered":"<p>Meripelastuskeskus MRCC Turku sai sunnuntaiy\u00f6n\u00e4 tietoja soutajan pelastusoperaatiosta.<\/p>\n<p>Jari Saario on pelastettu.Video: IS<\/p>\n<p class=\"article-body mb-nof-24 px-nof-16\">Merih\u00e4t\u00e4\u00e4n joutunut soutaja <a class=\"font-bold underline-offset-[0.12em] [text-decoration:var(--person-link-text-decoration)] ![text-decoration-color:var(--person-link-text-decoration-color)]\" href=\"https:\/\/www.is.fi\/haku\/?query=Jari%20Saario\" rel=\"nofollow noopener\" target=\"_blank\">Jari Saario<\/a>, 53, pelastettiin sunnuntain vastaisena y\u00f6n\u00e4 Suomen aikaa Atlantin valtamerelt\u00e4.<\/p>\n<p class=\"article-body mb-nof-24 px-nof-16\">Saarion voinnin on kerrottu olevan olosuhteisiin n\u00e4hden hyv\u00e4. H\u00e4nest\u00e4 huolehditaan kauppa-alus Cymona Eaglella, jonka kyytiin h\u00e4net pelastettiin.<\/p>\n<p class=\"article-body mb-nof-24 px-nof-16\">Paikalliset meripelastusviranomaiset koordinoivat Saarion pelastamista aluksen miehist\u00f6n kanssa.<\/p>\n<p class=\"article-body mb-nof-24 px-nof-16\">L\u00e4nsi-Suomen merivartioston, Turun meripelastuskeskus MRCC:n mukaan vastuu Saarion pelastustoimista oli Etel\u00e4-Afrikan meripelastuskeskuksella.<\/p>\n<p class=\"article-body mb-nof-24 px-nof-16\">Suomessa meripelastuskeskus MRCC Turku saa suomalaisalusten h\u00e4t\u00e4tilanteita tiedoksi eri merialueilta ja seuraa tilanteita ymp\u00e4ri vuorokauden. My\u00f6s Saarion pelastamisoperaatioita seurattiin.<\/p>\n<p class=\"article-body mb-nof-24 px-nof-16\">Sunnuntaina tavoitettu meripelastusjohtaja <a class=\"font-bold underline-offset-[0.12em] [text-decoration:var(--person-link-text-decoration)] ![text-decoration-color:var(--person-link-text-decoration-color)]\" href=\"https:\/\/www.is.fi\/haku\/?query=Antti%20Jutila\" rel=\"nofollow noopener\" target=\"_blank\">Antti Jutila<\/a> ei ollut ty\u00f6vuorossa sunnuntain vastaisena y\u00f6n\u00e4, mutta h\u00e4nelle oli raportoitu asiasta.<\/p>\n<p class=\"article-body mb-nof-24 px-nof-16\">\u2013 Tilanne p\u00e4\u00e4ttyi onnellisesti, hyv\u00e4 niin. Saimme tietoja, ett\u00e4 mit\u00e4 tapahtuu ja tapahtui. Meid\u00e4n tietomme on nyt, ett\u00e4 h\u00e4n on laivassa turvassa, Jutila kertoi noin kello 11 sunnuntaina.<\/p>\n<p class=\"article-body mb-nof-24 px-nof-16\">Medioille l\u00e4hetetyss\u00e4 tiedotteessa on raportoitu, ett\u00e4 Cynamo Eagle jatkaa todenn\u00e4k\u00f6isesti matkaansa alkuper\u00e4iseen m\u00e4\u00e4r\u00e4np\u00e4\u00e4h\u00e4ns\u00e4 Bangladeshiin. Saarion paluu Suomeen t\u00e4smentyy my\u00f6hemmin.<\/p>\n<p class=\"article-body mb-nof-24 px-nof-16\">\u2013 En tied\u00e4, onko h\u00e4nell\u00e4 mahdollisuuksia p\u00e4\u00e4st\u00e4 laivasta pois aiemmin. Todenn\u00e4k\u00f6isesti laiva ei rupea mit\u00e4\u00e4n mutkia t\u00e4llaisen takia tekem\u00e4\u00e4n. Oletus on, ett\u00e4 laiva kulkee nyt alkuper\u00e4ist\u00e4, suunniteltua reitti\u00e4\u00e4n, meripelastusjohtaja Jutila arvioi.<\/p>\n<p class=\"article-body mb-nof-24 px-nof-16\">Kauppa-aluksen miehist\u00f6n kerrottiin olleen Saarioon yhteydess\u00e4 radiolla. H\u00e4nell\u00e4 kerrottiin olleen k\u00e4yt\u00f6ss\u00e4\u00e4n my\u00f6s soihtuja ja h\u00e4t\u00e4raketteja aluksen \u201dl\u00e4hestymisen varmistamiseksi\u201d.<\/p>\n<p class=\"article-body mb-nof-24 px-nof-16\">Meripelastusjohtaja Jutila pit\u00e4\u00e4 my\u00f6s Saarion satelliittipuhelinta ratkaisevana asiana pelastumisessa. Jutila olettaa, ett\u00e4 Saariolla oli riitt\u00e4v\u00e4sti vara-akkuja satelliittipuhelimeensa.<\/p>\n<p class=\"article-body mb-nof-24 px-nof-16\">\u2013 Onneksi h\u00e4nell\u00e4 oli satelliittipuhelimessa virtaa. Tuolta alueelta ei ole mik\u00e4\u00e4n varma juttu, ett\u00e4 ihminen l\u00f6ytyy, vaikka suurin piirtein olisikin paikka tiedossa.<\/p>\n<p class=\"article-body mb-nof-24 px-nof-16\">\u2013 Minulla on sellainen k\u00e4sitys, ett\u00e4 h\u00e4n sai satelliittipuhelimella annettua koordinaatit \u2013 muuten se olisi aika mahdoton paikka. Jos v\u00e4h\u00e4nk\u00e4\u00e4n menee koordinaatit pieleen, niin voi olla, ettei ihmist\u00e4 l\u00f6ydy. Siell\u00e4 oli aikamoinen merenk\u00e4ynti, aallokko ja pime\u00e4\u00e4.<\/p>\n<p class=\"article-body mb-nof-24 px-nof-16\">Jutila arvioi, ett\u00e4 Saarion arvokas erikoisvene j\u00e4i merelle.<\/p>\n<p class=\"article-body mb-nof-24 px-nof-16\">\u2013 Veneen paikannustieto on h\u00e4vinnyt seurantaj\u00e4rjestelm\u00e4st\u00e4. En tied\u00e4, mit\u00e4 sille on tapahtunut. Voi olla, ett\u00e4 vene j\u00e4i sinne \u2013 ettei sit\u00e4 ehk\u00e4 ryhdytty kovassa aallokossa nostamaan. Tuskin sit\u00e4 on otettu kyytiin, ei sit\u00e4 oikein t\u00e4ss\u00e4 tapauksessa hinatakaan voi.<\/p>\n<p><img decoding=\"async\" src=\"https:\/\/www.europesays.com\/fi\/wp-content\/uploads\/2026\/01\/1768125847_42_468.jpg\" alt=\"Jari Saarion pelastamisesta julkaistiin Instagramissa video, joka kuitenkin poistettiin my\u00f6hemmin.\" class=\"_Img_1rerz_1\" style=\"aspect-ratio:0.6276041666666666\" loading=\"eager\"\/><\/p>\n<p class=\"article-picture-caption\">Jari Saarion pelastamisesta julkaistiin Instagramissa video, joka kuitenkin poistettiin my\u00f6hemmin. Kuva:\u00a0Kuvakaappaus \/ Instagram<\/p>\n<p class=\"article-body mb-nof-24 px-nof-16\">Esille nousevat my\u00f6s pelastusoperaation kustannukset. Kauppa-alus esimerkiksi poikkesi alkuper\u00e4iselt\u00e4 reitilt\u00e4\u00e4n. Se tuottaa tietenkin lis\u00e4kustannuksia.<\/p>\n<p class=\"article-body mb-nof-24 px-nof-16\">Meripelastusjohtaja Jutila ei osannut \u00e4kkiselt\u00e4\u00e4n sanoa, ett\u00e4 mille taholle maksuja ja korvauksia Saarion tapauksessa kenties koituu.<\/p>\n<p class=\"article-body mb-nof-24 px-nof-16\">\u2013 Meneek\u00f6 sitten jonkinlaisen vakuutuksen piikkiin? Jos t\u00e4llainen tapahtuisi Suomessa, niin se olisi valtion palvelua, ja Suomen alueilla varustamo pystyisi hakemaan korvauksia, Jutila sanoi.<\/p>\n","protected":false},"excerpt":{"rendered":"Meripelastuskeskus MRCC Turku sai sunnuntaiy\u00f6n\u00e4 tietoja soutajan pelastusoperaatiosta. Jari Saario on pelastettu.Video: IS Merih\u00e4t\u00e4\u00e4n joutunut soutaja Jari Saario,&hellip;\n","protected":false},"author":2,"featured_media":139407,"comment_status":"","ping_status":"","sticky":false,"template":"","format":"standard","meta":{"footnotes":""},"categories":[12],"tags":[22,23,26,27,33,31,30,17,34,24,25,28,29,15,18,21,32,19,20,16],"class_list":{"0":"post-139406","1":"post","2":"type-post","3":"status-publish","4":"format-standard","5":"has-post-thumbnail","7":"category-suomi","8":"tag-breaking-news","9":"tag-breakingnews","10":"tag-featured-news","11":"tag-featurednews","12":"tag-fi","13":"tag-finland","14":"tag-finnish","15":"tag-headlines","16":"tag-ilta-sanomat","17":"tag-latest-news","18":"tag-latestnews","19":"tag-main-news","20":"tag-mainnews","21":"tag-news","22":"tag-otsikot","23":"tag-paauutiset","24":"tag-suomi","25":"tag-top-stories","26":"tag-topstories","27":"tag-uutiset"},"share_on_mastodon":{"url":"https:\/\/pubeurope.com\/@fi\/115875903248440984","error":""},"_links":{"self":[{"href":"https:\/\/www.europesays.com\/fi\/wp-json\/wp\/v2\/posts\/139406","targetHints":{"allow":["GET"]}}],"collection":[{"href":"https:\/\/www.europesays.com\/fi\/wp-json\/wp\/v2\/posts"}],"about":[{"href":"https:\/\/www.europesays.com\/fi\/wp-json\/wp\/v2\/types\/post"}],"author":[{"embeddable":true,"href":"https:\/\/www.europesays.com\/fi\/wp-json\/wp\/v2\/users\/2"}],"replies":[{"embeddable":true,"href":"https:\/\/www.europesays.com\/fi\/wp-json\/wp\/v2\/comments?post=139406"}],"version-history":[{"count":0,"href":"https:\/\/www.europesays.com\/fi\/wp-json\/wp\/v2\/posts\/139406\/revisions"}],"wp:featuredmedia":[{"embeddable":true,"href":"https:\/\/www.europesays.com\/fi\/wp-json\/wp\/v2\/media\/139407"}],"wp:attachment":[{"href":"https:\/\/www.europesays.com\/fi\/wp-json\/wp\/v2\/media?parent=139406"}],"wp:term":[{"taxonomy":"category","embeddable":true,"href":"https:\/\/www.europesays.com\/fi\/wp-json\/wp\/v2\/categories?post=139406"},{"taxonomy":"post_tag","embeddable":true,"href":"https:\/\/www.europesays.com\/fi\/wp-json\/wp\/v2\/tags?post=139406"}],"curies":[{"name":"wp","href":"https:\/\/api.w.org\/{rel}","templated":true}]}}