{"id":139408,"date":"2026-01-11T10:05:09","date_gmt":"2026-01-11T10:05:09","guid":{"rendered":"https:\/\/www.europesays.com\/fi\/139408\/"},"modified":"2026-01-11T10:05:09","modified_gmt":"2026-01-11T10:05:09","slug":"varoitus-suomea-kiertavasta-pakettiautosta-asiakirjat-paljastavat-karun-totuuden-taustalta","status":"publish","type":"post","link":"https:\/\/www.europesays.com\/fi\/139408\/","title":{"rendered":"Varoitus Suomea kiert\u00e4v\u00e4st\u00e4 pakettiautosta \u2013 Asiakirjat paljastavat karun totuuden taustalta"},"content":{"rendered":"<p>Tarja Malmstr\u00f6mi\u00e4 on ep\u00e4ilty kahdesta el\u00e4insuojelurikoksesta. <\/p>\n<ul>\n<li>Poliisi on ep\u00e4illyt Sinun lemmikkisi -yritt\u00e4j\u00e4\u00e4 Tarja Malmstr\u00f6mi\u00e4 kahdesta el\u00e4insuojelurikoksesta. <\/li>\n<li>Ep\u00e4ilyjen mukaan Malmstr\u00f6m olisi yritt\u00e4nyt poistaa koiralta hampaan h\u00e4nen tarjoamansa hammashoidon yhteydess\u00e4. <\/li>\n<li>Vain toisesta rikosep\u00e4ilyst\u00e4 nousi syyte. Asiaa k\u00e4sitell\u00e4\u00e4n my\u00f6hemmin Pirkanmaan k\u00e4r\u00e4j\u00e4oikeudessa. <\/li>\n<\/ul>\n<p class=\"paragraph\">Sinun lemmikkisi -yritt\u00e4j\u00e4\u00e4 <strong>Tarja Malmstr\u00f6mi\u00e4<\/strong> on ep\u00e4ilty ainakin kahdesta el\u00e4insuojelurikoksesta. Asia k\u00e4y ilmi julkisista l\u00e4hteist\u00e4 sek\u00e4 Iltalehden hankkimista asiakirjoista. Ainakin toinen rikosep\u00e4ilyist\u00e4 liittyy h\u00e4nen tekemiins\u00e4 lemmikkien hammashoitoihin.<\/p>\n<p class=\"paragraph\"><a href=\"https:\/\/www.iltalehti.fi\/kotimaa\/7810e4c2-bc6d-45d6-8ff8-733efe7e9644\" rel=\"nofollow noopener\" target=\"_blank\">Iltalehti uutisoi<\/a> vaasalaisen el\u00e4inklinikan Facebook-julkaisusta, jossa lemmikinomistajia varoitettiin henkil\u00f6st\u00e4, joka tarjoaa \u201dhammaskiven poistoa\u201d pakettiautossa ilman asianmukaista el\u00e4inl\u00e4\u00e4ketieteellist\u00e4 koulutusta tai mahdollisuutta rauhoittaa el\u00e4int\u00e4.<\/p>\n<p class=\"paragraph\">Ruokaviraston mukaan hammaskiven poisto tulee tehd\u00e4 el\u00e4imelle rauhoituksessa, jonka vuoksi toimenpide on sallittu ainoastaan el\u00e4inl\u00e4\u00e4k\u00e4reille. Voit lukea asiasta lis\u00e4\u00e4 <a href=\"https:\/\/www.iltalehti.fi\/kotimaa\/7810e4c2-bc6d-45d6-8ff8-733efe7e9644\" rel=\"nofollow noopener\" target=\"_blank\">t\u00e4ss\u00e4 jutussa.<\/a><\/p>\n<p class=\"paragraph\">Sinun lemmikkisi -yritt\u00e4j\u00e4 Tarja Malmstr\u00f6m katsoo, ett\u00e4 el\u00e4inklinikan julkaisu on yhdistett\u00e4viss\u00e4 h\u00e4nen toimintaansa. Malmstr\u00f6m kuitenkin kiist\u00e4\u00e4 Iltalehdelle, ett\u00e4 el\u00e4inklinikan julkaisussa olisi kyse h\u00e4nen hoitamastaan koirasta.<\/p>\n<p class=\"paragraph\">Sinun lemmikkisi -yrityksen sosiaalisen median sis\u00e4lt\u00f6jen perusteella Malmstr\u00f6m tarjoaa lemmikeille \u201dhammaskiven poistoa ilman nukutusta\u201d ja tekee hoitoja muun muassa pakettiautossa.<\/p>\n<p class=\"paragraph\">Malmstr\u00f6m kertoo yrityksens\u00e4 verkkosivuilla olevansa \u201dkissojen ja koirien suuhygienisti\u201d. <a href=\"https:\/\/www.ruokavirasto.fi\/elaimet\/elainlaakarit\/oikeus-toimia-elainlaakarina\/usein-kysyttya\/#kuka-saa-kayttaa-nimiketta-elainten-suuhygienisti\" target=\"_blank\" rel=\"noopener nofollow\">Ruokaviraston<\/a> mukaan el\u00e4inten suuhygienisti ei ole suojattu ammattinimike, eik\u00e4 sen k\u00e4ytt\u00f6\u00f6n ole kriteerej\u00e4.<\/p>\n<p>El\u00e4insuojelurikossyyte<\/p>\n<p class=\"paragraph\"><a href=\"https:\/\/www.seiska.fi\/vain-seiskassa\/takavuosien-kohukaunotar-keskella-rikosvyyhtia-olen-syyton\/1957667?utm_term=Autofeed&amp;utm_medium=Social&amp;utm_source=Facebook&amp;fbclid=IwY2xjawOyJT9leHRuA2FlbQIxMABicmlkETFaV2N1TU1tQ3dNTlNZOFZKc3J0YwZhcHBfaWQQMjIyMDM5MTc4ODIwMDg5MgABHvmyEPvh-dlqJKbdMNs7O2DG4SA3hDV5us_ZBF2lewKWhnhdyKT3NVlwiGOV_aem_tlClQg6T7L6BtivpGz29IQ#Echobox=1760327260\" target=\"_blank\" rel=\"noopener nofollow\">Seiska<\/a> uutisoi lokakuussa, ett\u00e4 Malmstr\u00f6mi\u00e4 vastaan on nostettu el\u00e4insuojelurikossyyte. Malmstr\u00f6m on Seiskan mukaan tunnettu muusikko <strong>Pertti \u201dNipa\u201d Neumannin<\/strong> entisen\u00e4 kihlattuna.<\/p>\n<p class=\"paragraph\">Malmstr\u00f6m kiist\u00e4\u00e4 el\u00e4insuojelurikossyytteen Iltalehdelle ja kertoo pit\u00e4v\u00e4ns\u00e4 itse\u00e4\u00e4n syytt\u00f6m\u00e4n\u00e4.<\/p>\n<p class=\"paragraph\">\u2013 Kyseinen asia on vanhentunut, eik\u00e4 siit\u00e4 ole annettu lainvoimaista tuomiota. Tapaus liittyy laajempaan mustamaalauskampanjaan, jonka taustalla on entinen tilitoimistoni. Kyseinen taho on kavaltanut yhti\u00f6lt\u00e4ni varoja, ja tapahtumien kokonaisuutta on k\u00e4sitelty viranomaisten toimesta, Malmstr\u00f6m kirjoittaa Iltalehdelle s\u00e4hk\u00f6postitse.<\/p>\n<p class=\"paragraph\">Malmstr\u00f6mi\u00e4 ei h\u00e4nen v\u00e4itt\u00e4miens\u00e4 kuuluvuusongelmien vuoksi ollut mahdollista haastatella puhelimitse.<\/p>\n<p>Ruokaviraston n\u00e4kemyksen mukaan hammaskiven mekaaninen puhdistus instrumentilla sek\u00e4 ultra\u00e4\u00e4nihammaskivenpoistolaitteella tulee tehd\u00e4 el\u00e4imelle rauhoituksessa, mink\u00e4 vuoksi ne ovat ainoastaan el\u00e4inl\u00e4\u00e4k\u00e4reille sallittuja toimenpiteit\u00e4. Kuvituskuva. Adobe Stock \/ AOP<\/p>\n<p class=\"paragraph\">El\u00e4insuojelurikossyytett\u00e4 oli tarkoitus k\u00e4sitell\u00e4 Pirkanmaan k\u00e4r\u00e4j\u00e4oikeudessa 17. joulukuuta, mutta k\u00e4r\u00e4j\u00e4oikeudesta kerrottiin Iltalehdelle, ett\u00e4 istunto peruuntui, sill\u00e4 asianosainen halusi hankkia asiaan lis\u00e4selvityksi\u00e4. Istunnon uudesta ajankohdasta ei ole t\u00e4ll\u00e4 hetkell\u00e4 tietoa.<\/p>\n<p class=\"paragraph\">Rikosasiaa koskevat asiakirjat eiv\u00e4t t\u00e4st\u00e4 syyst\u00e4 ole viel\u00e4 julkisia, joten syytteen tai ep\u00e4illyn rikoksen sis\u00e4ll\u00f6st\u00e4 ei toistaiseksi ole saatavilla tarkempaa tietoa.<\/p>\n<p>Toinen el\u00e4insuojelurikosep\u00e4ily<\/p>\n<p class=\"paragraph\">Malmstr\u00f6mi\u00e4 ep\u00e4iltiin aiemmin my\u00f6s toisesta el\u00e4insuojelurikoksesta, joka liittyi h\u00e4nen tekem\u00e4\u00e4ns\u00e4 koiran hammashoitoon Joensuussa vuonna 2023. Tutkinta p\u00e4\u00e4ttyi, kun syytt\u00e4j\u00e4 p\u00e4\u00e4tti j\u00e4tt\u00e4\u00e4 asiassa syytteen nostamatta.<\/p>\n<p class=\"paragraph\">It\u00e4-Suomen poliisilaitoksen esitutkintap\u00f6yt\u00e4kirjassa kerrotaan, ett\u00e4 Malmstr\u00f6min ep\u00e4iltiin tehneen koiralle suunhoidon tai hammaskiven puhdistuksen yhteydess\u00e4 toimenpiteen, joka on aiheuttanut koiralle tarpeetonta kipua ja k\u00e4rsimyst\u00e4.<\/p>\n<p class=\"paragraph\">Kuulustelup\u00f6yt\u00e4kirjassa kerrotaan, ett\u00e4 Malmstr\u00f6m ep\u00e4illysti yritti poistaa hampaan pienelt\u00e4 koiralta, joka oli tullut h\u00e4nelle hammashoitoon. Malmstr\u00f6m kiisti poliisille poistaneensa hammasta.<\/p>\n<p class=\"paragraph\">\u2013 Sill\u00e4 koiralla oli kolmijuurinen hammas. Se tarkoittaa, ett\u00e4 hammas on niin irti, ett\u00e4 suuta ei saatu kiinni. Olen luultavasti siirt\u00e4nyt hammasta niin, ett\u00e4 koira saa suun kiinni, ja sitten neuvonut [omistajaa] menem\u00e4\u00e4n el\u00e4inl\u00e4\u00e4k\u00e4riin, Malmstr\u00f6m kertoi poliisikuulustelussa.<\/p>\n<p class=\"paragraph\">\u2013 Mun on el\u00e4insuojelullisista syist\u00e4 annettava koiralle ensiapua, ett\u00e4 koira saa suun kiinni, Malmstr\u00f6m kertoi poliisille.<\/p>\n<p>Sinun lemmikkisi -yritt\u00e4j\u00e4 Tarja Malmstr\u00f6m. Fjoralba Maliqi, Tarja Malmstr\u00f6min kotialbumi<\/p>\n<p class=\"paragraph\">Poliisi kysyi Malmstr\u00f6milt\u00e4, aiheutuuko hampaanpoistosta el\u00e4imelle k\u00e4rsimyst\u00e4 ilman kipul\u00e4\u00e4kityst\u00e4 tai anestesiaa. Malmstr\u00f6m vastasi, ett\u00e4 k\u00e4rsimyst\u00e4 aiheutuu, mik\u00e4li tulehdus on jatkunut suussa niin pitk\u00e4\u00e4n, ett\u00e4 hampaan juuri kuolee. Kuolleessa juuressa ei h\u00e4nen mukaansa ole tuntoa.<\/p>\n<p class=\"paragraph\">Poliisi kysyi Malmstr\u00f6milt\u00e4, oliko hampaan siirt\u00e4minen sellainen toimenpide, joka ei olisi voinut odottaa sen verran, ett\u00e4 se olisi voitu hoitaa asianmukaisesti el\u00e4inl\u00e4\u00e4k\u00e4riss\u00e4.<\/p>\n<p class=\"paragraph\">\u2013 Oli lauantai ja tuolla suunnalla ei ole hirve\u00e4n helppo p\u00e4\u00e4st\u00e4 el\u00e4inl\u00e4\u00e4k\u00e4riin. Koiralla oli hammas niin vinosti suussa, ett\u00e4 koira ei saanut leukojaan kiinni. Koira ei pystynyt sy\u00f6m\u00e4\u00e4n eik\u00e4 juomaan, Malmstr\u00f6m vastasi.<\/p>\n<p class=\"paragraph\">Koiran omistaja oli kertonut poliisille, ett\u00e4 koira oli inissyt ja vinkunut sek\u00e4 yritt\u00e4nyt repi\u00e4 p\u00e4\u00e4t\u00e4\u00e4n pois hoitajan otteesta, kun t\u00e4m\u00e4 ep\u00e4illysti yritti irrottaa koiran heiluvaa hammasta. Malmstr\u00f6min mukaan t\u00e4m\u00e4 ei pid\u00e4 paikkaansa. H\u00e4n kertoi poliisille, ettei jatka toimenpiteit\u00e4 silloin, jos koira ulisee.<\/p>\n<p class=\"paragraph\">\u2013 Sellaisella ultra\u00e4\u00e4nityyppisell\u00e4 laitteella h\u00e4n sanoi poistavansa hammaskive\u00e4 suusta, ja sitten h\u00e4n my\u00f6s mekaanisesti rapsutteli sielt\u00e4. Ja sit\u00e4 heiluvaa hammasta h\u00e4n eri tavoilla heilutteli ja yritti irrottaa. En muista mink\u00e4laisia v\u00e4lineit\u00e4 h\u00e4n siin\u00e4 k\u00e4ytti, mutta yritti kuitenkin hammasta irrottaa, koiran omistaja kertoi poliisikuulustelussa.<\/p>\n<p>Kuvakaappaus yrityksen Instagram-tililt\u00e4. Julkaisussa annetaan ymm\u00e4rt\u00e4\u00e4, ett\u00e4 nukutuksen aiheuttamat lemmikkien kuolemat olisivat luultua yleisempi\u00e4. Kuvakaappaus<\/p>\n<p class=\"paragraph\">Omistaja oli muutama p\u00e4iv\u00e4 my\u00f6hemmin vienyt koiransa el\u00e4inl\u00e4\u00e4k\u00e4rin vastaanotolle. El\u00e4inl\u00e4\u00e4k\u00e4ri teki koiran omistajan luvalla rikosilmoituksen kuultuaan koiralle tehdyst\u00e4 toimenpiteest\u00e4.<\/p>\n<p class=\"paragraph\">Syytt\u00e4j\u00e4 ei nostanut asiassa syytett\u00e4, koska ep\u00e4illyn syyllisyyden tueksi ei h\u00e4nen mukaansa ollut todenn\u00e4k\u00f6isi\u00e4 syit\u00e4. Esitutkinnassa saadun selvityksen perusteella j\u00e4i syytt\u00e4j\u00e4n mukaan ep\u00e4selv\u00e4ksi, yrittik\u00f6 Malmstr\u00f6m poistaa koiralta hampaan.<\/p>\n<p>Muut rikos- ja riita-asiat<\/p>\n<p class=\"paragraph\">Iltalehti teki tietopyynt\u00f6j\u00e4 k\u00e4r\u00e4j\u00e4oikeuksille ja poliisilaitoksille Malmstr\u00f6mi\u00e4 koskevista mahdollisista rikos- ja riita-asioista.<\/p>\n<p class=\"paragraph\">Iltalehdelle toimitetuista tiedoista k\u00e4y ilmi, ett\u00e4 Malmstr\u00f6mist\u00e4 on tehty kolme l\u00e4hestymiskieltohakemusta. Kolmesta l\u00e4hestymiskiellon hakijasta kaksi peruutti hakemuksensa, ja kolmas ei puolestaan toimittanut k\u00e4r\u00e4j\u00e4oikeuden pyyt\u00e4mi\u00e4 lis\u00e4tietoja, jonka my\u00f6t\u00e4 hakemus j\u00e4tettiin tutkimatta.<\/p>\n<p class=\"paragraph\">Lis\u00e4ksi useampi taho on perinyt Malmstr\u00f6milt\u00e4 velkoja k\u00e4r\u00e4j\u00e4oikeudessa. Vireille tulleita riita-asioita on viimeisen kymmenen vuoden aikana kertynyt 11 kappaletta.<\/p>\n<p class=\"paragraph\">Malmstr\u00f6mist\u00e4 on my\u00f6s tehty useita rikosilmoituksia poliisille. H\u00e4nest\u00e4 on tehty poliisille tutkintapyynt\u00f6j\u00e4 ainakin nimikkeill\u00e4 kunnianloukkaus, laiton uhkaus, maksuv\u00e4linepetos ja osakeyhti\u00f6rikos. Malmstr\u00f6m on my\u00f6s itse tehnyt poliisille rikosilmoituksen h\u00e4nen oman kunniansa loukkaamisesta.<\/p>\n<p>Sinun lemmikkisi -profiili kommentoi hammashoidoista varoittaneen el\u00e4inklinikan julkaisua Facebookissa. Klinikan julkaisussa ei nimetty ket\u00e4\u00e4n, vaan puhuttiin el\u00e4inl\u00e4\u00e4k\u00e4rin mukaan ilmi\u00f6st\u00e4 yleisell\u00e4 tasolla.  Kuvakaappaus<\/p>\n<p class=\"paragraph\">Poliisi on p\u00e4\u00e4tt\u00e4nyt edell\u00e4 mainittujen rikosasioiden tutkinnan, sill\u00e4 kyseisiss\u00e4 asioissa ei ollut syyt\u00e4 ep\u00e4ill\u00e4 rikosta.<\/p>\n<p class=\"paragraph\">Yhdess\u00e4 rikosasiassa asianomistaja peruutti rangaistusvaatimuksensa, jonka my\u00f6t\u00e4 esitutkinta oli lopetettava. Asianomistaja oli aiemmin kertonut poliisille, ett\u00e4 Malmstr\u00f6m oli uhannut tuhota h\u00e4nen el\u00e4m\u00e4ns\u00e4 ja muun muassa k\u00e4ytt\u00e4nyt luvatta h\u00e4nen maksukorttiaan.<\/p>\n<p class=\"paragraph\">Iltalehden hankkimista asiakirjoista k\u00e4y ilmi, ett\u00e4 Malmstr\u00f6mi\u00e4 on ep\u00e4ilty my\u00f6s talousrikoksista, mutta niist\u00e4 ei noussut syytteit\u00e4.<\/p>\n<p class=\"paragraph\">Er\u00e4\u00e4ss\u00e4 toisessa kunnianloukkaustutkinnan p\u00e4\u00e4t\u00f6ksess\u00e4 kerrotaan, ett\u00e4 Ruokavirasto teki tutkintapyynn\u00f6n tapauksesta, joka liittyi er\u00e4\u00e4n koiranomistajan kokemukseen Malmstr\u00f6min yrityksen tekem\u00e4st\u00e4 hoidosta. Helsingin poliisilaitoksen t\u00e4m\u00e4n vuoden kes\u00e4kuussa kirjatussa asiakirjassa kerrotaan, ett\u00e4 Ruokaviraston tutkintapyynt\u00f6\u00e4 koskeva asia on siirtynyt syytt\u00e4j\u00e4lle.<\/p>\n<p class=\"paragraph\">Iltalehti ei ole pystynyt vahvistamaan, onko asiassa kyse samasta tapauksesta, jota on tarkoitus k\u00e4sitell\u00e4 my\u00f6hemmin Pirkanmaan k\u00e4r\u00e4j\u00e4oikeudessa.<\/p>\n<p class=\"paragraph\">Koiran omistaja katsoi Malmstr\u00f6min loukanneen kunniaansa syytt\u00e4m\u00e4ll\u00e4 h\u00e4nt\u00e4 valehtelusta sen j\u00e4lkeen, kun h\u00e4n oli kertonut julkisuudessa kokemuksestaan koiransa hoitoon liittyen. Poliisi p\u00e4\u00e4tti kunnianloukkauksen tutkinnan, sill\u00e4 asiassa ei ollut syyt\u00e4 ep\u00e4ill\u00e4 rikosta.<\/p>\n","protected":false},"excerpt":{"rendered":"Tarja Malmstr\u00f6mi\u00e4 on ep\u00e4ilty kahdesta el\u00e4insuojelurikoksesta. Poliisi on ep\u00e4illyt Sinun lemmikkisi -yritt\u00e4j\u00e4\u00e4 Tarja Malmstr\u00f6mi\u00e4 kahdesta el\u00e4insuojelurikoksesta. Ep\u00e4ilyjen mukaan&hellip;\n","protected":false},"author":2,"featured_media":139409,"comment_status":"","ping_status":"","sticky":false,"template":"","format":"standard","meta":{"footnotes":""},"categories":[5],"tags":[35,22,23,404,26,27,33,31,30,17,3726,53,24,25,931,28,29,15,18,21,38,32,19,20,16],"class_list":{"0":"post-139408","1":"post","2":"type-post","3":"status-publish","4":"format-standard","5":"has-post-thumbnail","7":"category-otsikot","8":"tag-24h","9":"tag-breaking-news","10":"tag-breakingnews","11":"tag-elaimet","12":"tag-featured-news","13":"tag-featurednews","14":"tag-fi","15":"tag-finland","16":"tag-finnish","17":"tag-headlines","18":"tag-koiraelaimet","19":"tag-laki-oikeus-ja-rikos","20":"tag-latest-news","21":"tag-latestnews","22":"tag-lemmikkielaimet","23":"tag-main-news","24":"tag-mainnews","25":"tag-news","26":"tag-otsikot","27":"tag-paauutiset","28":"tag-rikos","29":"tag-suomi","30":"tag-top-stories","31":"tag-topstories","32":"tag-uutiset"},"share_on_mastodon":{"url":"https:\/\/pubeurope.com\/@fi\/115875906998576465","error":""},"_links":{"self":[{"href":"https:\/\/www.europesays.com\/fi\/wp-json\/wp\/v2\/posts\/139408","targetHints":{"allow":["GET"]}}],"collection":[{"href":"https:\/\/www.europesays.com\/fi\/wp-json\/wp\/v2\/posts"}],"about":[{"href":"https:\/\/www.europesays.com\/fi\/wp-json\/wp\/v2\/types\/post"}],"author":[{"embeddable":true,"href":"https:\/\/www.europesays.com\/fi\/wp-json\/wp\/v2\/users\/2"}],"replies":[{"embeddable":true,"href":"https:\/\/www.europesays.com\/fi\/wp-json\/wp\/v2\/comments?post=139408"}],"version-history":[{"count":0,"href":"https:\/\/www.europesays.com\/fi\/wp-json\/wp\/v2\/posts\/139408\/revisions"}],"wp:featuredmedia":[{"embeddable":true,"href":"https:\/\/www.europesays.com\/fi\/wp-json\/wp\/v2\/media\/139409"}],"wp:attachment":[{"href":"https:\/\/www.europesays.com\/fi\/wp-json\/wp\/v2\/media?parent=139408"}],"wp:term":[{"taxonomy":"category","embeddable":true,"href":"https:\/\/www.europesays.com\/fi\/wp-json\/wp\/v2\/categories?post=139408"},{"taxonomy":"post_tag","embeddable":true,"href":"https:\/\/www.europesays.com\/fi\/wp-json\/wp\/v2\/tags?post=139408"}],"curies":[{"name":"wp","href":"https:\/\/api.w.org\/{rel}","templated":true}]}}