{"id":139410,"date":"2026-01-11T10:17:07","date_gmt":"2026-01-11T10:17:07","guid":{"rendered":"https:\/\/www.europesays.com\/fi\/139410\/"},"modified":"2026-01-11T10:17:07","modified_gmt":"2026-01-11T10:17:07","slug":"suomalaiset-urheilutahdet-loysivat-toisensa-olette-upea-pari","status":"publish","type":"post","link":"https:\/\/www.europesays.com\/fi\/139410\/","title":{"rendered":"Suomalaiset urheilut\u00e4hdet l\u00f6ysiv\u00e4t toisensa \u2013 &#8221;Olette upea pari&#8221;"},"content":{"rendered":"<p>Suomalainen j\u00e4\u00e4kiekkoilija <strong>Oskar Osala<\/strong> on juhlistanut merkkip\u00e4iv\u00e4\u00e4 <strong>Linda<\/strong>-rakkaansa.<\/p>\n<p>Kaksikon Instagram-p\u00e4ivityksest\u00e4 selvi\u00e4\u00e4, ett\u00e4 he ovat nyt olleet yhdess\u00e4 kymmenen vuotta. He julkaisivat hempe\u00e4n yhteiskuvan sen kunniaksi.<\/p>\n<p>Oskari Osala teki pitk\u00e4n j\u00e4\u00e4kiekkouran ja lopetti uransa kauden 2018\u20132019 j\u00e4lkeen. H\u00e4n on sen j\u00e4lkeen keskittynyt muun muassa golfiin.<\/p>\n<p>Osalan Linda-vaimo on sen sijaan golf-ammattilainen. Pariskunta meni naimisiin vuonna 2022, ja heill\u00e4 on kaksi yhteist\u00e4 lasta.<\/p>\n<p>Kuva ker\u00e4si paljon kommentteja. Heille sateli onnitteluita.<\/p>\n<p>\u2013 Onnea! Olette upea pari! Teid\u00e4n katseesta voi n\u00e4hd\u00e4 sen onnen, kirjoitti yksi.<\/p>\n<blockquote class=\"instagram-media\" data-instgrm-captioned=\"\" data-instgrm-permalink=\"https:\/\/www.instagram.com\/p\/DTTDxilio4b\/?utm_source=ig_embed&amp;utm_campaign=loading\" data-instgrm-version=\"14\" style=\" background:#FFF; border:0; border-radius:3px; box-shadow:0 0 1px 0 rgba(0,0,0,0.5),0 1px 10px 0 rgba(0,0,0,0.15); margin: 1px; max-width:540px; min-width:326px; padding:0; width:99.375%; width:-webkit-calc(100% - 2px); width:calc(100% - 2px);\"\/>\n<p><a href=\"https:\/\/www.instagram.com\/p\/DTTDxilio4b\/\" target=\"_blank\" rel=\"noreferrer noopener nofollow\">Kuva t\u00e4st\u00e4.<\/a><\/p>\n<p><strong>LUE MY\u00d6S:\u00a0<a href=\"https:\/\/atleetti.fi\/eva-wahlstrom-paljasti-jattisumma-ottelusta-stagalaa-vastaan\/\" target=\"_blank\" rel=\"nofollow noopener\">Eva Wahlstr\u00f6m paljasti \u2013 j\u00e4ttisumma ottelusta Stagalaa vastaan (Atleetti.fi) <\/a><\/strong><\/p>\n<p><script async src=\"\/\/www.instagram.com\/embed.js\"><\/script><\/p>\n","protected":false},"excerpt":{"rendered":"Suomalainen j\u00e4\u00e4kiekkoilija Oskar Osala on juhlistanut merkkip\u00e4iv\u00e4\u00e4 Linda-rakkaansa. Kaksikon Instagram-p\u00e4ivityksest\u00e4 selvi\u00e4\u00e4, ett\u00e4 he ovat nyt olleet yhdess\u00e4 kymmenen&hellip;\n","protected":false},"author":2,"featured_media":139411,"comment_status":"","ping_status":"","sticky":false,"template":"","format":"standard","meta":{"footnotes":""},"categories":[136],"tags":[407,137,33,31,30,408,32,109],"class_list":{"0":"post-139410","1":"post","2":"type-post","3":"status-publish","4":"format-standard","5":"has-post-thumbnail","7":"category-julkkikset","8":"tag-celebrities","9":"tag-entertainment","10":"tag-fi","11":"tag-finland","12":"tag-finnish","13":"tag-julkkikset","14":"tag-suomi","15":"tag-viihde"},"share_on_mastodon":{"url":"https:\/\/pubeurope.com\/@fi\/115875954217549032","error":""},"_links":{"self":[{"href":"https:\/\/www.europesays.com\/fi\/wp-json\/wp\/v2\/posts\/139410","targetHints":{"allow":["GET"]}}],"collection":[{"href":"https:\/\/www.europesays.com\/fi\/wp-json\/wp\/v2\/posts"}],"about":[{"href":"https:\/\/www.europesays.com\/fi\/wp-json\/wp\/v2\/types\/post"}],"author":[{"embeddable":true,"href":"https:\/\/www.europesays.com\/fi\/wp-json\/wp\/v2\/users\/2"}],"replies":[{"embeddable":true,"href":"https:\/\/www.europesays.com\/fi\/wp-json\/wp\/v2\/comments?post=139410"}],"version-history":[{"count":0,"href":"https:\/\/www.europesays.com\/fi\/wp-json\/wp\/v2\/posts\/139410\/revisions"}],"wp:featuredmedia":[{"embeddable":true,"href":"https:\/\/www.europesays.com\/fi\/wp-json\/wp\/v2\/media\/139411"}],"wp:attachment":[{"href":"https:\/\/www.europesays.com\/fi\/wp-json\/wp\/v2\/media?parent=139410"}],"wp:term":[{"taxonomy":"category","embeddable":true,"href":"https:\/\/www.europesays.com\/fi\/wp-json\/wp\/v2\/categories?post=139410"},{"taxonomy":"post_tag","embeddable":true,"href":"https:\/\/www.europesays.com\/fi\/wp-json\/wp\/v2\/tags?post=139410"}],"curies":[{"name":"wp","href":"https:\/\/api.w.org\/{rel}","templated":true}]}}