{"id":139418,"date":"2026-01-11T10:29:10","date_gmt":"2026-01-11T10:29:10","guid":{"rendered":"https:\/\/www.europesays.com\/fi\/139418\/"},"modified":"2026-01-11T10:29:10","modified_gmt":"2026-01-11T10:29:10","slug":"venajan-hyokkayssota-ukrainassa-lyo-kestollaan-jo-neuvostoliiton-ja-natsi-saksan-sodan","status":"publish","type":"post","link":"https:\/\/www.europesays.com\/fi\/139418\/","title":{"rendered":"Ven\u00e4j\u00e4n hy\u00f6kk\u00e4yssota Ukrainassa ly\u00f6 kestollaan jo Neuvostoliiton ja natsi-Saksan sodan"},"content":{"rendered":"<p>    <img decoding=\"async\" class=\"responsive-image article__image-image lozad\"   src=\"https:\/\/www.europesays.com\/fi\/wp-content\/uploads\/2026\/01\/OQ5Chsgeis_uyGODYbtma2DABPAe1cpLCoBdKLeqUJzlA7rVFQgZbsn7DoYsceCJdkivW-07HjNmijNzESGWSh2KMM6LrIJOHNPf.jpeg\" alt=\"Ven\u00e4l\u00e4inen sotilas Mariupolissa huhtikuussa 2022. Ven\u00e4j\u00e4 hy\u00f6kk\u00e4si Ukrainaan saman vuoden helmikuussa.\"\/><\/p>\n<p>\n                Ven\u00e4l\u00e4inen sotilas Mariupolissa huhtikuussa 2022. Ven\u00e4j\u00e4 hy\u00f6kk\u00e4si Ukrainaan saman vuoden helmikuussa.\n              <\/p>\n<p>\n                Kuva: Alexander Nemenov \/ AFP \/ Lehtikuva\n              <\/p>\n<p class=\"article__paragraph\">\n      Ven\u00e4j\u00e4n laaja hy\u00f6kk\u00e4yssota Ukrainassa on jatkunut jo pidemp\u00e4\u00e4n kuin Neuvostoliiton ja natsi-Saksan v\u00e4linen taistelu toisessa maailmansodassa. Ukrainan sodan alkamisesta tuli sunnuntaina kuluneeksi 1\u2009418 p\u00e4iv\u00e4\u00e4, eik\u00e4 Ven\u00e4j\u00e4 ole osoittanut halua rauhaan tai edes tulitaukoon.\n    <\/p>\n<p class=\"article__paragraph\">\n      Saksa hy\u00f6kk\u00e4si Neuvostoliittoon ilman sodanjulistusta 22. kes\u00e4kuuta 1941. Ven\u00e4j\u00e4ll\u00e4 t\u00e4t\u00e4 sotaa kutsutaan suureksi is\u00e4nmaalliseksi sodaksi. Saksa ja Neuvostoliitto olivat t\u00e4t\u00e4 ennen liittolaisia, joilla oli voimassa oleva hy\u00f6kk\u00e4\u00e4m\u00e4tt\u00f6myyssopimus kesken\u00e4\u00e4n.\n    <\/p>\n<p class=\"article__paragraph\">\n      Saksan salamasotahy\u00f6kk\u00e4ys eteni syv\u00e4lle Neuvostoliittoon aluksi vauhdikkaasti. Sotaonni k\u00e4\u00e4ntyi saksalaisten Stalingradissa 1943 k\u00e4rsim\u00e4n tappion my\u00f6t\u00e4.\n    <\/p>\n<p class=\"article__paragraph\">\n      Neuvostoliiton ja Saksan sota p\u00e4\u00e4ttyi Saksan ehdottomaan antautumiseen, joka tuli voimaan Moskovan aikaa varhain 9. toukokuuta vuonna 1945.\n    <\/p>\n<p>      Sotiminen alkoi jo aiemmin<\/p>\n<p class=\"article__paragraph\">\n      Ukrainassa Ven\u00e4j\u00e4n joukot aloittivat yh\u00e4 jatkuvan laajamittaisen sodan hy\u00f6kk\u00e4yksell\u00e4 24. helmikuuta vuonna 2022. Sodan ensip\u00e4ivin\u00e4 l\u00e4helle Kiovaa edennyt ven\u00e4l\u00e4isten hy\u00f6kk\u00e4ysk\u00e4rki ly\u00f6tiin takaisin ja p\u00e4\u00e4kaupungin valtausyritys ep\u00e4onnistui.\n    <\/p>\n<p class=\"article__paragraph\">\n      Parin viime vuoden ajan kulutussota on keskittynyt It\u00e4-Ukrainaan, jossa Ven\u00e4j\u00e4 on kyennyt hitaasti valloittamaan uusia alueita. Ven\u00e4l\u00e4iset pit\u00e4v\u00e4t t\u00e4ll\u00e4 hetkell\u00e4 hallussaan noin viidesosaa Ukrainasta, mutta eiv\u00e4t esimerkiksi kokonaan kaikkia niit\u00e4 alueita, jotka Ven\u00e4j\u00e4 on yksipuolisesti julistanut liitt\u00e4neens\u00e4 itseens\u00e4.\n    <\/p>\n<p class=\"article__paragraph\">\n      Ukrainan sota on jo ajat sitten ylitt\u00e4nyt pituudeltaan Neuvostoliiton toisen maailmansodan aikaiset taistelut, jos mukaan lasketaan aseellisen konfliktin aiemmat vaiheet. N\u00e4in tarkasteltuna sota Ukrainassa ylitt\u00e4\u00e4 kestoltaan my\u00f6s Neuvostoliiton miehityksen Afganistanissa (1979\u201389) sek\u00e4 toisen Tshetshenian sodan (1999\u20132009).\n    <\/p>\n<p class=\"article__paragraph\">\n      Ukraina ja Nato arvioivat yli miljoonan ven\u00e4l\u00e4issotilaan kaatuneen tai haavoittuneen helmikuun 2022 j\u00e4lkeen. <a href=\"https:\/\/www.bbc.com\/news\/articles\/c62n922dnw7o\" rel=\"nofollow noopener\" target=\"_blank\">BBC:n<\/a> tuoreen selvityksen mukaan yksinomaan kaatuneita ven\u00e4l\u00e4isi\u00e4 on varmuudella noin 160\u2009000, mutta asiantuntijoiden mukaan todenn\u00e4k\u00f6inen m\u00e4\u00e4r\u00e4 on kaksinkertainen.\n    <\/p>\n","protected":false},"excerpt":{"rendered":"Ven\u00e4l\u00e4inen sotilas Mariupolissa huhtikuussa 2022. Ven\u00e4j\u00e4 hy\u00f6kk\u00e4si Ukrainaan saman vuoden helmikuussa. Kuva: Alexander Nemenov \/ AFP \/ Lehtikuva&hellip;\n","protected":false},"author":2,"featured_media":139419,"comment_status":"","ping_status":"","sticky":false,"template":"","format":"standard","meta":{"footnotes":""},"categories":[14],"tags":[22,23,26,27,33,31,30,17,24,25,28,29,15,18,21,32,19,20,56,16,59,60,61],"class_list":{"0":"post-139418","1":"post","2":"type-post","3":"status-publish","4":"format-standard","5":"has-post-thumbnail","7":"category-ulkomaat","8":"tag-breaking-news","9":"tag-breakingnews","10":"tag-featured-news","11":"tag-featurednews","12":"tag-fi","13":"tag-finland","14":"tag-finnish","15":"tag-headlines","16":"tag-latest-news","17":"tag-latestnews","18":"tag-main-news","19":"tag-mainnews","20":"tag-news","21":"tag-otsikot","22":"tag-paauutiset","23":"tag-suomi","24":"tag-top-stories","25":"tag-topstories","26":"tag-ulkomaat","27":"tag-uutiset","28":"tag-world","29":"tag-world-news","30":"tag-worldnews"},"share_on_mastodon":{"url":"https:\/\/pubeurope.com\/@fi\/115876001461474724","error":""},"_links":{"self":[{"href":"https:\/\/www.europesays.com\/fi\/wp-json\/wp\/v2\/posts\/139418","targetHints":{"allow":["GET"]}}],"collection":[{"href":"https:\/\/www.europesays.com\/fi\/wp-json\/wp\/v2\/posts"}],"about":[{"href":"https:\/\/www.europesays.com\/fi\/wp-json\/wp\/v2\/types\/post"}],"author":[{"embeddable":true,"href":"https:\/\/www.europesays.com\/fi\/wp-json\/wp\/v2\/users\/2"}],"replies":[{"embeddable":true,"href":"https:\/\/www.europesays.com\/fi\/wp-json\/wp\/v2\/comments?post=139418"}],"version-history":[{"count":0,"href":"https:\/\/www.europesays.com\/fi\/wp-json\/wp\/v2\/posts\/139418\/revisions"}],"wp:featuredmedia":[{"embeddable":true,"href":"https:\/\/www.europesays.com\/fi\/wp-json\/wp\/v2\/media\/139419"}],"wp:attachment":[{"href":"https:\/\/www.europesays.com\/fi\/wp-json\/wp\/v2\/media?parent=139418"}],"wp:term":[{"taxonomy":"category","embeddable":true,"href":"https:\/\/www.europesays.com\/fi\/wp-json\/wp\/v2\/categories?post=139418"},{"taxonomy":"post_tag","embeddable":true,"href":"https:\/\/www.europesays.com\/fi\/wp-json\/wp\/v2\/tags?post=139418"}],"curies":[{"name":"wp","href":"https:\/\/api.w.org\/{rel}","templated":true}]}}