{"id":139420,"date":"2026-01-11T10:30:07","date_gmt":"2026-01-11T10:30:07","guid":{"rendered":"https:\/\/www.europesays.com\/fi\/139420\/"},"modified":"2026-01-11T10:30:07","modified_gmt":"2026-01-11T10:30:07","slug":"sisusta-ei-ole-apua-kun-tyopaikat-puuttuvat","status":"publish","type":"post","link":"https:\/\/www.europesays.com\/fi\/139420\/","title":{"rendered":"Sisusta ei ole apua, kun ty\u00f6paikat puuttuvat"},"content":{"rendered":"<p>Lukijan mielipide|Sisusta ja \u201daina voi menn\u00e4 kaupan kassalle\u201d -neuvoista ei ole paljon hy\u00f6ty\u00e4, kun ty\u00f6paikkoja ei yksinkertaisesti ole.<\/p>\n<p class=\"article-body nof-ui-body-medium mb-nof-24 px-nof-16\">Kirjoitus on Helsingin Sanomien lukijan mielipide.<\/p>\n<p class=\"article-body mb-nof-24 px-nof-16\">Jaana Ravantti harmitteli kirjoituksessaan \u201cMihin h\u00e4visi kuuluisa suomalainen sisu?\u201d (<a class=\"underline underline-offset-[0.12em] [text-decoration-thickness:var(--generic-link-underline-thickness)] [text-decoration-color:var(--generic-link-underline-color)] [text-decoration-skip-ink:var(--generic-link-underline-skip-ink)] break-words\" href=\"https:\/\/www.hs.fi\/mielipide\/art-2000011739267.html\" rel=\"nofollow noopener\" target=\"_blank\">HS Mielipide 10.1.<\/a>) tuoreita ty\u00f6tt\u00f6myystilastoja, joissa Suomi on noussut Euroopan k\u00e4rkeen. Tilanne on tosiaankin murheellinen niin valtion kuin ty\u00f6tt\u00f6mienkin n\u00e4k\u00f6kulmasta \u2013 yrityksetkin k\u00e4rsiv\u00e4t laahaavasta ostovoimasta.<\/p>\n<p class=\"article-body mb-nof-24 px-nof-16\">Ravantti antoi kirjoituksessaan ymm\u00e4rt\u00e4\u00e4, ett\u00e4 vallitseva ty\u00f6tt\u00f6myys olisi nuorten sisun puutteen syy. Aivan kuin huono suhdanne johtuisi nuorten ty\u00f6n vieroksunnasta, mihin Ravantti ilmeisesti viittasi kirjoittaessaan nuorten \u201dvalikoivasta ty\u00f6nteosta\u201d. Nuorten syyllist\u00e4misell\u00e4k\u00f6 Suomi saadaan nousuun?<\/p>\n<p class=\"article-body mb-nof-24 px-nof-16\">Kilpailu kes\u00e4ty\u00f6paikoista on kuumimmillaan juuri nyt, ja monet nuoret kokevat paineita ty\u00f6llistymisest\u00e4. Kes\u00e4ty\u00f6l\u00e4isi\u00e4 palkkaavat saavat j\u00e4lleen varautua hakemustulvaan, kun paikkoja riitt\u00e4\u00e4 vain murto-osalle hakijoista. Sisusta ja \u201daina voi menn\u00e4 kaupan kassalle\u201d -neuvoista ei ole paljon hy\u00f6ty\u00e4, kun ty\u00f6paikkoja ei yksinkertaisesti ole.<\/p>\n<p class=\"article-body mb-nof-24 px-nof-16\">Luka Helsto<\/p>\n<p class=\"article-body mb-nof-24 px-nof-16\">lukiolainen, Helsinki<\/p>\n<p class=\"article-body nof-ui-body-medium mb-nof-24 px-nof-16\">HS:n toimitus valitsee ja toimittaa mielipidekirjoitukset. Voit j\u00e4tt\u00e4\u00e4 mielipidekirjoituksen tai tutustua kirjoitusten periaatteisiin osoitteessa <a class=\"underline underline-offset-[0.12em] [text-decoration-thickness:var(--generic-link-underline-thickness)] [text-decoration-color:var(--generic-link-underline-color)] [text-decoration-skip-ink:var(--generic-link-underline-skip-ink)] break-words article-endnote\" href=\"http:\/\/www.hs.fi\/kirjoitamielipidekirjoitus\/\" rel=\"nofollow noopener\" target=\"_blank\">http:\/\/www.hs.fi\/kirjoitamielipidekirjoitus\/<\/a>.<\/p>\n","protected":false},"excerpt":{"rendered":"Lukijan mielipide|Sisusta ja \u201daina voi menn\u00e4 kaupan kassalle\u201d -neuvoista ei ole paljon hy\u00f6ty\u00e4, kun ty\u00f6paikkoja ei yksinkertaisesti ole.&hellip;\n","protected":false},"author":2,"featured_media":96697,"comment_status":"","ping_status":"","sticky":false,"template":"","format":"standard","meta":{"footnotes":""},"categories":[12],"tags":[22,23,26,27,33,31,30,17,46,24,25,28,29,15,18,21,32,19,20,16],"class_list":{"0":"post-139420","1":"post","2":"type-post","3":"status-publish","4":"format-standard","5":"has-post-thumbnail","7":"category-suomi","8":"tag-breaking-news","9":"tag-breakingnews","10":"tag-featured-news","11":"tag-featurednews","12":"tag-fi","13":"tag-finland","14":"tag-finnish","15":"tag-headlines","16":"tag-helsingin-sanomat","17":"tag-latest-news","18":"tag-latestnews","19":"tag-main-news","20":"tag-mainnews","21":"tag-news","22":"tag-otsikot","23":"tag-paauutiset","24":"tag-suomi","25":"tag-top-stories","26":"tag-topstories","27":"tag-uutiset"},"share_on_mastodon":{"url":"https:\/\/pubeurope.com\/@fi\/115876005401146853","error":""},"_links":{"self":[{"href":"https:\/\/www.europesays.com\/fi\/wp-json\/wp\/v2\/posts\/139420","targetHints":{"allow":["GET"]}}],"collection":[{"href":"https:\/\/www.europesays.com\/fi\/wp-json\/wp\/v2\/posts"}],"about":[{"href":"https:\/\/www.europesays.com\/fi\/wp-json\/wp\/v2\/types\/post"}],"author":[{"embeddable":true,"href":"https:\/\/www.europesays.com\/fi\/wp-json\/wp\/v2\/users\/2"}],"replies":[{"embeddable":true,"href":"https:\/\/www.europesays.com\/fi\/wp-json\/wp\/v2\/comments?post=139420"}],"version-history":[{"count":0,"href":"https:\/\/www.europesays.com\/fi\/wp-json\/wp\/v2\/posts\/139420\/revisions"}],"wp:featuredmedia":[{"embeddable":true,"href":"https:\/\/www.europesays.com\/fi\/wp-json\/wp\/v2\/media\/96697"}],"wp:attachment":[{"href":"https:\/\/www.europesays.com\/fi\/wp-json\/wp\/v2\/media?parent=139420"}],"wp:term":[{"taxonomy":"category","embeddable":true,"href":"https:\/\/www.europesays.com\/fi\/wp-json\/wp\/v2\/categories?post=139420"},{"taxonomy":"post_tag","embeddable":true,"href":"https:\/\/www.europesays.com\/fi\/wp-json\/wp\/v2\/tags?post=139420"}],"curies":[{"name":"wp","href":"https:\/\/api.w.org\/{rel}","templated":true}]}}