{"id":139421,"date":"2026-01-11T10:31:08","date_gmt":"2026-01-11T10:31:08","guid":{"rendered":"https:\/\/www.europesays.com\/fi\/139421\/"},"modified":"2026-01-11T10:31:08","modified_gmt":"2026-01-11T10:31:08","slug":"bussi-taynna-matkustajia-ajoi-ojaan-iissa-uutisia-lyhyesti","status":"publish","type":"post","link":"https:\/\/www.europesays.com\/fi\/139421\/","title":{"rendered":"Bussi t\u00e4ynn\u00e4 matkustajia ajoi ojaan Iiss\u00e4 | Uutisia lyhyesti"},"content":{"rendered":"<p><img decoding=\"async\" alt=\"Ojaan ajautunut bussi.\" src=\"https:\/\/www.europesays.com\/fi\/wp-content\/uploads\/2026\/01\/39-157964769637237b34e0.jpeg\" class=\"aw-1l9m598 hKVVvP\"\/><\/p>\n<p>Avaa kuvien katselu<\/p>\n<p>Poliisin mukaan ukrainalainen linja-auto ajoi Iiss\u00e4 liikenneympyr\u00e4\u00e4n liian kovalla nopeudella. Kuva: Hanna Juopperi \/ Yle<\/p>\n<p>11:02\u2022P\u00e4ivitetty 11:19<\/p>\n<p class=\"aw-1gybjub aw-1p7kakr kEtdKx cEmitX yle__article__paragraph\">T\u00e4ynn\u00e4 matkustajia ollut bussi ajautui ojaan Iiss\u00e4 Pohjois-Pohjanmaalla, kertoo poliisi.<\/p>\n<p class=\"aw-1gybjub aw-1p7kakr kEtdKx cEmitX yle__article__paragraph\">Onnettomuus tapahtui sunnuntaiaamuna Iiss\u00e4 Nelostien ja Asematien liikenneympyr\u00e4ss\u00e4.<\/p>\n<p class=\"aw-1gybjub aw-1p7kakr kEtdKx cEmitX yle__article__paragraph\">Poliisin mukaan ukrainalainen linja-auto ajoi liikenneympyr\u00e4\u00e4n liian kovalla nopeudella. Se ajautui h\u00e4t\u00e4jarrutuksesta huolimatta keskelle liikenneympyr\u00e4\u00e4 ja siit\u00e4 ojaan.<\/p>\n<p class=\"aw-1gybjub aw-1p7kakr kEtdKx cEmitX yle__article__paragraph\">Bussi oli t\u00e4ynn\u00e4 matkustajia, mutta t\u00f6rm\u00e4yksess\u00e4 ei tullut henkil\u00f6vahinkoja.<\/p>\n<p><img decoding=\"async\" alt=\"Kartta, joka n\u00e4ytt\u00e4\u00e4 Nelostien ja Asematien sijainnit Iin keskustassa.\" src=\"https:\/\/www.europesays.com\/fi\/wp-content\/uploads\/2026\/01\/39-157964369636ccfb80d2.jpeg\" loading=\"lazy\" class=\"aw-1l9m598 hKVVvP\"\/><\/p>\n<p>Avaa kuvien katselu<\/p>\n<p>Onnettomuus tapahtui sunnuntaiaamuna Iiss\u00e4 Nelostien ja Asematien liikenneympyr\u00e4ss\u00e4. Kuva: Tina Lund\u00e1n \/ Yle, Mapcreator, Openstreetmap<\/p>\n","protected":false},"excerpt":{"rendered":"Avaa kuvien katselu Poliisin mukaan ukrainalainen linja-auto ajoi Iiss\u00e4 liikenneympyr\u00e4\u00e4n liian kovalla nopeudella. Kuva: Hanna Juopperi \/ Yle&hellip;\n","protected":false},"author":2,"featured_media":139422,"comment_status":"","ping_status":"","sticky":false,"template":"","format":"standard","meta":{"footnotes":""},"categories":[5],"tags":[22,23,26,27,33,31,30,17,71,24,25,28,29,15,18,21,728,32,19,20,16],"class_list":{"0":"post-139421","1":"post","2":"type-post","3":"status-publish","4":"format-standard","5":"has-post-thumbnail","7":"category-otsikot","8":"tag-breaking-news","9":"tag-breakingnews","10":"tag-featured-news","11":"tag-featurednews","12":"tag-fi","13":"tag-finland","14":"tag-finnish","15":"tag-headlines","16":"tag-kotimaa","17":"tag-latest-news","18":"tag-latestnews","19":"tag-main-news","20":"tag-mainnews","21":"tag-news","22":"tag-otsikot","23":"tag-paauutiset","24":"tag-pohjois-pohjanmaa","25":"tag-suomi","26":"tag-top-stories","27":"tag-topstories","28":"tag-uutiset"},"share_on_mastodon":{"url":"https:\/\/pubeurope.com\/@fi\/115876009276070845","error":""},"_links":{"self":[{"href":"https:\/\/www.europesays.com\/fi\/wp-json\/wp\/v2\/posts\/139421","targetHints":{"allow":["GET"]}}],"collection":[{"href":"https:\/\/www.europesays.com\/fi\/wp-json\/wp\/v2\/posts"}],"about":[{"href":"https:\/\/www.europesays.com\/fi\/wp-json\/wp\/v2\/types\/post"}],"author":[{"embeddable":true,"href":"https:\/\/www.europesays.com\/fi\/wp-json\/wp\/v2\/users\/2"}],"replies":[{"embeddable":true,"href":"https:\/\/www.europesays.com\/fi\/wp-json\/wp\/v2\/comments?post=139421"}],"version-history":[{"count":0,"href":"https:\/\/www.europesays.com\/fi\/wp-json\/wp\/v2\/posts\/139421\/revisions"}],"wp:featuredmedia":[{"embeddable":true,"href":"https:\/\/www.europesays.com\/fi\/wp-json\/wp\/v2\/media\/139422"}],"wp:attachment":[{"href":"https:\/\/www.europesays.com\/fi\/wp-json\/wp\/v2\/media?parent=139421"}],"wp:term":[{"taxonomy":"category","embeddable":true,"href":"https:\/\/www.europesays.com\/fi\/wp-json\/wp\/v2\/categories?post=139421"},{"taxonomy":"post_tag","embeddable":true,"href":"https:\/\/www.europesays.com\/fi\/wp-json\/wp\/v2\/tags?post=139421"}],"curies":[{"name":"wp","href":"https:\/\/api.w.org\/{rel}","templated":true}]}}