{"id":139423,"date":"2026-01-11T10:43:06","date_gmt":"2026-01-11T10:43:06","guid":{"rendered":"https:\/\/www.europesays.com\/fi\/139423\/"},"modified":"2026-01-11T10:43:06","modified_gmt":"2026-01-11T10:43:06","slug":"reetta-hurskeelta-suoraa-puhetta-rahatilanteestaan","status":"publish","type":"post","link":"https:\/\/www.europesays.com\/fi\/139423\/","title":{"rendered":"Reetta Hurskeelta suoraa puhetta rahatilanteestaan."},"content":{"rendered":"<p>Reetta Hurske kantoi kortensa kekoon apurahakeskustelussa.<\/p>\n<p class=\"article-body mb-nof-24 px-nof-16\">Aitajuoksija <a class=\"font-bold underline-offset-[0.12em] [text-decoration:var(--person-link-text-decoration)] ![text-decoration-color:var(--person-link-text-decoration-color)]\" href=\"https:\/\/www.is.fi\/haku\/?query=Reetta%20Hurske\" rel=\"nofollow noopener\" target=\"_blank\">Reetta Hurske<\/a> on ottanut Instagramissa kantaa alkuvuodesta puheenaiheeksi nousseisiin urheilijoiden apurahoihin.<\/p>\n<p class=\"article-body mb-nof-24 px-nof-16\">Hurske korostaa pitk\u00e4n kirjoituksensa alussa, ettei h\u00e4n halua tekstill\u00e4\u00e4n ottaa kantaa siihen, miten apurahoja tulisi my\u00f6nt\u00e4\u00e4, vaan h\u00e4n haluaa avata p\u00e4\u00e4t\u00f6sten vaikutuksia urheilijoiden talouteen ja arkeen.<\/p>\n<p class=\"article-body mb-nof-24 px-nof-16\">\u2013 T\u00e4m\u00e4 ei ole valitusviesti, vaan haluan avoimemmin kertoa urheilijan taloudesta, Hurske alustaa.<\/p>\n<p class=\"article-body mb-nof-24 px-nof-16\">Hurskeen mukaan monet yleisurheilijat py\u00f6ritt\u00e4v\u00e4t uraansa alle 10\u202f000 euron vuosibudjetilla.<\/p>\n<p class=\"article-body mb-nof-24 px-nof-16\">\u2013 Reilusti alle 10\u202f000 eurolla (osalla summa saattaa olla muutamia tuhansia) pit\u00e4isi rahoittaa niin urheilijan, kuin valmentajankin kuluja, terveydenhuolto, lihashuolto, leirikulut, omat ja valmentajan kisamatkat jne. Lista on pitk\u00e4, Hurske luettelee.<\/p>\n<p class=\"article-body mb-nof-24 px-nof-16\">Ilmaisena tavan kansalaisen tukimuotona Hurske kannustaa urheilun seuraajia muun muassa jakamaan ja kommentoimaan urheilijoiden p\u00e4ivityksi\u00e4 sosiaalisessa mediassa.<\/p>\n<p class=\"article-body mb-nof-24 px-nof-16\">Hurske on yksi nimekk\u00e4ist\u00e4 apurahojen ulkopuolelle t\u00e4n\u00e4 vuonna tipahtaneista urheilijoista.<\/p>\n<p class=\"article-body mb-nof-24 px-nof-16\">Opetus- ja kulttuuriministeri\u00f6 julkisti tammikuun alussa listan 76 urheilijasta, jotka saivat yhteens\u00e4 1\u202f224\u202f000 euron edest\u00e4 apurahoja. Apurahansaajien m\u00e4\u00e4r\u00e4 tipahti viime vuoden 162 urheilijasta yli puolella.<\/p>\n","protected":false},"excerpt":{"rendered":"Reetta Hurske kantoi kortensa kekoon apurahakeskustelussa. Aitajuoksija Reetta Hurske on ottanut Instagramissa kantaa alkuvuodesta puheenaiheeksi nousseisiin urheilijoiden apurahoihin.&hellip;\n","protected":false},"author":2,"featured_media":139424,"comment_status":"","ping_status":"","sticky":false,"template":"","format":"standard","meta":{"footnotes":""},"categories":[136],"tags":[407,137,33,31,30,34,408,32,109],"class_list":{"0":"post-139423","1":"post","2":"type-post","3":"status-publish","4":"format-standard","5":"has-post-thumbnail","7":"category-julkkikset","8":"tag-celebrities","9":"tag-entertainment","10":"tag-fi","11":"tag-finland","12":"tag-finnish","13":"tag-ilta-sanomat","14":"tag-julkkikset","15":"tag-suomi","16":"tag-viihde"},"share_on_mastodon":{"url":"https:\/\/pubeurope.com\/@fi\/115876056778947788","error":""},"_links":{"self":[{"href":"https:\/\/www.europesays.com\/fi\/wp-json\/wp\/v2\/posts\/139423","targetHints":{"allow":["GET"]}}],"collection":[{"href":"https:\/\/www.europesays.com\/fi\/wp-json\/wp\/v2\/posts"}],"about":[{"href":"https:\/\/www.europesays.com\/fi\/wp-json\/wp\/v2\/types\/post"}],"author":[{"embeddable":true,"href":"https:\/\/www.europesays.com\/fi\/wp-json\/wp\/v2\/users\/2"}],"replies":[{"embeddable":true,"href":"https:\/\/www.europesays.com\/fi\/wp-json\/wp\/v2\/comments?post=139423"}],"version-history":[{"count":0,"href":"https:\/\/www.europesays.com\/fi\/wp-json\/wp\/v2\/posts\/139423\/revisions"}],"wp:featuredmedia":[{"embeddable":true,"href":"https:\/\/www.europesays.com\/fi\/wp-json\/wp\/v2\/media\/139424"}],"wp:attachment":[{"href":"https:\/\/www.europesays.com\/fi\/wp-json\/wp\/v2\/media?parent=139423"}],"wp:term":[{"taxonomy":"category","embeddable":true,"href":"https:\/\/www.europesays.com\/fi\/wp-json\/wp\/v2\/categories?post=139423"},{"taxonomy":"post_tag","embeddable":true,"href":"https:\/\/www.europesays.com\/fi\/wp-json\/wp\/v2\/tags?post=139423"}],"curies":[{"name":"wp","href":"https:\/\/api.w.org\/{rel}","templated":true}]}}