{"id":139425,"date":"2026-01-11T10:44:11","date_gmt":"2026-01-11T10:44:11","guid":{"rendered":"https:\/\/www.europesays.com\/fi\/139425\/"},"modified":"2026-01-11T10:44:11","modified_gmt":"2026-01-11T10:44:11","slug":"lukijan-luontokuvat-pakkassaan-kauneutta-katso-kuvat-paikalliset","status":"publish","type":"post","link":"https:\/\/www.europesays.com\/fi\/139425\/","title":{"rendered":"Lukijan luontokuvat | Pakkass\u00e4\u00e4n kauneutta \u2013 Katso kuvat! | Paikalliset"},"content":{"rendered":"<p>L\u00e4het\u00e4 sin\u00e4kin ottamasi luontokuva tai Saimaa-aiheinen kuva julkaistavaksi It\u00e4-Savon julkaisukanavissa. Osoite on luontohavainnot@ita-savo.fi. Muista kertoa v\u00e4hint\u00e4\u00e4n kuvaajan nimi ja kuvauspaikka. Jos kuvassa n\u00e4kyy tunnistettavia ihmisi\u00e4, varmista, ett\u00e4 on lupa julkaista kuva.<\/p>\n<p>\t\t<a class=\"diks-gallery__link\" href=\"https:\/\/i.media.fi\/incoming\/9zp0w0\/11229307.jpg\/alternates\/FREE_1440\/11229307.jpg\" data-thumbnail=\"\" data-sub-html=\"Rauanveden aamuaurinko. Lukijan kuva \/ Aune Linnim\u00e4ki \" aria-label=\"Katso isompi kuva\" rel=\"nofollow noopener\" target=\"_blank\"><br \/>\n\t\t\t\t<img class=\"diks-figure__image\" src=\"https:\/\/www.europesays.com\/fi\/wp-content\/uploads\/2026\/01\/11229307.jpg\" loading=\"lazy\" decoding=\"sync\" alt=\"\"\/><\/p>\n<p>\t\t\t<\/a><br \/>\n\t\t\t\t\tRauanveden aamuaurinko. Lukijan kuva \/ Aune Linnim\u00e4ki <\/p>\n<p>\t\t<a class=\"diks-gallery__link\" href=\"https:\/\/i.media.fi\/incoming\/cu50ln\/11229312.jpg\/alternates\/FREE_1440\/11229312.jpg\" data-thumbnail=\"\" data-sub-html=\"Avantokausi alkoi kuukauden my\u00f6h\u00e4ss\u00e4 Tappuniemess\u00e4 Savonrannalla. Kuva otettu 31.12. Lukijan kuva \/ Harri Pehkonen\" aria-label=\"Katso isompi kuva\" rel=\"nofollow noopener\" target=\"_blank\"><br \/>\n\t\t\t\t<img class=\"diks-figure__image\" src=\"https:\/\/www.europesays.com\/fi\/wp-content\/uploads\/2026\/01\/11229312.jpg\" loading=\"lazy\" decoding=\"sync\" alt=\"\"\/><\/p>\n<p>\t\t\t<\/a><br \/>\n\t\t\t\t\tAvantokausi alkoi kuukauden my\u00f6h\u00e4ss\u00e4 Tappuniemess\u00e4 Savonrannalla. Kuva otettu 31.12. Lukijan kuva \/ Harri Pehkonen<\/p>\n<p>\t\t<a class=\"diks-gallery__link\" href=\"https:\/\/i.media.fi\/incoming\/ur36ta\/11229323.jpg\/alternates\/FREE_1440\/11229323.jpg\" data-thumbnail=\"\" data-sub-html=\"Aurinkoinen aamu kirpe\u00e4ss\u00e4 pakkasessa 1.1. Lukijan kuva \/ Aune Viik\" aria-label=\"Katso isompi kuva\" rel=\"nofollow noopener\" target=\"_blank\"><br \/>\n\t\t\t\t<img class=\"diks-figure__image\" src=\"https:\/\/www.europesays.com\/fi\/wp-content\/uploads\/2026\/01\/11229323.jpg\" loading=\"lazy\" decoding=\"sync\" alt=\"\"\/><\/p>\n<p>\t\t\t<\/a><br \/>\n\t\t\t\t\tAurinkoinen aamu kirpe\u00e4ss\u00e4 pakkasessa 1.1. Lukijan kuva \/ Aune Viik<\/p>\n<p>\t\t<a class=\"diks-gallery__link\" href=\"https:\/\/i.media.fi\/incoming\/suj09z\/11229324.jpg\/alternates\/FREE_1440\/11229324.jpg\" data-thumbnail=\"\" data-sub-html=\"Uusi vuosi 1.1.2026 alkoi upealla pakkass\u00e4\u00e4ll\u00e4, 19 astetta pakkasta Sulkavalla Iiniemess\u00e4.  Lukijan kuva \/ Tytti Ahlroos\u00a0\" aria-label=\"Katso isompi kuva\" rel=\"nofollow noopener\" target=\"_blank\"><br \/>\n\t\t\t\t<img class=\"diks-figure__image\" src=\"https:\/\/www.europesays.com\/fi\/wp-content\/uploads\/2026\/01\/11229324.jpg\" loading=\"lazy\" decoding=\"sync\" alt=\"\"\/><\/p>\n<p>\t\t\t<\/a><br \/>\n\t\t\t\t\tUusi vuosi 1.1.2026 alkoi upealla pakkass\u00e4\u00e4ll\u00e4, 19 astetta pakkasta Sulkavalla Iiniemess\u00e4.  Lukijan kuva \/ Tytti Ahlroos\u00a0<\/p>\n<p>\t\t<a class=\"diks-gallery__link\" href=\"https:\/\/i.media.fi\/incoming\/gjigb3\/11229325.jpg\/alternates\/FREE_1440\/11229325.jpg\" data-thumbnail=\"\" data-sub-html=\"Valoilmi\u00f6 Suurtarniemess\u00e4 p\u00e4in 1.1.2026 aamup\u00e4iv\u00e4ll\u00e4. Lukijan kuva \/ Raija P\u00f6ll\u00e4nen\" aria-label=\"Katso isompi kuva\" rel=\"nofollow noopener\" target=\"_blank\"><br \/>\n\t\t\t\t<img class=\"diks-figure__image\" src=\"https:\/\/www.europesays.com\/fi\/wp-content\/uploads\/2026\/01\/11229325.jpg\" loading=\"lazy\" decoding=\"sync\" alt=\"\"\/><\/p>\n<p>\t\t\t<\/a><br \/>\n\t\t\t\t\tValoilmi\u00f6 Suurtarniemess\u00e4 p\u00e4in 1.1.2026 aamup\u00e4iv\u00e4ll\u00e4. Lukijan kuva \/ Raija P\u00f6ll\u00e4nen<\/p>\n<p>\t\t<a class=\"diks-gallery__link\" href=\"https:\/\/i.media.fi\/incoming\/bw7eaj\/11229328.jpg\/alternates\/FREE_1440\/11229328.jpg\" data-thumbnail=\"\" data-sub-html=\"Halo tammikuun pakkasilla. Lukijan kuva \/ Marja Appelroth\u00a0\" aria-label=\"Katso isompi kuva\" rel=\"nofollow noopener\" target=\"_blank\"><br \/>\n\t\t\t\t<img class=\"diks-figure__image\" src=\"https:\/\/www.europesays.com\/fi\/wp-content\/uploads\/2026\/01\/11229328.jpg\" loading=\"lazy\" decoding=\"sync\" alt=\"\"\/><\/p>\n<p>\t\t\t<\/a><br \/>\n\t\t\t\t\tHalo tammikuun pakkasilla. Lukijan kuva \/ Marja Appelroth\u00a0<\/p>\n<p>\t\t<a class=\"diks-gallery__link\" href=\"https:\/\/i.media.fi\/incoming\/d116c\/11229330.jpg\/alternates\/FREE_1440\/11229330.jpg\" data-thumbnail=\"\" data-sub-html=\"Tammikuu alkoi pakkasessa ja kauniissa aurinkoisessa s\u00e4\u00e4ss\u00e4 Tolvanniemell\u00e4. Lukijan kuva \/ Marja Appelroth\u00a0\" aria-label=\"Katso isompi kuva\" rel=\"nofollow noopener\" target=\"_blank\"><br \/>\n\t\t\t\t<img class=\"diks-figure__image\" src=\"https:\/\/www.europesays.com\/fi\/wp-content\/uploads\/2026\/01\/11229330.jpg\" loading=\"lazy\" decoding=\"sync\" alt=\"\"\/><\/p>\n<p>\t\t\t<\/a><br \/>\n\t\t\t\t\tTammikuu alkoi pakkasessa ja kauniissa aurinkoisessa s\u00e4\u00e4ss\u00e4 Tolvanniemell\u00e4. Lukijan kuva \/ Marja Appelroth\u00a0<\/p>\n<p>\t\t<a class=\"diks-gallery__link\" href=\"https:\/\/i.media.fi\/incoming\/dzfmde\/11229331.jpg\/alternates\/FREE_1440\/11229331.jpg\" data-thumbnail=\"\" data-sub-html=\"N\u00e4lk\u00e4 on pikkulinnuilla ja h\u00f6yhenet p\u00f6rh\u00f6ll\u00e4\u00e4n. Useita lajeja k\u00e4y ruokinnalla, toiset pudottelevat siemeni\u00e4 lumelle yl\u00e4puolella olevista ruokinta-automaateista. Kuvattu 4.1. Lukijan kuva \/ Aune Viik\" aria-label=\"Katso isompi kuva\" rel=\"nofollow noopener\" target=\"_blank\"><br \/>\n\t\t\t\t<img class=\"diks-figure__image\" src=\"https:\/\/www.europesays.com\/fi\/wp-content\/uploads\/2026\/01\/11229331.jpg\" loading=\"lazy\" decoding=\"sync\" alt=\"\"\/><\/p>\n<p>\t\t\t<\/a><br \/>\n\t\t\t\t\tN\u00e4lk\u00e4 on pikkulinnuilla ja h\u00f6yhenet p\u00f6rh\u00f6ll\u00e4\u00e4n. Useita lajeja k\u00e4y ruokinnalla, toiset pudottelevat siemeni\u00e4 lumelle yl\u00e4puolella olevista ruokinta-automaateista. Kuvattu 4.1. Lukijan kuva \/ Aune Viik<\/p>\n<p>\t\t<a class=\"diks-gallery__link\" href=\"https:\/\/i.media.fi\/incoming\/5o6ol6\/11229334.jpg\/alternates\/FREE_1440\/11229334.jpg\" data-thumbnail=\"\" data-sub-html=\"Talven kaunis valo kasvaa kuiskauksen verran p\u00e4ivitt\u00e4in. Putikossa 4.1. Lukijan kuva \/ Soila Kaukio-Makkonen\" aria-label=\"Katso isompi kuva\" rel=\"nofollow noopener\" target=\"_blank\"><br \/>\n\t\t\t\t<img class=\"diks-figure__image\" src=\"https:\/\/www.europesays.com\/fi\/wp-content\/uploads\/2026\/01\/11229334.jpg\" loading=\"lazy\" decoding=\"sync\" alt=\"\"\/><\/p>\n<p>\t\t\t<\/a><br \/>\n\t\t\t\t\tTalven kaunis valo kasvaa kuiskauksen verran p\u00e4ivitt\u00e4in. Putikossa 4.1. Lukijan kuva \/ Soila Kaukio-Makkonen<\/p>\n<p>\t\t<a class=\"diks-gallery__link\" href=\"https:\/\/i.media.fi\/incoming\/3fd3gl\/11229335.jpg\/alternates\/FREE_1440\/11229335.jpg\" data-thumbnail=\"\" data-sub-html=\"Lumim\u00e4tt\u00e4it\u00e4, joiden k\u00e4tk\u00f6ss\u00e4 varvikkoa ja rantakivien runsas reunus.  Lukijan kuva \/ Soila Kaukio-Makkonen\" aria-label=\"Katso isompi kuva\" rel=\"nofollow noopener\" target=\"_blank\"><br \/>\n\t\t\t\t<img class=\"diks-figure__image\" src=\"https:\/\/www.europesays.com\/fi\/wp-content\/uploads\/2026\/01\/11229335.jpg\" loading=\"lazy\" decoding=\"sync\" alt=\"\"\/><\/p>\n<p>\t\t\t<\/a><br \/>\n\t\t\t\t\tLumim\u00e4tt\u00e4it\u00e4, joiden k\u00e4tk\u00f6ss\u00e4 varvikkoa ja rantakivien runsas reunus.  Lukijan kuva \/ Soila Kaukio-Makkonen<\/p>\n<p>\t\t<a class=\"diks-gallery__link\" href=\"https:\/\/i.media.fi\/incoming\/dfjszh\/11229332.jpg\/alternates\/FREE_1440\/11229332.jpg\" data-thumbnail=\"\" data-sub-html=\"Tammikuun pakkasessa Putikon rannalla. Lukijan kuva \/ Soila Kaukio-Makkonen\" aria-label=\"Katso isompi kuva\" rel=\"nofollow noopener\" target=\"_blank\"><br \/>\n\t\t\t\t<img class=\"diks-figure__image\" src=\"https:\/\/www.europesays.com\/fi\/wp-content\/uploads\/2026\/01\/11229332.jpg\" loading=\"lazy\" decoding=\"sync\" alt=\"\"\/><\/p>\n<p>\t\t\t<\/a><br \/>\n\t\t\t\t\tTammikuun pakkasessa Putikon rannalla. Lukijan kuva \/ Soila Kaukio-Makkonen<\/p>\n<p>\t\t<a class=\"diks-gallery__link\" href=\"https:\/\/i.media.fi\/incoming\/53zwzv\/11229333.jpg\/alternates\/FREE_1440\/11229333.jpg\" data-thumbnail=\"\" data-sub-html=\"Saukon j\u00e4lki\u00e4 Putikon rannalla. Lukijan kuva \/ Soila Kaukio-Makkonen\" aria-label=\"Katso isompi kuva\" rel=\"nofollow noopener\" target=\"_blank\"><br \/>\n\t\t\t\t<img class=\"diks-figure__image\" src=\"https:\/\/www.europesays.com\/fi\/wp-content\/uploads\/2026\/01\/11229333.jpg\" loading=\"lazy\" decoding=\"sync\" alt=\"\"\/><\/p>\n<p>\t\t\t<\/a><br \/>\n\t\t\t\t\tSaukon j\u00e4lki\u00e4 Putikon rannalla. Lukijan kuva \/ Soila Kaukio-Makkonen<\/p>\n<p>\t\t<a class=\"diks-gallery__link\" href=\"https:\/\/i.media.fi\/incoming\/exw8d4\/11229308.jpg\/alternates\/FREE_1440\/11229308.jpg\" data-thumbnail=\"\" data-sub-html=\"Vaaleaa ja tummaa taivasta 29.12.2025. Lukijan kuva \/ Kaija Kokkonen\" aria-label=\"Katso isompi kuva\" rel=\"nofollow noopener\" target=\"_blank\"><br \/>\n\t\t\t\t<img class=\"diks-figure__image\" src=\"https:\/\/www.europesays.com\/fi\/wp-content\/uploads\/2026\/01\/11229308.jpg\" loading=\"lazy\" decoding=\"sync\" alt=\"\"\/><\/p>\n<p>\t\t\t<\/a><br \/>\n\t\t\t\t\tVaaleaa ja tummaa taivasta 29.12.2025. Lukijan kuva \/ Kaija Kokkonen<\/p>\n<p>\t\t<a class=\"diks-gallery__link\" href=\"https:\/\/i.media.fi\/incoming\/q3vtzi\/11229309.jpg\/alternates\/FREE_1440\/11229309.jpg\" data-thumbnail=\"\" data-sub-html=\"Lokakuun aamu Pihlajavedell\u00e4. Lukijan kuva \/ Erkki Kivist\u00f6\" aria-label=\"Katso isompi kuva\" rel=\"nofollow noopener\" target=\"_blank\"><br \/>\n\t\t\t\t<img class=\"diks-figure__image\" src=\"https:\/\/www.europesays.com\/fi\/wp-content\/uploads\/2026\/01\/11229309.jpg\" loading=\"lazy\" decoding=\"sync\" alt=\"\"\/><\/p>\n<p>\t\t\t<\/a><br \/>\n\t\t\t\t\tLokakuun aamu Pihlajavedell\u00e4. Lukijan kuva \/ Erkki Kivist\u00f6<\/p>\n","protected":false},"excerpt":{"rendered":"L\u00e4het\u00e4 sin\u00e4kin ottamasi luontokuva tai Saimaa-aiheinen kuva julkaistavaksi It\u00e4-Savon julkaisukanavissa. Osoite on luontohavainnot@ita-savo.fi. Muista kertoa v\u00e4hint\u00e4\u00e4n kuvaajan nimi&hellip;\n","protected":false},"author":2,"featured_media":139426,"comment_status":"","ping_status":"","sticky":false,"template":"","format":"standard","meta":{"footnotes":""},"categories":[135],"tags":[389,387,388,390,2110,137,33,31,30,21315,4095,72,406,2375,32,394,393,391,392,109,534],"class_list":{"0":"post-139425","1":"post","2":"type-post","3":"status-publish","4":"format-standard","5":"has-post-thumbnail","7":"category-taiteet-ja-suunnittelu","8":"tag-arts","9":"tag-arts-and-design","10":"tag-artsanddesign","11":"tag-design","12":"tag-elamantapa-ja-vapaa-aika","13":"tag-entertainment","14":"tag-fi","15":"tag-finland","16":"tag-finnish","17":"tag-hyvan-mielen-ita-savo","18":"tag-lukijan-saimaa","19":"tag-luonto","20":"tag-luontovalokuvaus","21":"tag-saimaa-jarvi","22":"tag-suomi","23":"tag-suunnittelu","24":"tag-taiteet","25":"tag-taiteet-ja-suunnittelu","26":"tag-taiteetsuunnittelu","27":"tag-viihde","28":"tag-ymparisto-ja-luonto"},"share_on_mastodon":{"url":"https:\/\/pubeurope.com\/@fi\/115876060507036657","error":""},"_links":{"self":[{"href":"https:\/\/www.europesays.com\/fi\/wp-json\/wp\/v2\/posts\/139425","targetHints":{"allow":["GET"]}}],"collection":[{"href":"https:\/\/www.europesays.com\/fi\/wp-json\/wp\/v2\/posts"}],"about":[{"href":"https:\/\/www.europesays.com\/fi\/wp-json\/wp\/v2\/types\/post"}],"author":[{"embeddable":true,"href":"https:\/\/www.europesays.com\/fi\/wp-json\/wp\/v2\/users\/2"}],"replies":[{"embeddable":true,"href":"https:\/\/www.europesays.com\/fi\/wp-json\/wp\/v2\/comments?post=139425"}],"version-history":[{"count":0,"href":"https:\/\/www.europesays.com\/fi\/wp-json\/wp\/v2\/posts\/139425\/revisions"}],"wp:featuredmedia":[{"embeddable":true,"href":"https:\/\/www.europesays.com\/fi\/wp-json\/wp\/v2\/media\/139426"}],"wp:attachment":[{"href":"https:\/\/www.europesays.com\/fi\/wp-json\/wp\/v2\/media?parent=139425"}],"wp:term":[{"taxonomy":"category","embeddable":true,"href":"https:\/\/www.europesays.com\/fi\/wp-json\/wp\/v2\/categories?post=139425"},{"taxonomy":"post_tag","embeddable":true,"href":"https:\/\/www.europesays.com\/fi\/wp-json\/wp\/v2\/tags?post=139425"}],"curies":[{"name":"wp","href":"https:\/\/api.w.org\/{rel}","templated":true}]}}