{"id":139427,"date":"2026-01-11T10:46:07","date_gmt":"2026-01-11T10:46:07","guid":{"rendered":"https:\/\/www.europesays.com\/fi\/139427\/"},"modified":"2026-01-11T10:46:07","modified_gmt":"2026-01-11T10:46:07","slug":"ylen-suosikkikasvo-palasi-hetkeksi-vanhaan-tyohonsa-nain-petra-manner-reagoi-urheilua-lyhyesti","status":"publish","type":"post","link":"https:\/\/www.europesays.com\/fi\/139427\/","title":{"rendered":"Ylen suosikkikasvo palasi hetkeksi vanhaan ty\u00f6h\u00f6ns\u00e4 \u2013 n\u00e4in Petra Manner reagoi | Urheilua lyhyesti"},"content":{"rendered":"<p class=\"aw-1gybjub aw-5vja16 kEtdKx kmuxyA yle__article__paragraph\">Ylen tunnettu tv-kuuluttaja Anna-Liisa Tilus nauttii Kuopion SM-hiihtojen tunnelmasta.<\/p>\n<p>Ylen suosikkikasvo Anna-Liisa Tilus Kuopion SM-hiihdoissa.<\/p>\n<p class=\"aw-1gybjub aw-1p7kakr kEtdKx cEmitX yle__article__paragraph\">Yle t\u00e4ytt\u00e4\u00e4 t\u00e4n\u00e4 vuonna 100 vuotta, ja erin\u00e4isiss\u00e4 tapahtumissa kulkee Ylen teemabussi.<\/p>\n<p class=\"aw-1gybjub aw-1p7kakr kEtdKx cEmitX yle__article__paragraph\">Sen matkassa on t\u00e4n\u00e4 viikonloppuna Ylen suosikkikuuluttajana tunnettu <strong class=\"aw-ak79eh KyCXm yle__article__strong\">Anna-Liisa Tilus<\/strong>. H\u00e4n on paikan p\u00e4\u00e4ll\u00e4 seuraamassa Kuopion SM-hiihtoja.<\/p>\n<p class=\"aw-1gybjub aw-1p7kakr kEtdKx cEmitX yle__article__paragraph\">Yle luopui tv-kuuluttajistaan viime kev\u00e4\u00e4n\u00e4, mutta Tiluksen \u00e4\u00e4nt\u00e4 on kuultu yh\u00e4 edelleen ohjelmien v\u00e4liss\u00e4.<\/p>\n<p class=\"aw-1gybjub aw-1p7kakr kEtdKx cEmitX yle__article__paragraph\">Rakastetulta Yle-kasvolta n\u00e4htiin sunnuntaina pitk\u00e4st\u00e4 aikaa tv-kuulutus, kun h\u00e4n juonsi Kuopiosta takaisin Urheilustudion juontajalle <strong class=\"aw-ak79eh KyCXm yle__article__strong\">Petra Mannerille<\/strong>.<\/p>\n<p class=\"aw-1gybjub aw-1p7kakr kEtdKx cEmitX yle__article__paragraph\">\u2013 T\u00e4\u00e4lt\u00e4 Puijolta, Ylen 100-bussin huvipuistosta, l\u00e4hetys takaisin sinne studioon. Ole hyv\u00e4, Petra.<\/p>\n<p class=\"aw-1gybjub aw-1p7kakr kEtdKx cEmitX yle__article__paragraph\">Manner oli otettu Tiluksen suorituksesta.<\/p>\n<p class=\"aw-1gybjub aw-1p7kakr kEtdKx cEmitX yle__article__paragraph\">\u2013 Miten tuttu ja turvallinen olo tulikaan t\u00e4st\u00e4, Manner ilahtui.<\/p>\n<p><img decoding=\"async\" alt=\"TV1:n kuuluttaja Anna-Liisa Tilus Puoli seitsem\u00e4n -ohjelman vieraana\" src=\"https:\/\/www.europesays.com\/fi\/wp-content\/uploads\/2026\/01\/39-851064613797514e7d8.jpeg\" loading=\"lazy\" class=\"aw-1l9m598 hKVVvP\"\/><\/p>\n<p>Avaa kuvien katselu<\/p>\n<p>Anna-Liisa Tilus (arkistokuvassa). Kuva: YleJalkapallopoikien \u00e4iti<\/p>\n<p class=\"aw-1gybjub aw-1p7kakr kEtdKx cEmitX yle__article__paragraph\">Tilus on my\u00f6s urheiluyhteyksist\u00e4 tunnettu, sill\u00e4 h\u00e4nen poikansa <strong class=\"aw-ak79eh KyCXm yle__article__strong\">Leo<\/strong> ja <strong class=\"aw-ak79eh KyCXm yle__article__strong\">Sauli V\u00e4is\u00e4nen<\/strong> ovat tunnettuja jalkapalloilijoita. He ovat edustaneet Suomea maajoukkueessa.<\/p>\n<p class=\"aw-1gybjub aw-1p7kakr kEtdKx cEmitX yle__article__paragraph\">Kova penkkiurheilija pit\u00e4\u00e4 itse\u00e4\u00e4n ikuisena lupauksena.<\/p>\n<p class=\"aw-1gybjub aw-1p7kakr kEtdKx cEmitX yle__article__paragraph\">\u2013 Hiihtourheilussa oma menestykseni on j\u00e4\u00e4nyt varsin vaatimattomaksi. Koulujenv\u00e4lisiss\u00e4 kisoissa taisin olla kerran kymmenes.<\/p>\n","protected":false},"excerpt":{"rendered":"Ylen tunnettu tv-kuuluttaja Anna-Liisa Tilus nauttii Kuopion SM-hiihtojen tunnelmasta. Ylen suosikkikasvo Anna-Liisa Tilus Kuopion SM-hiihdoissa. Yle t\u00e4ytt\u00e4\u00e4 t\u00e4n\u00e4&hellip;\n","protected":false},"author":2,"featured_media":139428,"comment_status":"","ping_status":"","sticky":false,"template":"","format":"standard","meta":{"footnotes":""},"categories":[133],"tags":[20478,137,33,31,30,24175,2095,32,206,156,160,161,109],"class_list":{"0":"post-139427","1":"post","2":"type-post","3":"status-publish","4":"format-standard","5":"has-post-thumbnail","7":"category-televisiot","8":"tag-anna-liisa-tilus","9":"tag-entertainment","10":"tag-fi","11":"tag-finland","12":"tag-finnish","13":"tag-hiihdon-sm","14":"tag-hiihto","15":"tag-suomi","16":"tag-televisiot","17":"tag-tv","18":"tag-urheilu","19":"tag-urheilutapahtumat","20":"tag-viihde"},"share_on_mastodon":{"url":"https:\/\/pubeurope.com\/@fi\/115876068217365876","error":""},"_links":{"self":[{"href":"https:\/\/www.europesays.com\/fi\/wp-json\/wp\/v2\/posts\/139427","targetHints":{"allow":["GET"]}}],"collection":[{"href":"https:\/\/www.europesays.com\/fi\/wp-json\/wp\/v2\/posts"}],"about":[{"href":"https:\/\/www.europesays.com\/fi\/wp-json\/wp\/v2\/types\/post"}],"author":[{"embeddable":true,"href":"https:\/\/www.europesays.com\/fi\/wp-json\/wp\/v2\/users\/2"}],"replies":[{"embeddable":true,"href":"https:\/\/www.europesays.com\/fi\/wp-json\/wp\/v2\/comments?post=139427"}],"version-history":[{"count":0,"href":"https:\/\/www.europesays.com\/fi\/wp-json\/wp\/v2\/posts\/139427\/revisions"}],"wp:featuredmedia":[{"embeddable":true,"href":"https:\/\/www.europesays.com\/fi\/wp-json\/wp\/v2\/media\/139428"}],"wp:attachment":[{"href":"https:\/\/www.europesays.com\/fi\/wp-json\/wp\/v2\/media?parent=139427"}],"wp:term":[{"taxonomy":"category","embeddable":true,"href":"https:\/\/www.europesays.com\/fi\/wp-json\/wp\/v2\/categories?post=139427"},{"taxonomy":"post_tag","embeddable":true,"href":"https:\/\/www.europesays.com\/fi\/wp-json\/wp\/v2\/tags?post=139427"}],"curies":[{"name":"wp","href":"https:\/\/api.w.org\/{rel}","templated":true}]}}