{"id":139439,"date":"2026-01-11T10:57:08","date_gmt":"2026-01-11T10:57:08","guid":{"rendered":"https:\/\/www.europesays.com\/fi\/139439\/"},"modified":"2026-01-11T10:57:08","modified_gmt":"2026-01-11T10:57:08","slug":"aarimmainen-pakkanen-lamautti-kittilan-lentokentan-jopa-tuhannet-matkustajat-odottavat-tietoa-paluulennoista-kotimaa","status":"publish","type":"post","link":"https:\/\/www.europesays.com\/fi\/139439\/","title":{"rendered":"\u00c4\u00e4rimm\u00e4inen pakkanen lamautti Kittil\u00e4n lentokent\u00e4n \u2013 jopa tuhannet matkustajat odottavat tietoa paluulennoista | Kotimaa"},"content":{"rendered":"<p class=\"aw-1gybjub aw-5vja16 kEtdKx kmuxyA yle__article__paragraph\">Pakkanen sotkee pahoin Kittil\u00e4n lentoliikennett\u00e4. Sunnuntain kaikki lennot on peruttu. Kent\u00e4lt\u00e4 olisi t\u00e4n\u00e4\u00e4n pit\u00e4nyt l\u00e4hte\u00e4 15 ulkomaan ja 8 kotimaan lentoa.<\/p>\n<p><img decoding=\"async\" alt=\"Kittil\u00e4n lentokent\u00e4n infotaulu, jossa on vain pelk\u00e4st\u00e4\u00e4n peruutettuja lentoja sunnuntaina 11.1.2026.n 10-11.2026.\" src=\"https:\/\/www.europesays.com\/fi\/wp-content\/uploads\/2026\/01\/39-15796506963725768de7.jpeg\" class=\"aw-1l9m598 hKVVvP\"\/><\/p>\n<p>Avaa kuvien katselu<\/p>\n<p>Kaikki Kittil\u00e4n lentokent\u00e4n lennot on peruttu sunnuntailta. Kittil\u00e4\u00e4n pit\u00e4isi tulla 21 lentoa ja l\u00e4hte\u00e4 23 konetta. Kuva: Taina Nuutinen-Kallio<\/p>\n<p>10:59\u2022P\u00e4ivitetty 12:46<\/p>\n<p class=\"aw-1gybjub aw-1p7kakr kEtdKx cEmitX yle__article__paragraph\">Kittil\u00e4n kent\u00e4lt\u00e4 on peruttu viikonloppuna kymmeni\u00e4 l\u00e4htevi\u00e4 lentoja Helsinkiin ja kansainv\u00e4lisiin kohteisiin.<\/p>\n<p class=\"aw-1gybjub aw-1p7kakr kEtdKx cEmitX yle__article__paragraph\">Sunnuntaina aamup\u00e4iv\u00e4ll\u00e4 Kittil\u00e4n lentokent\u00e4ll\u00e4 oli pakkasta noin 37 astetta. Pakkaslukemat ovat olleet Kittil\u00e4ss\u00e4 jo useamman p\u00e4iv\u00e4n yli 35 asteessa, mik\u00e4 est\u00e4\u00e4 koneiden j\u00e4\u00e4huollon.<\/p>\n<p class=\"aw-1gybjub aw-1p7kakr kEtdKx cEmitX yle__article__paragraph\">Sunnuntailta on peruttu 23 l\u00e4htev\u00e4\u00e4 lentoa, joista 15 olisi ollut ulkomaan kohteisiin. Laajat peruutukset alkoivat jo perjantaina, ja matkasuunnitelmat ovat muuttuneet tuhansilta turisteilta.<\/p>\n<p><img decoding=\"async\" alt=\"Turisteja jonottamassa lentokentt\u00e4bussiin Kitti\u00e4n lentoasemalla tammikuussa 2026.\" src=\"https:\/\/www.europesays.com\/fi\/wp-content\/uploads\/2026\/01\/39-15791946960f5dcd1015.jpeg\" loading=\"lazy\" class=\"aw-1l9m598 hKVVvP\"\/><\/p>\n<p>Avaa kuvien katselu<\/p>\n<p>Kuva perjantailta, jolloin kire\u00e4n pakkasen vaikutukset alkoivat n\u00e4ky\u00e4 Kittil\u00e4n lentokent\u00e4ll\u00e4. Kuva: Taina Nuutinen-Kallio \/ Yle<\/p>\n<p class=\"aw-1gybjub aw-1p7kakr kEtdKx cEmitX yle__article__paragraph\">Visit Levin toimitusjohtajan <strong class=\"aw-ak79eh KyCXm yle__article__strong\">Satu Pesosen<\/strong> mukaan heilt\u00e4 ei kuitenkaan ole viel\u00e4 kysytty majoitusmahdollisuuksia lentoaan odottaville matkustajille tai Kittil\u00e4\u00e4n j\u00e4\u00e4neelle olevalle lentohenkil\u00f6st\u00f6lle.<\/p>\n<p class=\"aw-1gybjub aw-1p7kakr kEtdKx cEmitX yle__article__paragraph\">\u2013 Ensimm\u00e4isess\u00e4 vaiheessa tilannetta ratkaisevat lentoyhti\u00f6t ja Finavia, eik\u00e4 meihin ole oltu yhteydess\u00e4.<\/p>\n<p class=\"aw-1gybjub aw-1p7kakr kEtdKx cEmitX yle__article__paragraph\">Pesosen mukaan he pystyv\u00e4t kuitenkin auttamaan majoitusj\u00e4rjestelyiss\u00e4 jos tilanne sit\u00e4 vaatii.<\/p>\n<p class=\"aw-1gybjub aw-1p7kakr kEtdKx cEmitX yle__article__paragraph\">Kittil\u00e4ss\u00e4 olevien ulkomaalaisten tarkasta m\u00e4\u00e4r\u00e4st\u00e4 ei ole tietoa, mutta Pesosen mukaan puhutaan kuitenkin tuhansista.<\/p>\n<p class=\"aw-1gybjub aw-1p7kakr kEtdKx cEmitX yle__article__paragraph\">Heist\u00e4 iso osa odottaa nyt tietoa paluulentonsa tilanteesta, sill\u00e4 kire\u00e4n pakkasen odotetaan jatkuvan Kittil\u00e4ss\u00e4 viel\u00e4 huomennakin. Ilmatieteen laitos ennustaa alueelle maanantaille l\u00e4hes 40 asteen pakkasia.<\/p>\n<p class=\"aw-1gybjub aw-1p7kakr kEtdKx cEmitX yle__article__paragraph\">Maanantaina Kittil\u00e4st\u00e4 pit\u00e4isi l\u00e4hte\u00e4 13 lentoa.<\/p>\n<p class=\"aw-1gybjub aw-1p7kakr kEtdKx cEmitX yle__article__paragraph\">Finavian mukaan lentoyhti\u00f6t ovat kuljettaneet matkustajiaan pohjoisen muille lentoasemille, joista on l\u00e4htenyt korvaavia lentoja. My\u00f6s majoitusta on riitt\u00e4nyt Kittil\u00e4\u00e4n j\u00e4\u00e4neille matkaajille.<\/p>\n<p class=\"aw-1gybjub aw-1p7kakr kEtdKx cEmitX yle__article__paragraph\">Finavian viestinn\u00e4st\u00e4 kerrotaan, ett\u00e4 Kittil\u00e4n lentoasemalla ei ole y\u00f6pynyt suuria m\u00e4\u00e4ri\u00e4 matkustajia.<\/p>\n<p class=\"aw-1gybjub aw-1p7kakr kEtdKx cEmitX yle__article__paragraph\"><a class=\"aw-iao6s4 iHOxEa yle__article__link\" href=\"https:\/\/yle.fi\/a\/74-20201720\" role=\"link\" rel=\"nofollow noopener\" target=\"_blank\">Joulun j\u00e4lkeen Rovaniemell\u00e4<\/a> huonon s\u00e4\u00e4n aiheuttamat useat lentojen peruutukset aiheuttivat laajoja ongelmia.<\/p>\n<p class=\"aw-1gybjub aw-1p7kakr kEtdKx cEmitX yle__article__paragraph\">Uutinen p\u00e4ivittyy.<\/p>\n","protected":false},"excerpt":{"rendered":"Pakkanen sotkee pahoin Kittil\u00e4n lentoliikennett\u00e4. Sunnuntain kaikki lennot on peruttu. Kent\u00e4lt\u00e4 olisi t\u00e4n\u00e4\u00e4n pit\u00e4nyt l\u00e4hte\u00e4 15 ulkomaan ja&hellip;\n","protected":false},"author":2,"featured_media":139440,"comment_status":"","ping_status":"","sticky":false,"template":"","format":"standard","meta":{"footnotes":""},"categories":[5],"tags":[22,23,26,27,33,1577,31,30,17,1569,71,667,24,25,1224,14674,28,29,1478,15,18,21,710,32,10305,19,20,16],"class_list":{"0":"post-139439","1":"post","2":"type-post","3":"status-publish","4":"format-standard","5":"has-post-thumbnail","7":"category-otsikot","8":"tag-breaking-news","9":"tag-breakingnews","10":"tag-featured-news","11":"tag-featurednews","12":"tag-fi","13":"tag-finavia","14":"tag-finland","15":"tag-finnish","16":"tag-headlines","17":"tag-kittila","18":"tag-kotimaa","19":"tag-lappi","20":"tag-latest-news","21":"tag-latestnews","22":"tag-lentoliikenne","23":"tag-lentoliikennehairiot","24":"tag-main-news","25":"tag-mainnews","26":"tag-matkailu","27":"tag-news","28":"tag-otsikot","29":"tag-paauutiset","30":"tag-saa","31":"tag-suomi","32":"tag-talvisaa","33":"tag-top-stories","34":"tag-topstories","35":"tag-uutiset"},"share_on_mastodon":{"url":"https:\/\/pubeurope.com\/@fi\/115876111512618723","error":""},"_links":{"self":[{"href":"https:\/\/www.europesays.com\/fi\/wp-json\/wp\/v2\/posts\/139439","targetHints":{"allow":["GET"]}}],"collection":[{"href":"https:\/\/www.europesays.com\/fi\/wp-json\/wp\/v2\/posts"}],"about":[{"href":"https:\/\/www.europesays.com\/fi\/wp-json\/wp\/v2\/types\/post"}],"author":[{"embeddable":true,"href":"https:\/\/www.europesays.com\/fi\/wp-json\/wp\/v2\/users\/2"}],"replies":[{"embeddable":true,"href":"https:\/\/www.europesays.com\/fi\/wp-json\/wp\/v2\/comments?post=139439"}],"version-history":[{"count":0,"href":"https:\/\/www.europesays.com\/fi\/wp-json\/wp\/v2\/posts\/139439\/revisions"}],"wp:featuredmedia":[{"embeddable":true,"href":"https:\/\/www.europesays.com\/fi\/wp-json\/wp\/v2\/media\/139440"}],"wp:attachment":[{"href":"https:\/\/www.europesays.com\/fi\/wp-json\/wp\/v2\/media?parent=139439"}],"wp:term":[{"taxonomy":"category","embeddable":true,"href":"https:\/\/www.europesays.com\/fi\/wp-json\/wp\/v2\/categories?post=139439"},{"taxonomy":"post_tag","embeddable":true,"href":"https:\/\/www.europesays.com\/fi\/wp-json\/wp\/v2\/tags?post=139439"}],"curies":[{"name":"wp","href":"https:\/\/api.w.org\/{rel}","templated":true}]}}