{"id":139445,"date":"2026-01-11T11:12:08","date_gmt":"2026-01-11T11:12:08","guid":{"rendered":"https:\/\/www.europesays.com\/fi\/139445\/"},"modified":"2026-01-11T11:12:08","modified_gmt":"2026-01-11T11:12:08","slug":"love-islandin-kuvauspaikka-evakuoitiin-kovat-seuraukset","status":"publish","type":"post","link":"https:\/\/www.europesays.com\/fi\/139445\/","title":{"rendered":"Love Islandin kuvauspaikka evakuoitiin \u2013 Kovat seuraukset"},"content":{"rendered":"<p>Love Island All Starsin kuvausten olisi ollut m\u00e4\u00e4r\u00e4 alkaa maanantaina.<\/p>\n<p><img decoding=\"async\" class=\"image image-show image-preview\" src=\"https:\/\/www.europesays.com\/fi\/wp-content\/uploads\/2026\/01\/e59ec4d4d1976440ddfaef64cadb20819d29ed18839243010a688aee4ec0d40b.jpg\" alt=\"\"\/><img decoding=\"async\" class=\"image image-show\" src=\"https:\/\/www.europesays.com\/fi\/wp-content\/uploads\/2026\/01\/1768129928_924_e59ec4d4d1976440ddfaef64cadb20819d29ed18839243010a688aee4ec0d40b.jpg\" alt=\"\"\/><\/p>\n<p>Love Island All Stars on tarkoitus kuvata Etel\u00e4-Afrikassa. Olz McCoy-Page\/Shutterstock<\/p>\n<p class=\"paragraph\">Love Island: All Stars -sarjan kuvausten oli alun perin m\u00e4\u00e4r\u00e4 alkaa maanantaina Etel\u00e4-Afrikassa. Nyt brittil\u00e4inen televisioverkko ITV kuitenkin tiedottaa, ett\u00e4 kuvauksia joudutaan siirt\u00e4m\u00e4\u00e4n.<\/p>\n<p class=\"paragraph\">Love Islandin Instagram-tilill\u00e4 julkaistun ilmoituksen mukaan sarjan tuotanto on jouduttu evakuoimaan alueella roihuavien mets\u00e4palojen vuoksi. T\u00e4st\u00e4 syyst\u00e4 my\u00f6s sarjan kuvaukset siirtyv\u00e4t.<\/p>\n<p class=\"paragraph\">Jos julkaisu ei n\u00e4y, voit katsoa sen <a href=\"https:\/\/www.instagram.com\/p\/DTVmliQDPLP\/\" rel=\"noopener nofollow\" target=\"_blank\">t\u00e4st\u00e4 linkist\u00e4<\/a>.<\/p>\n<p class=\"paragraph\">Tuotanto ei kerro viel\u00e4, milloin kuvausten on m\u00e4\u00e4r\u00e4 alkaa.<\/p>\n<p class=\"paragraph\"><a href=\"https:\/\/www.bbc.com\/news\/articles\/cy09yp2wl5wo\" rel=\"noopener nofollow\" target=\"_blank\">BBC:n<\/a> mukaan Etel\u00e4-Afrikan yleisradioyhti\u00f6 kertoi lauantaina, ett\u00e4 viranomaiset tekev\u00e4t yhteisty\u00f6t\u00e4 Etel\u00e4-Afrikan ilmavoimien kanssa hallitakseen tulipaloihin liittyvi\u00e4 tapauksia L\u00e4nsi-Kapissa, jossa ohjelmaa on tarkoitus kuvata.<\/p>\n<p class=\"paragraph\">Love Island: All Stars -ohjelmassa joukko sinkkuja etsii ITV:n alkuper\u00e4issarjan tyyliin rakkautta. Sarjassa n\u00e4ht\u00e4v\u00e4t sinkut ovat kuitenkin osallistuneet ohjelmaan aiemmin.<\/p>\n<p class=\"paragraph\">Brittiversiota on esitetty my\u00f6s Suomessa MTV Katsomossa.<\/p>\n<p><script async src=\"\/\/www.instagram.com\/embed.js\"><\/script><\/p>\n","protected":false},"excerpt":{"rendered":"Love Island All Starsin kuvausten olisi ollut m\u00e4\u00e4r\u00e4 alkaa maanantaina. Love Island All Stars on tarkoitus kuvata Etel\u00e4-Afrikassa.&hellip;\n","protected":false},"author":2,"featured_media":139446,"comment_status":"","ping_status":"","sticky":false,"template":"","format":"standard","meta":{"footnotes":""},"categories":[133],"tags":[35,153,137,33,31,30,1616,979,32,206,140,139,156,109],"class_list":{"0":"post-139445","1":"post","2":"type-post","3":"status-publish","4":"format-standard","5":"has-post-thumbnail","7":"category-televisiot","8":"tag-24h","9":"tag-audiovisuaalinen-media","10":"tag-entertainment","11":"tag-fi","12":"tag-finland","13":"tag-finnish","14":"tag-media-viestinta","15":"tag-sahkoinen-media","16":"tag-suomi","17":"tag-televisiot","18":"tag-tv-ja-elokuvat","19":"tag-tv-ohjelmat","20":"tag-tv","21":"tag-viihde"},"share_on_mastodon":{"url":"https:\/\/pubeurope.com\/@fi\/115876170509864889","error":""},"_links":{"self":[{"href":"https:\/\/www.europesays.com\/fi\/wp-json\/wp\/v2\/posts\/139445","targetHints":{"allow":["GET"]}}],"collection":[{"href":"https:\/\/www.europesays.com\/fi\/wp-json\/wp\/v2\/posts"}],"about":[{"href":"https:\/\/www.europesays.com\/fi\/wp-json\/wp\/v2\/types\/post"}],"author":[{"embeddable":true,"href":"https:\/\/www.europesays.com\/fi\/wp-json\/wp\/v2\/users\/2"}],"replies":[{"embeddable":true,"href":"https:\/\/www.europesays.com\/fi\/wp-json\/wp\/v2\/comments?post=139445"}],"version-history":[{"count":0,"href":"https:\/\/www.europesays.com\/fi\/wp-json\/wp\/v2\/posts\/139445\/revisions"}],"wp:featuredmedia":[{"embeddable":true,"href":"https:\/\/www.europesays.com\/fi\/wp-json\/wp\/v2\/media\/139446"}],"wp:attachment":[{"href":"https:\/\/www.europesays.com\/fi\/wp-json\/wp\/v2\/media?parent=139445"}],"wp:term":[{"taxonomy":"category","embeddable":true,"href":"https:\/\/www.europesays.com\/fi\/wp-json\/wp\/v2\/categories?post=139445"},{"taxonomy":"post_tag","embeddable":true,"href":"https:\/\/www.europesays.com\/fi\/wp-json\/wp\/v2\/tags?post=139445"}],"curies":[{"name":"wp","href":"https:\/\/api.w.org\/{rel}","templated":true}]}}