{"id":139452,"date":"2026-01-11T11:21:08","date_gmt":"2026-01-11T11:21:08","guid":{"rendered":"https:\/\/www.europesays.com\/fi\/139452\/"},"modified":"2026-01-11T11:21:08","modified_gmt":"2026-01-11T11:21:08","slug":"yhdysvallat-kansalaisilleen-venezuelassa-poistukaa-valittomasti","status":"publish","type":"post","link":"https:\/\/www.europesays.com\/fi\/139452\/","title":{"rendered":"Yhdysvallat kansalaisilleen Venezuelassa: &#8221;Poistukaa v\u00e4litt\u00f6m\u00e4sti&#8221;"},"content":{"rendered":"<p><strong class=\"typography-bold\">Yhdysvaltain Caracasin-l\u00e4hetyst\u00f6 kertoo, ett\u00e4 Venezuelasta on saatu raportteja, joiden mukaan aseelliset ryhmittym\u00e4t etsiv\u00e4t Yhdysvaltain kansalaisia ja Yhdysvaltoja tukevia.<\/strong><\/p>\n<p>Yhdysvallat kehottaa kansalaisiaan poistumaan v\u00e4litt\u00f6m\u00e4sti Venezuelasta. Yhdysvaltain Caracasin-l\u00e4hetyst\u00f6n verkkosivuilla lauantaina julkaistussa <a class=\"underline\" data-testid=\"external-link\" href=\"https:\/\/ve.usembassy.gov\/security-alert-venezuela-january-10-2026-do-not-travel-to-venezuela-depart-immediately\/\" rel=\"noopener noreferrer nofollow\" data-sentry-component=\"ExternalLink\" data-sentry-source-file=\"ExternalLink.tsx\" target=\"_blank\">turvallisuusvaroituksessa<\/a> Venezuelan tilannetta kuvaillaan edelleen ep\u00e4vakaaksi.<\/p>\n<p>L\u00e4hetyst\u00f6 kehottaa Yhdysvaltain kansalaisia poistumaan v\u00e4litt\u00f6m\u00e4sti maasta nyt, kun kansainv\u00e4linen lentoliikenne Venezuelassa on jatkunut. Kansalaisia kehotetaan tekem\u00e4\u00e4n varotoimenpiteit\u00e4 ja tarkkailemaan ymp\u00e4rist\u00f6\u00e4\u00e4n ennen maasta poistumista.<\/p>\n<p>\u2013\u2009Olemme saaneet raportteja aseellisista ryhmittymist\u00e4 &#8212; , jotka ovat asettaneet tiesulkuja ja etsiv\u00e4t ajoneuvoista todisteita Yhdysvaltain kansalaisuudesta tai tuesta Yhdysvalloille, l\u00e4hetyst\u00f6n turvallisuusvaroituksessa kerrotaan.<\/p>\n<p><strong class=\"typography-bold\">Lue my\u00f6s: <\/strong><a class=\"cursor-pointer underline\" data-testid=\"internal-link\" role=\"link\" data-sentry-element=\"Link\" data-sentry-component=\"InternalLink\" data-sentry-source-file=\"InternalLink.tsx\" href=\"https:\/\/www.mtvuutiset.fi\/artikkeli\/toimittaja-kysyi-trumpilta-putin-kaappaamisesta-nain-han-vastasi\/9280448\" rel=\"nofollow noopener\" target=\"_blank\"><strong class=\"typography-bold\">Toimittaja kysyi Trumpilta Putinin kaappaamisesta \u2013 n\u00e4in h\u00e4n vastasi<\/strong><\/a><\/p>\n<p>Yhdysvaltain Caracasin-l\u00e4hetyst\u00f6 keskeytti toimintansa Venezuelassa vuonna 2019.<\/p>\n","protected":false},"excerpt":{"rendered":"Yhdysvaltain Caracasin-l\u00e4hetyst\u00f6 kertoo, ett\u00e4 Venezuelasta on saatu raportteja, joiden mukaan aseelliset ryhmittym\u00e4t etsiv\u00e4t Yhdysvaltain kansalaisia ja Yhdysvaltoja tukevia.&hellip;\n","protected":false},"author":2,"featured_media":139453,"comment_status":"","ping_status":"","sticky":false,"template":"","format":"standard","meta":{"footnotes":""},"categories":[14],"tags":[22,23,26,27,33,31,30,17,24,25,28,29,15,18,21,32,19,20,56,16,59,60,61],"class_list":{"0":"post-139452","1":"post","2":"type-post","3":"status-publish","4":"format-standard","5":"has-post-thumbnail","7":"category-ulkomaat","8":"tag-breaking-news","9":"tag-breakingnews","10":"tag-featured-news","11":"tag-featurednews","12":"tag-fi","13":"tag-finland","14":"tag-finnish","15":"tag-headlines","16":"tag-latest-news","17":"tag-latestnews","18":"tag-main-news","19":"tag-mainnews","20":"tag-news","21":"tag-otsikot","22":"tag-paauutiset","23":"tag-suomi","24":"tag-top-stories","25":"tag-topstories","26":"tag-ulkomaat","27":"tag-uutiset","28":"tag-world","29":"tag-world-news","30":"tag-worldnews"},"share_on_mastodon":{"url":"https:\/\/pubeurope.com\/@fi\/115876205934657598","error":""},"_links":{"self":[{"href":"https:\/\/www.europesays.com\/fi\/wp-json\/wp\/v2\/posts\/139452","targetHints":{"allow":["GET"]}}],"collection":[{"href":"https:\/\/www.europesays.com\/fi\/wp-json\/wp\/v2\/posts"}],"about":[{"href":"https:\/\/www.europesays.com\/fi\/wp-json\/wp\/v2\/types\/post"}],"author":[{"embeddable":true,"href":"https:\/\/www.europesays.com\/fi\/wp-json\/wp\/v2\/users\/2"}],"replies":[{"embeddable":true,"href":"https:\/\/www.europesays.com\/fi\/wp-json\/wp\/v2\/comments?post=139452"}],"version-history":[{"count":0,"href":"https:\/\/www.europesays.com\/fi\/wp-json\/wp\/v2\/posts\/139452\/revisions"}],"wp:featuredmedia":[{"embeddable":true,"href":"https:\/\/www.europesays.com\/fi\/wp-json\/wp\/v2\/media\/139453"}],"wp:attachment":[{"href":"https:\/\/www.europesays.com\/fi\/wp-json\/wp\/v2\/media?parent=139452"}],"wp:term":[{"taxonomy":"category","embeddable":true,"href":"https:\/\/www.europesays.com\/fi\/wp-json\/wp\/v2\/categories?post=139452"},{"taxonomy":"post_tag","embeddable":true,"href":"https:\/\/www.europesays.com\/fi\/wp-json\/wp\/v2\/tags?post=139452"}],"curies":[{"name":"wp","href":"https:\/\/api.w.org\/{rel}","templated":true}]}}