{"id":139456,"date":"2026-01-11T11:23:08","date_gmt":"2026-01-11T11:23:08","guid":{"rendered":"https:\/\/www.europesays.com\/fi\/139456\/"},"modified":"2026-01-11T11:23:08","modified_gmt":"2026-01-11T11:23:08","slug":"asiantuntija-iranissa-on-saavutettu-uusi-taso","status":"publish","type":"post","link":"https:\/\/www.europesays.com\/fi\/139456\/","title":{"rendered":"Asiantuntija: Iranissa on saavutettu \u201duusi taso\u201d"},"content":{"rendered":"<p>Jopa hallinnon kaatumista on v\u00e4l\u00e4ytelty.<\/p>\n<p class=\"article-body mb-nof-24 px-nof-16\">Iranissa jatkuvat laajat mielenosoitukset eiv\u00e4t asiantuntijoiden mukaan v\u00e4ltt\u00e4m\u00e4tt\u00e4 johda vallankumoukseen. Tilanne on kuitenkin poikkeuksellinen, ja niin Iranissa kuin muuallakin odotetaan Yhdysvaltojen mahdollista reaktiota tilanteeseen.<\/p>\n<p class=\"article-body mb-nof-24 px-nof-16\">Ulko- ja turvallisuuspolitiikan asiantuntija <a class=\"font-bold underline-offset-[0.12em] [text-decoration:var(--person-link-text-decoration)] ![text-decoration-color:var(--person-link-text-decoration-color)]\" href=\"https:\/\/www.is.fi\/haku\/?query=Henri%20Vanhasen\" rel=\"nofollow noopener\" target=\"_blank\">Henri Vanhasen<\/a> mukaan on selv\u00e4\u00e4, ett\u00e4 kansan tyytym\u00e4tt\u00f6myys Iranin islamistiseen hallintoon on laajaa. Vanhanen analysoi tilannetta X:ss\u00e4.<\/p>\n<p class=\"article-body mb-nof-24 px-nof-16\">K\u00e4ynniss\u00e4 olevat mielenosoitukset ovat laajimmat sitten vuoden 2022 kansannousun. Tuolloin iranilaiset l\u00e4htiv\u00e4t kaduille, kun nuori kurdinainen <a class=\"font-bold underline-offset-[0.12em] [text-decoration:var(--person-link-text-decoration)] ![text-decoration-color:var(--person-link-text-decoration-color)]\" href=\"https:\/\/www.is.fi\/haku\/?query=Mahsa%20Amini\" rel=\"nofollow noopener\" target=\"_blank\">Mahsa Amini<\/a> kuoli moraalipolisin k\u00e4siss\u00e4.<\/p>\n<p class=\"article-body mb-nof-24 px-nof-16\">Ihmisoikeusj\u00e4rjest\u00f6jen mukaan turvallisuusjoukot tappoivat yli 550 ihmist\u00e4 ja pid\u00e4ttiv\u00e4t 20\u202f000 ihmist\u00e4 tukahduttaessaan mielenosoituksia.<\/p>\n<p class=\"article-body mb-nof-24 px-nof-16\">Vuoden 2022 tapahtumat eiv\u00e4t johtaneet hallinnon kaatumiseen. Nyt ilmassa on kuitenkin Henri Vanhasen mukaan \u201dpoikkeuksellinen yhdistelm\u00e4 tekij\u00f6it\u00e4\u201d, kuten maan surkea taloustilanne ja heikentynyt turvallisuusymp\u00e4rist\u00f6.<\/p>\n<p class=\"article-body mb-nof-24 px-nof-16\">Kun viimeksi maassa vastustettiin erityisesti moraalipoliisin tyranniaa, nyt mielenosoittajia motivoi kadulle valuutan raju heikkeneminen ja voimakas hintojen nousu. T\u00e4m\u00e4 laskee Vanhasen mukaan kansan kynnyst\u00e4 osallistua mielenosoituksiin.<\/p>\n<p class=\"article-body mb-nof-24 px-nof-16\">Tilanteen taustalla vaikuttaa Vanhasen mukaan my\u00f6s viime kes\u00e4n sota. Israel hy\u00f6kk\u00e4si tuolloin Iraniin, ja Yhdysvallat tuki Israelia iskem\u00e4ll\u00e4 Iranin ydinkohteisiin.<\/p>\n<p class=\"article-body mb-nof-24 px-nof-16\">Yhdysvaltain presidentti <a class=\"font-bold underline-offset-[0.12em] [text-decoration:var(--person-link-text-decoration)] ![text-decoration-color:var(--person-link-text-decoration-color)]\" href=\"https:\/\/www.is.fi\/haku\/?query=Donald%20Trump\" rel=\"nofollow noopener\" target=\"_blank\">Donald Trump<\/a> on puhunut mahdollisesta uudesta sotilaallisesta v\u00e4liintulosta maahan. Trump <a class=\"underline underline-offset-[0.12em] [text-decoration-thickness:var(--generic-link-underline-thickness)] [text-decoration-color:var(--generic-link-underline-color)] [text-decoration-skip-ink:var(--generic-link-underline-skip-ink)] break-words\" href=\"https:\/\/www.is.fi\/ulkomaat\/art-2000011737608.html\" rel=\"nofollow noopener\" target=\"_blank\">uhkasi torstaina<\/a> Yhdysvaltojen \u201diskev\u00e4n hyvin kovaa\u201d, jos Iran alkaisi \u201dtappaa ihmisi\u00e4\u201d.<\/p>\n<p class=\"article-body mb-nof-24 px-nof-16\">Trumpin mainitsema kynnys iskulle on ylittynyt, sill\u00e4 ihmisoikeusj\u00e4rjest\u00f6jen mukaan ainakin 50 mielenosoittajaa on jo tapettu.<\/p>\n<p class=\"article-body mb-nof-24 px-nof-16\">Vanhasen mukaan Trumpin uhkauksia ei varmaankaan oteta Iranissa pelkk\u00e4n\u00e4 puheena. H\u00e4nen mukaansa iranilaiset voivat n\u00e4hd\u00e4 mielenosoitusten mahdollistavan ulkovaltojen puuttumisen tilanteeseen.<\/p>\n<p class=\"article-body mb-nof-24 px-nof-16\">Suomen L\u00e4hi-id\u00e4n instituutin johtaja <a class=\"font-bold underline-offset-[0.12em] [text-decoration:var(--person-link-text-decoration)] ![text-decoration-color:var(--person-link-text-decoration-color)]\" href=\"https:\/\/www.is.fi\/haku\/?query=Susanne%20Dahlgren\" rel=\"nofollow noopener\" target=\"_blank\">Susanne Dahlgren<\/a> arvioi <a class=\"underline underline-offset-[0.12em] [text-decoration-thickness:var(--generic-link-underline-thickness)] [text-decoration-color:var(--generic-link-underline-color)] [text-decoration-skip-ink:var(--generic-link-underline-skip-ink)] break-words\" href=\"https:\/\/yle.fi\/a\/74-20203516\" rel=\"nofollow noopener\" target=\"_blank\">Ylelle<\/a>, ett\u00e4 Trumpin hallinnossa pohditaan parhaillaan, miten tilanteeseen tulisi reagoida.<\/p>\n<p class=\"article-body mb-nof-24 px-nof-16\">Dahlgrenin mukaan Yhdysvallat ei todenn\u00e4k\u00f6isesti aio hy\u00f6k\u00e4t\u00e4 Iraniin niin kuin se viime kes\u00e4n\u00e4 teki. H\u00e4n kuitenkin v\u00e4l\u00e4ytt\u00e4\u00e4 Ylen haastattelussa, ett\u00e4 maan johtajan kaappaaminen voi olla asia, josta Yhdysvalloissa keskustellaan.<\/p>\n<p class=\"article-body mb-nof-24 px-nof-16\">Yhdysvallat kaappasi Venezuelan presidentin <a class=\"font-bold underline-offset-[0.12em] [text-decoration:var(--person-link-text-decoration)] ![text-decoration-color:var(--person-link-text-decoration-color)] article-strong\" href=\"https:\/\/www.is.fi\/haku\/?query=Nicol%C3%A1s%20Maduron\" rel=\"nofollow noopener\" target=\"_blank\">Nicol\u00e1s Maduron<\/a> viime viikolla.<\/p>\n<p><img decoding=\"async\" src=\"https:\/\/www.europesays.com\/fi\/wp-content\/uploads\/2026\/01\/1768130588_440_468.jpg\" alt=\"Iranin hallinnon vastaisia mielenosoituksia on n\u00e4hty my\u00f6s esimerkiksi Alankomaissa. Iranin mielenosoituksista on vaikea saada kuvamateriaalia, sill\u00e4 maa on eristetty internetist\u00e4.\" class=\"_Img_1rerz_1\" style=\"aspect-ratio:1.5011727912431587\" loading=\"eager\"\/><\/p>\n<p class=\"article-picture-caption\">Iranin hallinnon vastaisia mielenosoituksia on n\u00e4hty my\u00f6s esimerkiksi Alankomaissa. Iranin mielenosoituksista on vaikea saada kuvamateriaalia, sill\u00e4 maa on eristetty internetist\u00e4. Kuva:\u00a0PHIL NIJHUIS<\/p>\n<p class=\"article-body mb-nof-24 px-nof-16\">Kansainv\u00e4lisess\u00e4 mediassa on esitetty my\u00f6s arvioita, joiden mukaan protestit voivat johtaa ajatollah Ali Khamenein hallinnon kaatumiseen.<\/p>\n<p class=\"article-body mb-nof-24 px-nof-16\">Arvostetun brittitutkimuslaitoksen Chatham Housen L\u00e4hi-id\u00e4n tutkimusohjelman johtaja <a class=\"font-bold underline-offset-[0.12em] [text-decoration:var(--person-link-text-decoration)] ![text-decoration-color:var(--person-link-text-decoration-color)]\" href=\"https:\/\/www.is.fi\/haku\/?query=Sanam%20Vakil\" rel=\"nofollow noopener\" target=\"_blank\">Sanam Vakil<\/a> sanoi <a class=\"underline underline-offset-[0.12em] [text-decoration-thickness:var(--generic-link-underline-thickness)] [text-decoration-color:var(--generic-link-underline-color)] [text-decoration-skip-ink:var(--generic-link-underline-skip-ink)] break-words\" href=\"https:\/\/edition.cnn.com\/2026\/01\/09\/world\/iran-protests-explained-intl\" rel=\"nofollow noopener\" target=\"_blank\">CNN:lle<\/a>, ett\u00e4 mielenosoitukset vahingoittavat hallinnon jo valmiiksi rakoilevaa legitimiteetti\u00e4.<\/p>\n<p class=\"article-body mb-nof-24 px-nof-16\">Riippumatta siit\u00e4, mihin t\u00e4m\u00e4nkertaiset mielenosoitukset lopulta johtavat, on Iranin islamilainen valtio on tulossa Vakilin arvion mukaan tiens\u00e4 p\u00e4\u00e4h\u00e4n.<\/p>\n<p class=\"article-body mb-nof-24 px-nof-16\">Iraniin erikoistuneen CMEG-ajatushautomon johtaja <a class=\"font-bold underline-offset-[0.12em] [text-decoration:var(--person-link-text-decoration)] ![text-decoration-color:var(--person-link-text-decoration-color)]\" href=\"https:\/\/www.is.fi\/haku\/?query=Ali%20Fathollah-Nejad\" rel=\"nofollow noopener\" target=\"_blank\">Ali Fathollah-Nejad<\/a> puolestaan kertoi <a class=\"underline underline-offset-[0.12em] [text-decoration-thickness:var(--generic-link-underline-thickness)] [text-decoration-color:var(--generic-link-underline-color)] [text-decoration-skip-ink:var(--generic-link-underline-skip-ink)] break-words\" href=\"https:\/\/www.cnn.com\/world\/live-news\/iran-protests-01-10-26?post-id=cmk8dv0qn000t3d5u57dgkojy\" rel=\"nofollow noopener\" target=\"_blank\">CNN:lle<\/a>, ett\u00e4 mielenosoitukset ovat saavuttaneet \u201duuden tason\u201d. Jos ne viel\u00e4 laajenevat, tulee niiden tukahduttamisesta h\u00e4nen mukaansa yh\u00e4 vaikeampaa.<\/p>\n<p class=\"article-body mb-nof-24 px-nof-16\">Edes mielenosoitusten onnistunut tukahduttaminen ei Fathollah-Nejadin arvion mukaan v\u00e4ltt\u00e4m\u00e4tt\u00e4 tarkoita pitk\u00e4aikaista voittoa hallinnolle, sill\u00e4 mielenosoitusten taustalla on merkitt\u00e4vi\u00e4 ep\u00e4kohtia ja tyytym\u00e4tt\u00f6myytt\u00e4.<\/p>\n<p class=\"article-body mb-nof-24 px-nof-16\">H\u00e4nen mukaansa yhteiskunnan ja valtion v\u00e4lille on syntynyt Iranissa peruuttamaton railo.<\/p>\n","protected":false},"excerpt":{"rendered":"Jopa hallinnon kaatumista on v\u00e4l\u00e4ytelty. Iranissa jatkuvat laajat mielenosoitukset eiv\u00e4t asiantuntijoiden mukaan v\u00e4ltt\u00e4m\u00e4tt\u00e4 johda vallankumoukseen. Tilanne on kuitenkin&hellip;\n","protected":false},"author":2,"featured_media":139457,"comment_status":"","ping_status":"","sticky":false,"template":"","format":"standard","meta":{"footnotes":""},"categories":[5],"tags":[22,23,26,27,33,31,30,17,34,24,25,28,29,15,18,21,32,19,20,16],"class_list":{"0":"post-139456","1":"post","2":"type-post","3":"status-publish","4":"format-standard","5":"has-post-thumbnail","7":"category-otsikot","8":"tag-breaking-news","9":"tag-breakingnews","10":"tag-featured-news","11":"tag-featurednews","12":"tag-fi","13":"tag-finland","14":"tag-finnish","15":"tag-headlines","16":"tag-ilta-sanomat","17":"tag-latest-news","18":"tag-latestnews","19":"tag-main-news","20":"tag-mainnews","21":"tag-news","22":"tag-otsikot","23":"tag-paauutiset","24":"tag-suomi","25":"tag-top-stories","26":"tag-topstories","27":"tag-uutiset"},"share_on_mastodon":{"url":"https:\/\/pubeurope.com\/@fi\/115876213735439872","error":""},"_links":{"self":[{"href":"https:\/\/www.europesays.com\/fi\/wp-json\/wp\/v2\/posts\/139456","targetHints":{"allow":["GET"]}}],"collection":[{"href":"https:\/\/www.europesays.com\/fi\/wp-json\/wp\/v2\/posts"}],"about":[{"href":"https:\/\/www.europesays.com\/fi\/wp-json\/wp\/v2\/types\/post"}],"author":[{"embeddable":true,"href":"https:\/\/www.europesays.com\/fi\/wp-json\/wp\/v2\/users\/2"}],"replies":[{"embeddable":true,"href":"https:\/\/www.europesays.com\/fi\/wp-json\/wp\/v2\/comments?post=139456"}],"version-history":[{"count":0,"href":"https:\/\/www.europesays.com\/fi\/wp-json\/wp\/v2\/posts\/139456\/revisions"}],"wp:featuredmedia":[{"embeddable":true,"href":"https:\/\/www.europesays.com\/fi\/wp-json\/wp\/v2\/media\/139457"}],"wp:attachment":[{"href":"https:\/\/www.europesays.com\/fi\/wp-json\/wp\/v2\/media?parent=139456"}],"wp:term":[{"taxonomy":"category","embeddable":true,"href":"https:\/\/www.europesays.com\/fi\/wp-json\/wp\/v2\/categories?post=139456"},{"taxonomy":"post_tag","embeddable":true,"href":"https:\/\/www.europesays.com\/fi\/wp-json\/wp\/v2\/tags?post=139456"}],"curies":[{"name":"wp","href":"https:\/\/api.w.org\/{rel}","templated":true}]}}