{"id":139458,"date":"2026-01-11T11:35:08","date_gmt":"2026-01-11T11:35:08","guid":{"rendered":"https:\/\/www.europesays.com\/fi\/139458\/"},"modified":"2026-01-11T11:35:08","modified_gmt":"2026-01-11T11:35:08","slug":"pernilla-bockerman-kohtasi-jari-saarion-vain-hetki-ennen-kohtalokasta-matkaa-aavistus-siita-etta-tama-saattaisi-olla-viimeinen-kerta","status":"publish","type":"post","link":"https:\/\/www.europesays.com\/fi\/139458\/","title":{"rendered":"Pernilla B\u00f6ckerman kohtasi Jari Saarion vain hetki ennen kohtalokasta matkaa \u2013 &#8221;Aavistus siit\u00e4, ett\u00e4 t\u00e4m\u00e4 saattaisi olla viimeinen kerta&#8221;"},"content":{"rendered":"<p>Jari Saario on toiminut Pernilla B\u00f6ckermanin sis\u00e4soutuvalmentajana.<\/p>\n<p><img decoding=\"async\" class=\"image image-show image-preview\" src=\"https:\/\/www.europesays.com\/fi\/wp-content\/uploads\/2026\/01\/328a7b4b31bb79d0ba0c980b2a77b6c86d1c78645747ea64ad0c805e6416343c.png\" alt=\"\"\/><img decoding=\"async\" class=\"image image-show\" src=\"https:\/\/www.europesays.com\/fi\/wp-content\/uploads\/2026\/01\/1768131308_405_328a7b4b31bb79d0ba0c980b2a77b6c86d1c78645747ea64ad0c805e6416343c.png\" alt=\"\"\/><\/p>\n<p>Pernilla B\u00f6ckerman pohtii ehk\u00e4isyasioista tuoreessa podcast-jaksossaan. Jere Viinikainen<\/p>\n<p class=\"paragraph\">Fitness-vaikuttaja <a href=\"https:\/\/www.iltalehti.fi\/henkilot\/Pernilla B\u00f6ckerman\" class=\"article-link-person-page\" rel=\"nofollow noopener\" target=\"_blank\">Pernilla B\u00f6ckerman<\/a> kommentoi Instagramissa sis\u00e4soutuvalmentajanaan toimineen valtamerisoutaja <a href=\"https:\/\/www.iltalehti.fi\/henkilot\/Jari Saario\" class=\"article-link-person-page\" rel=\"nofollow noopener\" target=\"_blank\">Jari Saarion<\/a> venematkaa. Etel\u00e4-Atlantilla merih\u00e4t\u00e4\u00e4n joutunut Saario noukittiin kauppa-alus Cymona Eaglen kyytiin varhain sunnuntaina noin kello 2.30 Suomen aikaa.<\/p>\n<p class=\"paragraph\">B\u00f6ckerman on uutisesta helpottunut.<\/p>\n<p class=\"paragraph\">\u2013 Oon tietoisesti ottanut et\u00e4isyytt\u00e4 Jarin uuteen matkaan. Tiesin riskin ja pelk\u00e4sin juuri t\u00e4t\u00e4, B\u00f6ckerman kirjoittaa.<\/p>\n<p class=\"paragraph\">Jos julkaisu ei n\u00e4y, voit katsoa sen <a href=\"https:\/\/www.instagram.com\/p\/DTXcFa5DI6l\/\" rel=\"noopener nofollow\" target=\"_blank\">t\u00e4st\u00e4 linkist\u00e4<\/a>.<\/p>\n<p class=\"paragraph\">B\u00f6ckerman kertoo, ett\u00e4 Saario k\u00e4vi h\u00e4nen luonaan muutama p\u00e4iv\u00e4 ennen l\u00e4ht\u00f6\u00e4\u00e4n.<\/p>\n<p class=\"paragraph\">\u2013 Korvapuustit tietenkin mukanaan, kun h\u00e4n tiesi, ett\u00e4 pid\u00e4n niist\u00e4 kovasti, B\u00f6ckerman kirjoittaa.<\/p>\n<p class=\"paragraph\">B\u00f6ckerman kertoo, ett\u00e4 Saariolle oli t\u00e4rke\u00e4\u00e4 varmistaa ett\u00e4 B\u00f6ckermanilla ja h\u00e4nen perheell\u00e4\u00e4n on kaikki hyvin.<\/p>\n<p class=\"paragraph\">\u2013 Ilmassa oli sellainen tunne, jota en osaa oikein selitt\u00e4\u00e4. Vain aavistus siit\u00e4, ett\u00e4 t\u00e4m\u00e4 saattaisi olla viimeinen kerta, kun n\u00e4en Jarin. Ehk\u00e4 siksi h\u00e4n halusi j\u00e4tt\u00e4\u00e4 mulle rauhallisen olon, B\u00f6ckerman pohtii tekstiss\u00e4\u00e4n.<\/p>\n<p class=\"paragraph\">\u2013 Jari tiesi riskit paremmin kuin kukaan muu.<\/p>\n<p class=\"paragraph\">B\u00f6ckerman kertoo my\u00f6s, mit\u00e4 sanoi Saariolle halatessaan t\u00e4t\u00e4 ennen l\u00e4ht\u00f6\u00e4.<\/p>\n<p class=\"paragraph\">\u2013 Viimeisess\u00e4 halauksessa sanoin ja toivoin taas: tulethan ehj\u00e4n\u00e4 takaisin, B\u00f6ckerman kirjoittaa.<\/p>\n<p class=\"paragraph\">Saario on toiminut B\u00f6ckermanin sis\u00e4soutuvalmentajana. B\u00f6ckerman valitsi Saarion my\u00f6s syksyll\u00e4 2023 Tanssii t\u00e4htien kanssa -ohjelman finaalil\u00e4hetykseen mukaan tanssimaan h\u00e4nen kanssaan.<\/p>\n<p class=\"paragraph\">\u2013 Jari on yksinkertaisesti paras ja maailman ihanin ihminen, B\u00f6ckerman kuvasi <a href=\"https:\/\/www.iltalehti.fi\/tv-ja-leffat\/48d58b4f-af64-4151-a984-f92eb3a42daf\" rel=\"nofollow noopener\" target=\"_blank\">Iltalehdelle<\/a> ohjelman yhteydess\u00e4.<\/p>\n<p><script async src=\"\/\/www.instagram.com\/embed.js\"><\/script><\/p>\n","protected":false},"excerpt":{"rendered":"Jari Saario on toiminut Pernilla B\u00f6ckermanin sis\u00e4soutuvalmentajana. Pernilla B\u00f6ckerman pohtii ehk\u00e4isyasioista tuoreessa podcast-jaksossaan. Jere Viinikainen Fitness-vaikuttaja Pernilla B\u00f6ckerman&hellip;\n","protected":false},"author":2,"featured_media":139459,"comment_status":"","ping_status":"","sticky":false,"template":"","format":"standard","meta":{"footnotes":""},"categories":[136],"tags":[35,407,137,33,31,30,408,41,979,32,2140,140,139,109],"class_list":{"0":"post-139458","1":"post","2":"type-post","3":"status-publish","4":"format-standard","5":"has-post-thumbnail","7":"category-julkkikset","8":"tag-24h","9":"tag-celebrities","10":"tag-entertainment","11":"tag-fi","12":"tag-finland","13":"tag-finnish","14":"tag-julkkikset","15":"tag-liikunta-ja-urheilu","16":"tag-sahkoinen-media","17":"tag-suomi","18":"tag-tosi-tv-ohjelmat","19":"tag-tv-ja-elokuvat","20":"tag-tv-ohjelmat","21":"tag-viihde"},"share_on_mastodon":{"url":"https:\/\/pubeurope.com\/@fi\/115876261302148801","error":""},"_links":{"self":[{"href":"https:\/\/www.europesays.com\/fi\/wp-json\/wp\/v2\/posts\/139458","targetHints":{"allow":["GET"]}}],"collection":[{"href":"https:\/\/www.europesays.com\/fi\/wp-json\/wp\/v2\/posts"}],"about":[{"href":"https:\/\/www.europesays.com\/fi\/wp-json\/wp\/v2\/types\/post"}],"author":[{"embeddable":true,"href":"https:\/\/www.europesays.com\/fi\/wp-json\/wp\/v2\/users\/2"}],"replies":[{"embeddable":true,"href":"https:\/\/www.europesays.com\/fi\/wp-json\/wp\/v2\/comments?post=139458"}],"version-history":[{"count":0,"href":"https:\/\/www.europesays.com\/fi\/wp-json\/wp\/v2\/posts\/139458\/revisions"}],"wp:featuredmedia":[{"embeddable":true,"href":"https:\/\/www.europesays.com\/fi\/wp-json\/wp\/v2\/media\/139459"}],"wp:attachment":[{"href":"https:\/\/www.europesays.com\/fi\/wp-json\/wp\/v2\/media?parent=139458"}],"wp:term":[{"taxonomy":"category","embeddable":true,"href":"https:\/\/www.europesays.com\/fi\/wp-json\/wp\/v2\/categories?post=139458"},{"taxonomy":"post_tag","embeddable":true,"href":"https:\/\/www.europesays.com\/fi\/wp-json\/wp\/v2\/tags?post=139458"}],"curies":[{"name":"wp","href":"https:\/\/api.w.org\/{rel}","templated":true}]}}