{"id":139460,"date":"2026-01-11T11:36:10","date_gmt":"2026-01-11T11:36:10","guid":{"rendered":"https:\/\/www.europesays.com\/fi\/139460\/"},"modified":"2026-01-11T11:36:10","modified_gmt":"2026-01-11T11:36:10","slug":"kyroskosken-seurahuoneella-avautui-lauantaina-tuja-sirosen-taidenayttely-keramiikkauuni-ostettu-kopallisella-viinaa","status":"publish","type":"post","link":"https:\/\/www.europesays.com\/fi\/139460\/","title":{"rendered":"Kyr\u00f6skosken Seurahuoneella avautui lauantaina Tuja Sirosen taiden\u00e4yttely \u2013 \u201dkeramiikkauuni ostettu kopallisella viinaa\u201d"},"content":{"rendered":"<p>Pakkaskelist\u00e4 huolimatta Seurahuoneella lauantaina mukavasti kuulijoita ja kahveella k\u00e4vij\u00f6it\u00e4.<\/p>\n<p><strong>H\u00c4MEENKYR\u00d6SS\u00c4\u00a0<\/strong>Kyr\u00f6skosken Seurahuoneella (Sep\u00e4nkatu 3) avautui lauantaina 10.1.2026\u00a0<strong>Tuija Sirosen<\/strong>\u00a0taiden\u00e4yttely. Taiden\u00e4yttely on esill\u00e4 Seurahuoneella helmikuun loppuun asti<\/p>\n<p>Esill\u00e4 on grafiikkaa ja rakukeramiikkaa. Rakukeramiikka on perinteinen japanilainen tapa tehd\u00e4 keramiikkaesineit\u00e4. Kaikki Sirosen teokset ovat myyt\u00e4v\u00e4n\u00e4.<\/p>\n<p>Tuija Sironen tunnetaan my\u00f6s kirjailijana. H\u00e4n on kirjoittanut useita H\u00e4meenkyr\u00f6n historiaan sojoittuvia romaaneja. Kirjailijan juuret ovat H\u00e4meenkyr\u00f6n Lavaj\u00e4rvelt\u00e4 l\u00e4ht\u00f6isin.<\/p>\n<p>Tuija Sironen kertoi lauantaina Seurahuoneella, ett\u00e4 h\u00e4n alkoi vuosia sitten harrastaa \u00f6ljyv\u00e4reill\u00e4 maalausta ja niit\u00e4 alkoi kerty\u00e4 jo mukava m\u00e4\u00e4r\u00e4 tarpeeksi asti.<\/p>\n<p>Insin\u00f6\u00f6riksi aikoinaan kouluttautunut taiteilija siirtyi my\u00f6hemmin grafiikkaan ja rakukeramiikkaan \u2013 insin\u00f6\u00f6rin koulutuksesta on ollut t\u00e4h\u00e4n jotain hy\u00f6ty\u00e4kin.<\/p>\n<p>Grafiikka on tavallaan jopa helpompaa  kuin maalaaminen, tiivisti taiteilija Seurahuoneella lauantaina.<\/p>\n<p>Rakukeramiikkaa tehd\u00e4\u00e4n useilla menetelmill\u00e4 ja monella tapaa eri tekniikalla. Siihen tarvittiin vanha keramikkauunikin, jonka Sironen oli \u201dostanut\u201d kopallisella viinaa.<\/p>\n<p>Uunin l\u00e4mp\u00f6tila on reilut 900 astetta ja sitten esine savup\u00f6ntt\u00f6\u00f6n jossa puruja. Purut syttyy palamaan ja lopussa katsotaan  mit\u00e4 on syntynyt \u2013 onko suunnitellusta kissasta tullut karhu\u2026<\/p>\n<p>Lis\u00e4ksi t\u00e4t\u00e4 rakukeramiikkaa tehd\u00e4\u00e4n k\u00e4ytetyist\u00e4 tiilist\u00e4 tehdyll\u00e4 uunilla ja metallista rakennetulla p\u00f6ntt\u00f6uunilla, jossa poltetaan puita, risua ja k\u00e4pyj\u00e4.<\/p>\n<p>Kyr\u00f6skosken Nappulaliigan Seurahuone on avoinna lauantaisin klo 9 -12.<\/p>\n<p><img loading=\"lazy\" decoding=\"async\" data-attachment-id=\"188389\" data-permalink=\"https:\/\/timinsanomat.wordpress.com\/wp-17680393691781952142661669051160\/\" data-orig-file=\"https:\/\/timinsanomat.wordpress.com\/wp-content\/uploads\/2026\/01\/wp-17680393691781952142661669051160.jpg\" data-orig-size=\"2040,1530\" data-comments-opened=\"1\" data-image-meta=\"{&quot;aperture&quot;:&quot;1.8&quot;,&quot;credit&quot;:&quot;&quot;,&quot;camera&quot;:&quot;Galaxy A16&quot;,&quot;caption&quot;:&quot;&quot;,&quot;created_timestamp&quot;:&quot;1768039819&quot;,&quot;copyright&quot;:&quot;&quot;,&quot;focal_length&quot;:&quot;3.98&quot;,&quot;iso&quot;:&quot;200&quot;,&quot;shutter_speed&quot;:&quot;0.01999499997449&quot;,&quot;title&quot;:&quot;&quot;,&quot;orientation&quot;:&quot;1&quot;,&quot;latitude&quot;:&quot;0&quot;,&quot;longitude&quot;:&quot;0&quot;}\" data-image-title=\"wp-17680393691781952142661669051160\" data-image-description=\"\" data-image-caption=\"\" data-medium-file=\"https:\/\/timinsanomat.wordpress.com\/wp-content\/uploads\/2026\/01\/wp-17680393691781952142661669051160.jpg?w=300\" data-large-file=\"https:\/\/www.europesays.com\/fi\/wp-content\/uploads\/2026\/01\/wp-17680393691781952142661669051160.jpg\" width=\"616\" height=\"462\" src=\"https:\/\/www.europesays.com\/fi\/wp-content\/uploads\/2026\/01\/wp-17680393691781952142661669051160.jpg\" alt=\"\" class=\"wp-image-188389\"  \/><\/p>\n<p><strong>Tuija Sironen<\/strong> esittelee Seurahuoneella rakukeramiikkaa ja sit\u00e4 syntynytt\u00e4 taidetta | KUVA: ERKKI KOVALAINEN<\/p>\n<p><img loading=\"lazy\" decoding=\"async\" data-attachment-id=\"188390\" data-permalink=\"https:\/\/timinsanomat.wordpress.com\/wp-17680394014396523968915152263421\/\" data-orig-file=\"https:\/\/timinsanomat.wordpress.com\/wp-content\/uploads\/2026\/01\/wp-17680394014396523968915152263421.jpg\" data-orig-size=\"2040,1530\" data-comments-opened=\"1\" data-image-meta=\"{&quot;aperture&quot;:&quot;1.8&quot;,&quot;credit&quot;:&quot;&quot;,&quot;camera&quot;:&quot;Galaxy A16&quot;,&quot;caption&quot;:&quot;&quot;,&quot;created_timestamp&quot;:&quot;1768039417&quot;,&quot;copyright&quot;:&quot;&quot;,&quot;focal_length&quot;:&quot;3.98&quot;,&quot;iso&quot;:&quot;100&quot;,&quot;shutter_speed&quot;:&quot;0.01999499997449&quot;,&quot;title&quot;:&quot;&quot;,&quot;orientation&quot;:&quot;1&quot;,&quot;latitude&quot;:&quot;0&quot;,&quot;longitude&quot;:&quot;0&quot;}\" data-image-title=\"wp-17680394014396523968915152263421\" data-image-description=\"\" data-image-caption=\"\" data-medium-file=\"https:\/\/timinsanomat.wordpress.com\/wp-content\/uploads\/2026\/01\/wp-17680394014396523968915152263421.jpg?w=300\" data-large-file=\"https:\/\/www.europesays.com\/fi\/wp-content\/uploads\/2026\/01\/wp-17680394014396523968915152263421.jpg\" width=\"616\" height=\"462\" src=\"https:\/\/www.europesays.com\/fi\/wp-content\/uploads\/2026\/01\/wp-17680394014396523968915152263421.jpg\" alt=\"\" class=\"wp-image-188390\"  \/><\/p>\n<p><strong>Asko Mielonen<\/strong> toivotti Nappulaliigan puolesta vieraan tervetulleeksi  |  KUVA: ERKKI KOVALAINEN<\/p>\n<p><img loading=\"lazy\" decoding=\"async\" data-attachment-id=\"188388\" data-permalink=\"https:\/\/timinsanomat.wordpress.com\/wp-17680393465153466777177047870089\/\" data-orig-file=\"https:\/\/timinsanomat.wordpress.com\/wp-content\/uploads\/2026\/01\/wp-17680393465153466777177047870089.jpg\" data-orig-size=\"2040,1530\" data-comments-opened=\"1\" data-image-meta=\"{&quot;aperture&quot;:&quot;1.8&quot;,&quot;credit&quot;:&quot;&quot;,&quot;camera&quot;:&quot;Galaxy A16&quot;,&quot;caption&quot;:&quot;&quot;,&quot;created_timestamp&quot;:&quot;1768041196&quot;,&quot;copyright&quot;:&quot;&quot;,&quot;focal_length&quot;:&quot;3.98&quot;,&quot;iso&quot;:&quot;100&quot;,&quot;shutter_speed&quot;:&quot;0.01999499997449&quot;,&quot;title&quot;:&quot;&quot;,&quot;orientation&quot;:&quot;1&quot;,&quot;latitude&quot;:&quot;0&quot;,&quot;longitude&quot;:&quot;0&quot;}\" data-image-title=\"wp-17680393465153466777177047870089\" data-image-description=\"\" data-image-caption=\"\" data-medium-file=\"https:\/\/timinsanomat.wordpress.com\/wp-content\/uploads\/2026\/01\/wp-17680393465153466777177047870089.jpg?w=300\" data-large-file=\"https:\/\/www.europesays.com\/fi\/wp-content\/uploads\/2026\/01\/wp-17680393465153466777177047870089.jpg\" width=\"616\" height=\"462\" src=\"https:\/\/www.europesays.com\/fi\/wp-content\/uploads\/2026\/01\/wp-17680393465153466777177047870089.jpg\" alt=\"\" class=\"wp-image-188388\"  \/><\/p>\n<p>Tuija Sirosen grafiikkaa Kyr\u00f6skosken Seurahuoneen sein\u00e4ll\u00e4 | KUVA: ERKKI KOVALAINEN <\/p>\n<p><img decoding=\"async\" data-attachment-id=\"188387\" data-permalink=\"https:\/\/timinsanomat.wordpress.com\/wp-17680393227008275309249500775891\/\" data-orig-file=\"https:\/\/timinsanomat.wordpress.com\/wp-content\/uploads\/2026\/01\/wp-17680393227008275309249500775891.jpg\" data-orig-size=\"2040,1530\" data-comments-opened=\"1\" data-image-meta=\"{&quot;aperture&quot;:&quot;1.8&quot;,&quot;credit&quot;:&quot;&quot;,&quot;camera&quot;:&quot;Galaxy A16&quot;,&quot;caption&quot;:&quot;&quot;,&quot;created_timestamp&quot;:&quot;1768041744&quot;,&quot;copyright&quot;:&quot;&quot;,&quot;focal_length&quot;:&quot;3.98&quot;,&quot;iso&quot;:&quot;160&quot;,&quot;shutter_speed&quot;:&quot;0.01999499997449&quot;,&quot;title&quot;:&quot;&quot;,&quot;orientation&quot;:&quot;1&quot;,&quot;latitude&quot;:&quot;0&quot;,&quot;longitude&quot;:&quot;0&quot;}\" data-image-title=\"wp-17680393227008275309249500775891\" data-image-description=\"\" data-image-caption=\"\" data-medium-file=\"https:\/\/timinsanomat.wordpress.com\/wp-content\/uploads\/2026\/01\/wp-17680393227008275309249500775891.jpg?w=300\" data-large-file=\"https:\/\/www.europesays.com\/fi\/wp-content\/uploads\/2026\/01\/wp-17680393227008275309249500775891.jpg\" loading=\"lazy\" width=\"616\" height=\"462\" src=\"https:\/\/www.europesays.com\/fi\/wp-content\/uploads\/2026\/01\/wp-17680393227008275309249500775891.jpg\" alt=\"\" class=\"wp-image-188387\"  \/><\/p>\n<p>Rakukeramiikkaa ja siit\u00e4 syntynyt karhu | KUVA: ERKKI KOVALAINEN<\/p>\n<p><img decoding=\"async\" data-attachment-id=\"187931\" data-permalink=\"https:\/\/timinsanomat.wordpress.com\/wp-17676802191246893866244879855095\/\" data-orig-file=\"https:\/\/timinsanomat.wordpress.com\/wp-content\/uploads\/2026\/01\/wp-17676802191246893866244879855095.jpg\" data-orig-size=\"1080,264\" data-comments-opened=\"1\" data-image-meta=\"{&quot;aperture&quot;:&quot;0&quot;,&quot;credit&quot;:&quot;&quot;,&quot;camera&quot;:&quot;&quot;,&quot;caption&quot;:&quot;&quot;,&quot;created_timestamp&quot;:&quot;0&quot;,&quot;copyright&quot;:&quot;&quot;,&quot;focal_length&quot;:&quot;0&quot;,&quot;iso&quot;:&quot;0&quot;,&quot;shutter_speed&quot;:&quot;0&quot;,&quot;title&quot;:&quot;&quot;,&quot;orientation&quot;:&quot;1&quot;}\" data-image-title=\"wp-17676802191246893866244879855095\" data-image-description=\"\" data-image-caption=\"\" data-medium-file=\"https:\/\/timinsanomat.wordpress.com\/wp-content\/uploads\/2026\/01\/wp-17676802191246893866244879855095.jpg?w=300\" data-large-file=\"https:\/\/www.europesays.com\/fi\/wp-content\/uploads\/2026\/01\/wp-17676802191246893866244879855095.jpg\" loading=\"lazy\" width=\"616\" height=\"150\" src=\"https:\/\/www.europesays.com\/fi\/wp-content\/uploads\/2026\/01\/wp-17676802191246893866244879855095.jpg\" alt=\"\" class=\"wp-image-187931\"  \/><\/p>\n","protected":false},"excerpt":{"rendered":"Pakkaskelist\u00e4 huolimatta Seurahuoneella lauantaina mukavasti kuulijoita ja kahveella k\u00e4vij\u00f6it\u00e4. H\u00c4MEENKYR\u00d6SS\u00c4\u00a0Kyr\u00f6skosken Seurahuoneella (Sep\u00e4nkatu 3) avautui lauantaina 10.1.2026\u00a0Tuija Sirosen\u00a0taiden\u00e4yttely. Taiden\u00e4yttely&hellip;\n","protected":false},"author":2,"featured_media":139461,"comment_status":"","ping_status":"","sticky":false,"template":"","format":"standard","meta":{"footnotes":""},"categories":[135],"tags":[389,387,388,390,137,33,31,30,32,394,393,391,392,109],"class_list":{"0":"post-139460","1":"post","2":"type-post","3":"status-publish","4":"format-standard","5":"has-post-thumbnail","7":"category-taiteet-ja-suunnittelu","8":"tag-arts","9":"tag-arts-and-design","10":"tag-artsanddesign","11":"tag-design","12":"tag-entertainment","13":"tag-fi","14":"tag-finland","15":"tag-finnish","16":"tag-suomi","17":"tag-suunnittelu","18":"tag-taiteet","19":"tag-taiteet-ja-suunnittelu","20":"tag-taiteetsuunnittelu","21":"tag-viihde"},"share_on_mastodon":{"url":"https:\/\/pubeurope.com\/@fi\/115876264895048178","error":""},"_links":{"self":[{"href":"https:\/\/www.europesays.com\/fi\/wp-json\/wp\/v2\/posts\/139460","targetHints":{"allow":["GET"]}}],"collection":[{"href":"https:\/\/www.europesays.com\/fi\/wp-json\/wp\/v2\/posts"}],"about":[{"href":"https:\/\/www.europesays.com\/fi\/wp-json\/wp\/v2\/types\/post"}],"author":[{"embeddable":true,"href":"https:\/\/www.europesays.com\/fi\/wp-json\/wp\/v2\/users\/2"}],"replies":[{"embeddable":true,"href":"https:\/\/www.europesays.com\/fi\/wp-json\/wp\/v2\/comments?post=139460"}],"version-history":[{"count":0,"href":"https:\/\/www.europesays.com\/fi\/wp-json\/wp\/v2\/posts\/139460\/revisions"}],"wp:featuredmedia":[{"embeddable":true,"href":"https:\/\/www.europesays.com\/fi\/wp-json\/wp\/v2\/media\/139461"}],"wp:attachment":[{"href":"https:\/\/www.europesays.com\/fi\/wp-json\/wp\/v2\/media?parent=139460"}],"wp:term":[{"taxonomy":"category","embeddable":true,"href":"https:\/\/www.europesays.com\/fi\/wp-json\/wp\/v2\/categories?post=139460"},{"taxonomy":"post_tag","embeddable":true,"href":"https:\/\/www.europesays.com\/fi\/wp-json\/wp\/v2\/tags?post=139460"}],"curies":[{"name":"wp","href":"https:\/\/api.w.org\/{rel}","templated":true}]}}