{"id":139462,"date":"2026-01-11T11:38:09","date_gmt":"2026-01-11T11:38:09","guid":{"rendered":"https:\/\/www.europesays.com\/fi\/139462\/"},"modified":"2026-01-11T11:38:09","modified_gmt":"2026-01-11T11:38:09","slug":"nama-tv-lahetykset-kerasivat-yli-miljoona-katsojaa-viime-vuonna-mukana-rakastettu-lastenelokuva","status":"publish","type":"post","link":"https:\/\/www.europesays.com\/fi\/139462\/","title":{"rendered":"N\u00e4m\u00e4 tv-l\u00e4hetykset ker\u00e4siv\u00e4t yli miljoona katsojaa viime vuonna \u2013 Mukana rakastettu lastenelokuva"},"content":{"rendered":"<p>Suomalaiset ker\u00e4\u00e4ntyiv\u00e4t sankoin joukoin vuonna 2025 seuraamaan Linnan juhlia ja Euroviisuja.<\/p>\n<p><img decoding=\"async\" class=\"image image-show image-preview\" src=\"https:\/\/www.europesays.com\/fi\/wp-content\/uploads\/2026\/01\/724da172b095e557873cb42440d343d220e4ef88841d9e66440bdcceab33b115.jpg\" alt=\"\"\/><img decoding=\"async\" class=\"image image-show\" src=\"https:\/\/www.europesays.com\/fi\/wp-content\/uploads\/2026\/01\/1768131489_121_724da172b095e557873cb42440d343d220e4ef88841d9e66440bdcceab33b115.jpg\" alt=\"\"\/><\/p>\n<p>Linnan juhlat oli vuoden katsotuin tv-l\u00e4hetys. Roosa Br\u00f6ijer<\/p>\n<p class=\"paragraph\">Linnan juhlat oli vuoden 2025 katsotuin televisiol\u00e4hetys Suomessa. Vuoden katsotuimmat l\u00e4hetykset selvi\u00e4v\u00e4t <a href=\"https:\/\/www.finnpanel.fi\/tulokset\/tv\/vuosi\/topv\/2025\/yle1.html\" target=\"_blank\" rel=\"noopener nofollow\">Finnpanelin<\/a> julkaisemista tilastoista.<\/p>\n<p class=\"paragraph\">Linnan juhlien keskikatsojam\u00e4\u00e4r\u00e4 oli yli 2,3 miljoonaa. Vuoden toiseksi katsotuin ohjelma oli itsen\u00e4isyysp\u00e4iv\u00e4n puoli yhdeks\u00e4n uutisl\u00e4hetys, joka esitettiin TV1:ll\u00e4 kesken Linnan juhlat -l\u00e4hetyksen. My\u00f6s itsen\u00e4isyysp\u00e4iv\u00e4n kuuden uutiset ja Urheiluruutu ker\u00e4siv\u00e4t yli miljoona katsojaa.<\/p>\n<p class=\"paragraph\">Katsotuimmissa ohjelmissa korostuvat my\u00f6s Euroviisut ja Uuden musiikin kilpailu. Vuoden kolmanneksi katsotuin l\u00e4hetys oli nimitt\u00e4in toukokuun viisufinaali (1,6 miljoonaa katsojaa), nelj\u00e4nnell\u00e4 sijalla on helmikuun UMK-finaali (1,5 miljoonaa katsojaa).<\/p>\n<p class=\"paragraph\">Sek\u00e4 Linnan juhlien, Euroviisujen ett\u00e4 UMK:n katsojaluvut nousivat edellisvuodesta.<\/p>\n<p>Euroviisut ker\u00e4siv\u00e4t Suomessa miljoonayleis\u00f6n. Kuvassa vuoden 2025 voittaja JJ. AOP<\/p>\n<p class=\"paragraph\">Viidennell\u00e4 sijalla on jouluaattona n\u00e4hty Joulurauhan julistus, jota katsoi keskim\u00e4\u00e4rin 1,4 miljoonaa suomalaista.<\/p>\n<p class=\"paragraph\">Yli miljoonan keskikatsojam\u00e4\u00e4riin ylsiv\u00e4t Ylell\u00e4 my\u00f6s El\u00e4m\u00e4ni biisi, jonka katsotuin jakso oli 25. lokakuuta esitetty l\u00e4hetys, Euroviisujen toinen semifinaali 15. toukokuuta, sek\u00e4 jouluaattona TV2:lla esitetty Lumiukko-elokuva.<\/p>\n<p class=\"paragraph\">MTV3:lla miljoonayleis\u00f6n ker\u00e4siv\u00e4t Kymmenen uutiset ja j\u00e4\u00e4kiekon MM-kisat.<\/p>\n","protected":false},"excerpt":{"rendered":"Suomalaiset ker\u00e4\u00e4ntyiv\u00e4t sankoin joukoin vuonna 2025 seuraamaan Linnan juhlia ja Euroviisuja. Linnan juhlat oli vuoden katsotuin tv-l\u00e4hetys. Roosa&hellip;\n","protected":false},"author":2,"featured_media":139463,"comment_status":"","ping_status":"","sticky":false,"template":"","format":"standard","meta":{"footnotes":""},"categories":[133],"tags":[35,137,33,31,30,763,47,979,32,397,484,206,140,156,109],"class_list":{"0":"post-139462","1":"post","2":"type-post","3":"status-publish","4":"format-standard","5":"has-post-thumbnail","7":"category-televisiot","8":"tag-24h","9":"tag-entertainment","10":"tag-fi","11":"tag-finland","12":"tag-finnish","13":"tag-kulttuuri-ja-viihde","14":"tag-musiikki","15":"tag-sahkoinen-media","16":"tag-suomi","17":"tag-taide","18":"tag-taiteellinen-ilmaisu-ja-mediat","19":"tag-televisiot","20":"tag-tv-ja-elokuvat","21":"tag-tv","22":"tag-viihde"},"share_on_mastodon":{"url":"https:\/\/pubeurope.com\/@fi\/115876272714661092","error":""},"_links":{"self":[{"href":"https:\/\/www.europesays.com\/fi\/wp-json\/wp\/v2\/posts\/139462","targetHints":{"allow":["GET"]}}],"collection":[{"href":"https:\/\/www.europesays.com\/fi\/wp-json\/wp\/v2\/posts"}],"about":[{"href":"https:\/\/www.europesays.com\/fi\/wp-json\/wp\/v2\/types\/post"}],"author":[{"embeddable":true,"href":"https:\/\/www.europesays.com\/fi\/wp-json\/wp\/v2\/users\/2"}],"replies":[{"embeddable":true,"href":"https:\/\/www.europesays.com\/fi\/wp-json\/wp\/v2\/comments?post=139462"}],"version-history":[{"count":0,"href":"https:\/\/www.europesays.com\/fi\/wp-json\/wp\/v2\/posts\/139462\/revisions"}],"wp:featuredmedia":[{"embeddable":true,"href":"https:\/\/www.europesays.com\/fi\/wp-json\/wp\/v2\/media\/139463"}],"wp:attachment":[{"href":"https:\/\/www.europesays.com\/fi\/wp-json\/wp\/v2\/media?parent=139462"}],"wp:term":[{"taxonomy":"category","embeddable":true,"href":"https:\/\/www.europesays.com\/fi\/wp-json\/wp\/v2\/categories?post=139462"},{"taxonomy":"post_tag","embeddable":true,"href":"https:\/\/www.europesays.com\/fi\/wp-json\/wp\/v2\/tags?post=139462"}],"curies":[{"name":"wp","href":"https:\/\/api.w.org\/{rel}","templated":true}]}}