{"id":139466,"date":"2026-01-11T11:41:08","date_gmt":"2026-01-11T11:41:08","guid":{"rendered":"https:\/\/www.europesays.com\/fi\/139466\/"},"modified":"2026-01-11T11:41:08","modified_gmt":"2026-01-11T11:41:08","slug":"uusi-havainto-vain-10-minuutin-aktiviteetti-voi-ehka-tehostaa-elimistosi-omaan-puolustusta-syopaa-vastaan","status":"publish","type":"post","link":"https:\/\/www.europesays.com\/fi\/139466\/","title":{"rendered":"Uusi havainto: Vain 10 minuutin aktiviteetti voi ehk\u00e4 tehostaa elimist\u00f6si omaan puolustusta sy\u00f6p\u00e4\u00e4 vastaan"},"content":{"rendered":"<p>Est\u00e4\u00e4 solujen nopean kasvun<\/p>\n<p>Kun osallistujat olivat suorittaneet 10 minuutin intensiivisen harjoituksen polkupy\u00f6r\u00e4ergometrill\u00e4, tutkijat ottivat verin\u00e4ytteit\u00e4 ja analysoivat yhteens\u00e4 249 proteiinia.<\/p>\n<p>13 n\u00e4ist\u00e4 proteiineista nousi harjoituksen j\u00e4lkeen, mukaan lukien interleukiini-6-proteiini, joka osallistuu solujen dna-vaurioiden korjaamiseen.<\/p>\n<p>Tutkijat havaitsivat, ett\u00e4 liikunta lis\u00e4si solujen aineenvaihduntaa tukevien geenien aktiivisuutta, mik\u00e4 paransi solujen hapenottokyky\u00e4.<\/p>\n<p>Samalla geenit, jotka yleens\u00e4 liittyv\u00e4t solujen nopeaan kasvuun, deaktivoituivat, mik\u00e4 voi hidastaa sy\u00f6p\u00e4solujen aggressiivista kehityst\u00e4.<\/p>\n<p>**Tutkijoiden mukaan sy\u00f6v\u00e4n taustalla oleva voima sijaitsee yll\u00e4tt\u00e4v\u00e4ss\u00e4 paikassa elimist\u00f6ss\u00e4:<\/p>\n","protected":false},"excerpt":{"rendered":"Est\u00e4\u00e4 solujen nopean kasvun Kun osallistujat olivat suorittaneet 10 minuutin intensiivisen harjoituksen polkupy\u00f6r\u00e4ergometrill\u00e4, tutkijat ottivat verin\u00e4ytteit\u00e4 ja analysoivat&hellip;\n","protected":false},"author":2,"featured_media":139467,"comment_status":"","ping_status":"","sticky":false,"template":"","format":"standard","meta":{"footnotes":""},"categories":[165],"tags":[33,31,30,166,32,167],"class_list":{"0":"post-139466","1":"post","2":"type-post","3":"status-publish","4":"format-standard","5":"has-post-thumbnail","7":"category-terveys","8":"tag-fi","9":"tag-finland","10":"tag-finnish","11":"tag-health","12":"tag-suomi","13":"tag-terveys"},"share_on_mastodon":{"url":"https:\/\/pubeurope.com\/@fi\/115876284629388738","error":""},"_links":{"self":[{"href":"https:\/\/www.europesays.com\/fi\/wp-json\/wp\/v2\/posts\/139466","targetHints":{"allow":["GET"]}}],"collection":[{"href":"https:\/\/www.europesays.com\/fi\/wp-json\/wp\/v2\/posts"}],"about":[{"href":"https:\/\/www.europesays.com\/fi\/wp-json\/wp\/v2\/types\/post"}],"author":[{"embeddable":true,"href":"https:\/\/www.europesays.com\/fi\/wp-json\/wp\/v2\/users\/2"}],"replies":[{"embeddable":true,"href":"https:\/\/www.europesays.com\/fi\/wp-json\/wp\/v2\/comments?post=139466"}],"version-history":[{"count":0,"href":"https:\/\/www.europesays.com\/fi\/wp-json\/wp\/v2\/posts\/139466\/revisions"}],"wp:featuredmedia":[{"embeddable":true,"href":"https:\/\/www.europesays.com\/fi\/wp-json\/wp\/v2\/media\/139467"}],"wp:attachment":[{"href":"https:\/\/www.europesays.com\/fi\/wp-json\/wp\/v2\/media?parent=139466"}],"wp:term":[{"taxonomy":"category","embeddable":true,"href":"https:\/\/www.europesays.com\/fi\/wp-json\/wp\/v2\/categories?post=139466"},{"taxonomy":"post_tag","embeddable":true,"href":"https:\/\/www.europesays.com\/fi\/wp-json\/wp\/v2\/tags?post=139466"}],"curies":[{"name":"wp","href":"https:\/\/api.w.org\/{rel}","templated":true}]}}