{"id":139476,"date":"2026-01-11T11:48:08","date_gmt":"2026-01-11T11:48:08","guid":{"rendered":"https:\/\/www.europesays.com\/fi\/139476\/"},"modified":"2026-01-11T11:48:08","modified_gmt":"2026-01-11T11:48:08","slug":"hirsirakennus-tuhoutui-tulipalossa-hameenkyron-siurontiella-pirkanmaa","status":"publish","type":"post","link":"https:\/\/www.europesays.com\/fi\/139476\/","title":{"rendered":"Hirsirakennus tuhoutui tulipalossa H\u00e4meenkyr\u00f6n Siurontiell\u00e4 | Pirkanmaa"},"content":{"rendered":"<p class=\"aw-1gybjub aw-5vja16 kEtdKx kmuxyA yle__article__paragraph\">Omakotitalon arvioidaan tuhoutuvan palossa. Syttymissyyst\u00e4 ei ole viel\u00e4 tietoa.<\/p>\n<p><img decoding=\"async\" alt=\"112 puhelinnumero ambulanssin kyljess\u00e4\" src=\"https:\/\/www.europesays.com\/fi\/wp-content\/uploads\/2025\/09\/39-123577865b9185daf8a4.jpeg\" class=\"aw-1l9m598 hKVVvP\"\/><\/p>\n<p>Avaa kuvien katselu<\/p>\n<p>Pelastuslaitos sammuttaa asuintalon paloa H\u00e4meenkyr\u00f6ss\u00e4. Kuva: Marjut Suomi \/ Yle<\/p>\n<p>10:12\u2022P\u00e4ivitetty 12:38<\/p>\n<p class=\"aw-1gybjub aw-1p7kakr kEtdKx cEmitX yle__article__paragraph\">H\u00e4meenkyr\u00f6n Siurontiell\u00e4 syttyi sunnuntaiaamuna tulipalo, jossa vanha hirsinen sivurakennus tuhoutui t\u00e4ysin.<\/p>\n<p class=\"aw-1gybjub aw-1p7kakr kEtdKx cEmitX yle__article__paragraph\">Rakennus oli Pirkanmaan pelastuslaitoksen Nokian yksik\u00f6n saapuessa paikalle jo t\u00e4yden palon vaiheessa.<\/p>\n<p class=\"aw-1gybjub aw-1p7kakr kEtdKx cEmitX yle__article__paragraph\">Palopaikalla on k\u00e4ynniss\u00e4 raivausty\u00f6t. Palokunnan kaivuri raivaa palavaa hirsitaloa.<\/p>\n<p class=\"aw-1gybjub aw-1p7kakr kEtdKx cEmitX yle__article__paragraph\">\u2013 Muutama paloauto on viel\u00e4 paikalla ja vett\u00e4 laitetaan edelleen, mutta tilanne on nyt jo rauhallinen, kertoo p\u00e4ivyst\u00e4v\u00e4 palomestari <strong class=\"aw-ak79eh KyCXm yle__article__strong\">Teemu Turtonen<\/strong> Pirkanmaan pelastuslaitokselta.<\/p>\n<p class=\"aw-1gybjub aw-1p7kakr kEtdKx cEmitX yle__article__paragraph\">Palanut talo ei ollut pihapiirin p\u00e4\u00e4rakennus, vaan maatalon vanha hirsinen sivurakennus, joka oli kuitenkin hyv\u00e4ss\u00e4 kunnossa.<\/p>\n<p class=\"aw-1gybjub aw-1p7kakr kEtdKx cEmitX yle__article__paragraph\">\u2013 Uusi asuinrakennus on kauempana eik\u00e4 ollut miss\u00e4\u00e4n vaiheessa vaarassa. Navetta oli l\u00e4hemp\u00e4n\u00e4, mutta sek\u00e4\u00e4n ei vahingoittunut, Turtonen kertoo.<\/p>\n<p class=\"aw-1gybjub aw-1p7kakr kEtdKx cEmitX yle__article__paragraph\">Tulipalossa yksi henkil\u00f6 altistui savulle. Ensihoito tarkasti h\u00e4net paikan p\u00e4\u00e4ll\u00e4. Muita henkil\u00f6vahinkoja palo ei aiheuttanut.<\/p>\n<p class=\"aw-1gybjub aw-1p7kakr kEtdKx cEmitX yle__article__paragraph\">Palon syttymissyyst\u00e4 ei ole viel\u00e4 tarkkaa tietoa. P\u00e4ivyst\u00e4v\u00e4n palomestarin mukaan siin\u00e4 oli l\u00e4mmitetty lauantaina tulipesi\u00e4. Rakennus ei ollut vakinaisessa asuink\u00e4yt\u00f6ss\u00e4.<\/p>\n<p class=\"aw-1gybjub aw-1p7kakr kEtdKx cEmitX yle__article__paragraph\">Palon havaitsivat rakennuksen omistajat itse. He huomasivat savua tulevan yl\u00e4kerrasta ja kattorakenteiden alta, mink\u00e4 j\u00e4lkeen he h\u00e4lyttiv\u00e4t pelastuslaitoksen sammutust\u00f6ihin.<\/p>\n","protected":false},"excerpt":{"rendered":"Omakotitalon arvioidaan tuhoutuvan palossa. Syttymissyyst\u00e4 ei ole viel\u00e4 tietoa. Avaa kuvien katselu Pelastuslaitos sammuttaa asuintalon paloa H\u00e4meenkyr\u00f6ss\u00e4. Kuva:&hellip;\n","protected":false},"author":2,"featured_media":29085,"comment_status":"","ping_status":"","sticky":false,"template":"","format":"standard","meta":{"footnotes":""},"categories":[12],"tags":[22,23,26,27,33,31,30,3800,17,24,25,28,29,15,837,18,21,553,3816,32,19,20,1265,16],"class_list":{"0":"post-139476","1":"post","2":"type-post","3":"status-publish","4":"format-standard","5":"has-post-thumbnail","7":"category-suomi","8":"tag-breaking-news","9":"tag-breakingnews","10":"tag-featured-news","11":"tag-featurednews","12":"tag-fi","13":"tag-finland","14":"tag-finnish","15":"tag-hameenkyro","16":"tag-headlines","17":"tag-latest-news","18":"tag-latestnews","19":"tag-main-news","20":"tag-mainnews","21":"tag-news","22":"tag-onnettomuudet","23":"tag-otsikot","24":"tag-paauutiset","25":"tag-pirkanmaa","26":"tag-pirkanmaan-pelastuslaitos","27":"tag-suomi","28":"tag-top-stories","29":"tag-topstories","30":"tag-tulipalot","31":"tag-uutiset"},"share_on_mastodon":{"url":"https:\/\/pubeurope.com\/@fi\/115876312109072893","error":""},"_links":{"self":[{"href":"https:\/\/www.europesays.com\/fi\/wp-json\/wp\/v2\/posts\/139476","targetHints":{"allow":["GET"]}}],"collection":[{"href":"https:\/\/www.europesays.com\/fi\/wp-json\/wp\/v2\/posts"}],"about":[{"href":"https:\/\/www.europesays.com\/fi\/wp-json\/wp\/v2\/types\/post"}],"author":[{"embeddable":true,"href":"https:\/\/www.europesays.com\/fi\/wp-json\/wp\/v2\/users\/2"}],"replies":[{"embeddable":true,"href":"https:\/\/www.europesays.com\/fi\/wp-json\/wp\/v2\/comments?post=139476"}],"version-history":[{"count":0,"href":"https:\/\/www.europesays.com\/fi\/wp-json\/wp\/v2\/posts\/139476\/revisions"}],"wp:featuredmedia":[{"embeddable":true,"href":"https:\/\/www.europesays.com\/fi\/wp-json\/wp\/v2\/media\/29085"}],"wp:attachment":[{"href":"https:\/\/www.europesays.com\/fi\/wp-json\/wp\/v2\/media?parent=139476"}],"wp:term":[{"taxonomy":"category","embeddable":true,"href":"https:\/\/www.europesays.com\/fi\/wp-json\/wp\/v2\/categories?post=139476"},{"taxonomy":"post_tag","embeddable":true,"href":"https:\/\/www.europesays.com\/fi\/wp-json\/wp\/v2\/tags?post=139476"}],"curies":[{"name":"wp","href":"https:\/\/api.w.org\/{rel}","templated":true}]}}