{"id":139479,"date":"2026-01-11T12:01:07","date_gmt":"2026-01-11T12:01:07","guid":{"rendered":"https:\/\/www.europesays.com\/fi\/139479\/"},"modified":"2026-01-11T12:01:07","modified_gmt":"2026-01-11T12:01:07","slug":"pernilla-bockerman-kertoo-kohtaamisestaan-jari-saarion-kanssa-mieleen-nousi-pelottava-aavistus","status":"publish","type":"post","link":"https:\/\/www.europesays.com\/fi\/139479\/","title":{"rendered":"Pernilla B\u00f6ckerman kertoo kohtaamisestaan Jari Saarion kanssa \u2013 mieleen nousi pelottava aavistus"},"content":{"rendered":"<p>Pernilla B\u00f6ckerman kertoo tavanneensa Jari Saarion vain pari p\u00e4iv\u00e4\u00e4 ennen soutumatkan alkua.<\/p>\n<p class=\"article-body mb-nof-24 px-nof-16\">Somevaikuttaja ja urheilija <a class=\"font-bold underline-offset-[0.12em] [text-decoration:var(--person-link-text-decoration)] ![text-decoration-color:var(--person-link-text-decoration-color)]\" href=\"https:\/\/www.is.fi\/haku\/?query=Pernilla%20B%C3%B6ckerman\" rel=\"nofollow noopener\" target=\"_blank\">Pernilla B\u00f6ckerman<\/a> on helpottunut kuultuaan, ett\u00e4 merih\u00e4t\u00e4\u00e4n joutunut soutaja<a class=\"font-bold underline-offset-[0.12em] [text-decoration:var(--person-link-text-decoration)] ![text-decoration-color:var(--person-link-text-decoration-color)]\" href=\"https:\/\/www.is.fi\/haku\/?query=%20Jari%20Saario\" rel=\"nofollow noopener\" target=\"_blank\"> Jari Saario<\/a> on pelastettu.<\/p>\n<p class=\"article-body mb-nof-24 px-nof-16\">Kaksikko tuntee toisensa, sill\u00e4 Saario on valmentanut B\u00f6ckermania sis\u00e4soudussa. L\u00e4heinen kaksikko on <a class=\"underline underline-offset-[0.12em] [text-decoration-thickness:var(--generic-link-underline-thickness)] [text-decoration-color:var(--generic-link-underline-color)] [text-decoration-skip-ink:var(--generic-link-underline-skip-ink)] break-words\" href=\"https:\/\/www.is.fi\/urheilu\/art-2000010004516.html\" rel=\"nofollow noopener\" target=\"_blank\">tanssinut<\/a> yhdess\u00e4 my\u00f6s Tanssii t\u00e4htien kanssa -ohjelman finaalissa, kun B\u00f6ckerman pyysi Saarion vieraaksi jaksoon.<\/p>\n<p class=\"article-body mb-nof-24 px-nof-16\">T\u00e4n\u00e4\u00e4n kerrottiin, ett\u00e4 Saario pelastettiin Cymona Eagle -aluksen kyytiin noin kello 2.30 Suomen aikaa.<\/p>\n<p class=\"article-body mb-nof-24 px-nof-16\">B\u00f6ckerman kertoo nyt Instagram-julkaisussaan olevansa helpottunut Saarion pelastumisesta.<\/p>\n<p class=\"article-body mb-nof-24 px-nof-16\">\u2013 Oon tietoisesti ottanut et\u00e4isyytt\u00e4 Jarin uuteen matkaan. Tiesin riskin ja pelk\u00e4sin juuri t\u00e4t\u00e4, h\u00e4n my\u00f6nt\u00e4\u00e4.<\/p>\n<p class=\"article-body mb-nof-24 px-nof-16\">B\u00f6ckerman kertoo julkaisussaan kaksikon tavanneen vain muutamaa p\u00e4iv\u00e4\u00e4 ennen soutajan matkalle l\u00e4ht\u00f6\u00e4. Saario oli tullut B\u00f6ckermanin luokse kyl\u00e4\u00e4n korvapuustit mukanaan.<\/p>\n<p class=\"article-body mb-nof-24 px-nof-16\">\u2013 Jarille oli t\u00e4rke\u00e4\u00e4 varmistaa, ett\u00e4 mulla ja koko perheell\u00e4 on kaikki hyvin. Ilmassa oli sellainen tunne, jota en osaa oikein selitt\u00e4\u00e4\u2026 vain aavistus siit\u00e4, ett\u00e4 t\u00e4m\u00e4 saattaisi olla viimeinen kerta, kun n\u00e4en Jarin. Ehk\u00e4 siksi h\u00e4n halusi j\u00e4tt\u00e4\u00e4 mulle rauhallisen olon.<\/p>\n<p class=\"article-body mb-nof-24 px-nof-16\">\u2013 Jari tiesi riskit paremmin kuin kukaan muu. Viimeisess\u00e4 halauksessa sanoin ja toivoin taas: tulethan ehj\u00e4n\u00e4 takaisin.<\/p>\n<p><img decoding=\"async\" src=\"https:\/\/www.europesays.com\/fi\/wp-content\/uploads\/2026\/01\/1768132867_552_468.jpg\" alt=\"Jari Saario tanssi vuonna 2023 Tanssii t\u00e4htien kanssa -ohjelman finaalil\u00e4hetyksess\u00e4 Pernilla B\u00f6ckermanin ja Anssi Heikkil\u00e4n kanssa.\" class=\"_Img_1rerz_1\" style=\"aspect-ratio:1.5\" loading=\"eager\"\/><\/p>\n<p class=\"article-picture-caption\">Jari Saario tanssi vuonna 2023 Tanssii t\u00e4htien kanssa -ohjelman finaalil\u00e4hetyksess\u00e4 Pernilla B\u00f6ckermanin ja Anssi Heikkil\u00e4n kanssa. Kuva:\u00a0Seppo K\u00e4rki \/ IS<\/p>\n","protected":false},"excerpt":{"rendered":"Pernilla B\u00f6ckerman kertoo tavanneensa Jari Saarion vain pari p\u00e4iv\u00e4\u00e4 ennen soutumatkan alkua. Somevaikuttaja ja urheilija Pernilla B\u00f6ckerman on&hellip;\n","protected":false},"author":2,"featured_media":139480,"comment_status":"","ping_status":"","sticky":false,"template":"","format":"standard","meta":{"footnotes":""},"categories":[136],"tags":[407,137,33,31,30,34,408,32,109],"class_list":{"0":"post-139479","1":"post","2":"type-post","3":"status-publish","4":"format-standard","5":"has-post-thumbnail","7":"category-julkkikset","8":"tag-celebrities","9":"tag-entertainment","10":"tag-fi","11":"tag-finland","12":"tag-finnish","13":"tag-ilta-sanomat","14":"tag-julkkikset","15":"tag-suomi","16":"tag-viihde"},"share_on_mastodon":{"url":"https:\/\/pubeurope.com\/@fi\/115876363151170330","error":""},"_links":{"self":[{"href":"https:\/\/www.europesays.com\/fi\/wp-json\/wp\/v2\/posts\/139479","targetHints":{"allow":["GET"]}}],"collection":[{"href":"https:\/\/www.europesays.com\/fi\/wp-json\/wp\/v2\/posts"}],"about":[{"href":"https:\/\/www.europesays.com\/fi\/wp-json\/wp\/v2\/types\/post"}],"author":[{"embeddable":true,"href":"https:\/\/www.europesays.com\/fi\/wp-json\/wp\/v2\/users\/2"}],"replies":[{"embeddable":true,"href":"https:\/\/www.europesays.com\/fi\/wp-json\/wp\/v2\/comments?post=139479"}],"version-history":[{"count":0,"href":"https:\/\/www.europesays.com\/fi\/wp-json\/wp\/v2\/posts\/139479\/revisions"}],"wp:featuredmedia":[{"embeddable":true,"href":"https:\/\/www.europesays.com\/fi\/wp-json\/wp\/v2\/media\/139480"}],"wp:attachment":[{"href":"https:\/\/www.europesays.com\/fi\/wp-json\/wp\/v2\/media?parent=139479"}],"wp:term":[{"taxonomy":"category","embeddable":true,"href":"https:\/\/www.europesays.com\/fi\/wp-json\/wp\/v2\/categories?post=139479"},{"taxonomy":"post_tag","embeddable":true,"href":"https:\/\/www.europesays.com\/fi\/wp-json\/wp\/v2\/tags?post=139479"}],"curies":[{"name":"wp","href":"https:\/\/api.w.org\/{rel}","templated":true}]}}