{"id":139483,"date":"2026-01-11T12:06:17","date_gmt":"2026-01-11T12:06:17","guid":{"rendered":"https:\/\/www.europesays.com\/fi\/139483\/"},"modified":"2026-01-11T12:06:17","modified_gmt":"2026-01-11T12:06:17","slug":"kulttuuriskandaali-varjostaa-gillian-andersonin-tahdittamaa-salt-path-elokuvaa-2","status":"publish","type":"post","link":"https:\/\/www.europesays.com\/fi\/139483\/","title":{"rendered":"Kulttuuriskandaali varjostaa Gillian Andersonin t\u00e4hditt\u00e4m\u00e4\u00e4 Salt Path -elokuvaa"},"content":{"rendered":"<p>Elokuva-arvio|Salt Path -elokuva perustuu miljoonia myyneeseen muistelmateokseen, jonka taustoja media alkoi kaivella.<\/p>\n<p>8.1. 8:30 | P\u00e4ivitetty 9.1. 8:56<\/p>\n<p class=\"article-body mb-nof-24 px-nof-16\">Draama<\/p>\n<p class=\"article-body mb-nof-24 px-nof-16\">The Salt Path \u2013 Yhteinen matka, ohjaus Marianne Elliott. 116 min. K12. \u2605\u2605\u2605<\/p>\n<p class=\"article-body mb-nof-24 px-nof-16\">Keski-ik\u00e4inen pariskunta on menett\u00e4nyt kotinsa. Samassa rys\u00e4yksess\u00e4 he saavat toisenkin j\u00e4rkytt\u00e4v\u00e4n uutisen. Miehell\u00e4 on parantumaton, kuolemaan johtava neurologinen sairaus.<\/p>\n","protected":false},"excerpt":{"rendered":"Elokuva-arvio|Salt Path -elokuva perustuu miljoonia myyneeseen muistelmateokseen, jonka taustoja media alkoi kaivella. 8.1. 8:30 | P\u00e4ivitetty 9.1. 8:56&hellip;\n","protected":false},"author":2,"featured_media":139484,"comment_status":"","ping_status":"","sticky":false,"template":"","format":"standard","meta":{"footnotes":""},"categories":[131],"tags":[155,137,33,173,31,30,46,172,32,109],"class_list":{"0":"post-139483","1":"post","2":"type-post","3":"status-publish","4":"format-standard","5":"has-post-thumbnail","7":"category-elokuvat","8":"tag-elokuvat","9":"tag-entertainment","10":"tag-fi","11":"tag-film","12":"tag-finland","13":"tag-finnish","14":"tag-helsingin-sanomat","15":"tag-movies","16":"tag-suomi","17":"tag-viihde"},"share_on_mastodon":{"url":"https:\/\/pubeurope.com\/@fi\/115876382817827410","error":""},"_links":{"self":[{"href":"https:\/\/www.europesays.com\/fi\/wp-json\/wp\/v2\/posts\/139483","targetHints":{"allow":["GET"]}}],"collection":[{"href":"https:\/\/www.europesays.com\/fi\/wp-json\/wp\/v2\/posts"}],"about":[{"href":"https:\/\/www.europesays.com\/fi\/wp-json\/wp\/v2\/types\/post"}],"author":[{"embeddable":true,"href":"https:\/\/www.europesays.com\/fi\/wp-json\/wp\/v2\/users\/2"}],"replies":[{"embeddable":true,"href":"https:\/\/www.europesays.com\/fi\/wp-json\/wp\/v2\/comments?post=139483"}],"version-history":[{"count":0,"href":"https:\/\/www.europesays.com\/fi\/wp-json\/wp\/v2\/posts\/139483\/revisions"}],"wp:featuredmedia":[{"embeddable":true,"href":"https:\/\/www.europesays.com\/fi\/wp-json\/wp\/v2\/media\/139484"}],"wp:attachment":[{"href":"https:\/\/www.europesays.com\/fi\/wp-json\/wp\/v2\/media?parent=139483"}],"wp:term":[{"taxonomy":"category","embeddable":true,"href":"https:\/\/www.europesays.com\/fi\/wp-json\/wp\/v2\/categories?post=139483"},{"taxonomy":"post_tag","embeddable":true,"href":"https:\/\/www.europesays.com\/fi\/wp-json\/wp\/v2\/tags?post=139483"}],"curies":[{"name":"wp","href":"https:\/\/api.w.org\/{rel}","templated":true}]}}