{"id":139485,"date":"2026-01-11T12:08:07","date_gmt":"2026-01-11T12:08:07","guid":{"rendered":"https:\/\/www.europesays.com\/fi\/139485\/"},"modified":"2026-01-11T12:08:07","modified_gmt":"2026-01-11T12:08:07","slug":"ylen-anna-liisa-tilus-palasi-kuuluttajaksi-vain-hetkeksi","status":"publish","type":"post","link":"https:\/\/www.europesays.com\/fi\/139485\/","title":{"rendered":"Ylen Anna-Liisa Tilus palasi kuuluttajaksi \u2013 vain hetkeksi"},"content":{"rendered":"<p>Kuopion SM-kisoja seuranneet kokivat mieluisan yll\u00e4tyksen.<\/p>\n<p class=\"article-body mb-nof-24 px-nof-16\">Kuopion SM-hiihtoja Ylen kanavilta seuranneet ihmiset kokivat iloisen yll\u00e4tyksen sunnuntaina.<\/p>\n<p class=\"article-body mb-nof-24 px-nof-16\">L\u00e4hetyksess\u00e4 kuultiin nimitt\u00e4in l\u00e4hes 30 vuoden uran tv-kuuluttajana tehneen <a class=\"font-bold underline-offset-[0.12em] [text-decoration:var(--person-link-text-decoration)] ![text-decoration-color:var(--person-link-text-decoration-color)]\" href=\"https:\/\/www.is.fi\/haku\/?query=Anna-Liisa%20Tiluksen\" rel=\"nofollow noopener\" target=\"_blank\">Anna-Liisa Tiluksen<\/a> \u00e4\u00e4nt\u00e4.<\/p>\n<p class=\"article-body mb-nof-24 px-nof-16\">\u2013\u2009T\u00e4\u00e4lt\u00e4 Puijolta, Ylen 100-bussin huvipuistosta, l\u00e4hetys takaisin sinne studioon. Ole hyv\u00e4, <a class=\"font-bold underline-offset-[0.12em] [text-decoration:var(--person-link-text-decoration)] ![text-decoration-color:var(--person-link-text-decoration-color)]\" href=\"https:\/\/www.is.fi\/haku\/?query=Petra%20[Manner]\" rel=\"nofollow noopener\" target=\"_blank\">Petra [Manner]<\/a>, Tilus juonsi l\u00e4hetyksess\u00e4.<\/p>\n<p class=\"article-body mb-nof-24 px-nof-16\">Tilus seurasi Kuopion SM-hiihtoja Ylen teemabussista, joka kiert\u00e4\u00e4 erilaisissa tapahtumissa Ylen 100-vuotisjuhlan kunniaksi.<\/p>\n<p class=\"article-body mb-nof-24 px-nof-16\">\u2013\u2009Miten tuttu ja turvallinen olo tulikaan t\u00e4st\u00e4, Ylen Urheilustudion juontaja Manner sanoi Tiluksen juonnon j\u00e4lkeen.<\/p>\n<p class=\"article-body mb-nof-24 px-nof-16\">Tiluksen pojat <a class=\"font-bold underline-offset-[0.12em] [text-decoration:var(--person-link-text-decoration)] ![text-decoration-color:var(--person-link-text-decoration-color)]\" href=\"https:\/\/www.is.fi\/haku\/?query=Leo\" rel=\"nofollow noopener\" target=\"_blank\">Leo <\/a>ja <a class=\"font-bold underline-offset-[0.12em] [text-decoration:var(--person-link-text-decoration)] ![text-decoration-color:var(--person-link-text-decoration-color)]\" href=\"https:\/\/www.is.fi\/haku\/?query=Sauli%20V%C3%A4is%C3%A4nen\" rel=\"nofollow noopener\" target=\"_blank\">Sauli V\u00e4is\u00e4nen<\/a> ovat tunnettuja jalkapalloilijoita.<\/p>\n<p class=\"article-body mb-nof-24 px-nof-16\">Veljeskatraan vanhempi Sauli pelasi viime kaudella Ilveksen riveiss\u00e4 29 ottelua ja kirjautti niiss\u00e4 yhden sy\u00f6tt\u00f6pisteen.<\/p>\n<p class=\"article-body mb-nof-24 px-nof-16\">Leo edustaa Allsvenskanissa pelaavaa H\u00e4ckenia, mutta viime kaudella h\u00e4n pelasi vain yhden ottelun polvivamman vuoksi.<\/p>\n<p class=\"article-body mb-nof-24 px-nof-16\">Molemmille veljeksille on kertynyt pelej\u00e4 my\u00f6s maajoukkuepaidassa.<\/p>\n<p class=\"article-body mb-nof-24 px-nof-16\">Yle lopetti kuulutukset viime maaliskuussa.<\/p>\n","protected":false},"excerpt":{"rendered":"Kuopion SM-kisoja seuranneet kokivat mieluisan yll\u00e4tyksen. Kuopion SM-hiihtoja Ylen kanavilta seuranneet ihmiset kokivat iloisen yll\u00e4tyksen sunnuntaina. L\u00e4hetyksess\u00e4 kuultiin&hellip;\n","protected":false},"author":2,"featured_media":139486,"comment_status":"","ping_status":"","sticky":false,"template":"","format":"standard","meta":{"footnotes":""},"categories":[158],"tags":[33,31,30,34,159,32,160],"class_list":{"0":"post-139485","1":"post","2":"type-post","3":"status-publish","4":"format-standard","5":"has-post-thumbnail","7":"category-urheilu","8":"tag-fi","9":"tag-finland","10":"tag-finnish","11":"tag-ilta-sanomat","12":"tag-sports","13":"tag-suomi","14":"tag-urheilu"},"share_on_mastodon":{"url":"https:\/\/pubeurope.com\/@fi\/115876390743893503","error":""},"_links":{"self":[{"href":"https:\/\/www.europesays.com\/fi\/wp-json\/wp\/v2\/posts\/139485","targetHints":{"allow":["GET"]}}],"collection":[{"href":"https:\/\/www.europesays.com\/fi\/wp-json\/wp\/v2\/posts"}],"about":[{"href":"https:\/\/www.europesays.com\/fi\/wp-json\/wp\/v2\/types\/post"}],"author":[{"embeddable":true,"href":"https:\/\/www.europesays.com\/fi\/wp-json\/wp\/v2\/users\/2"}],"replies":[{"embeddable":true,"href":"https:\/\/www.europesays.com\/fi\/wp-json\/wp\/v2\/comments?post=139485"}],"version-history":[{"count":0,"href":"https:\/\/www.europesays.com\/fi\/wp-json\/wp\/v2\/posts\/139485\/revisions"}],"wp:featuredmedia":[{"embeddable":true,"href":"https:\/\/www.europesays.com\/fi\/wp-json\/wp\/v2\/media\/139486"}],"wp:attachment":[{"href":"https:\/\/www.europesays.com\/fi\/wp-json\/wp\/v2\/media?parent=139485"}],"wp:term":[{"taxonomy":"category","embeddable":true,"href":"https:\/\/www.europesays.com\/fi\/wp-json\/wp\/v2\/categories?post=139485"},{"taxonomy":"post_tag","embeddable":true,"href":"https:\/\/www.europesays.com\/fi\/wp-json\/wp\/v2\/tags?post=139485"}],"curies":[{"name":"wp","href":"https:\/\/api.w.org\/{rel}","templated":true}]}}