{"id":139493,"date":"2026-01-11T12:14:07","date_gmt":"2026-01-11T12:14:07","guid":{"rendered":"https:\/\/www.europesays.com\/fi\/139493\/"},"modified":"2026-01-11T12:14:07","modified_gmt":"2026-01-11T12:14:07","slug":"tiedottaja-jari-saario-voi-hyvin-vene-jai-mereen-kotimaa","status":"publish","type":"post","link":"https:\/\/www.europesays.com\/fi\/139493\/","title":{"rendered":"Tiedottaja: Jari Saario voi hyvin, vene j\u00e4i mereen | Kotimaa"},"content":{"rendered":"<p class=\"aw-1gybjub aw-5vja16 kEtdKx kmuxyA yle__article__paragraph\">Merih\u00e4t\u00e4\u00e4n joutunut Saario saa Cymona Eagle -aluksella asianmukaista huolenpitoa ja hoitoa, kerrotaan h\u00e4nen viestint\u00e4tiimist\u00e4\u00e4n.<\/p>\n<p><img decoding=\"async\" alt=\"Jari Saario l\u00e4hikuvassa.\" src=\"https:\/\/www.europesays.com\/fi\/wp-content\/uploads\/2026\/01\/39-15795256962312328c84.jpeg\" class=\"aw-1l9m598 hKVVvP\"\/><\/p>\n<p>Avaa kuvien katselu<\/p>\n<p>Jari Saario l\u00e4hti matkaan Chilen Kap Hornista m\u00e4\u00e4r\u00e4np\u00e4\u00e4n\u00e4\u00e4n Etel\u00e4-Afrikan Kapkaupunki. Kuva: Jari Saarion kotialbumi<\/p>\n<p>12:49\u2022P\u00e4ivitetty 13:04<\/p>\n<p class=\"aw-1gybjub aw-1p7kakr kEtdKx cEmitX yle__article__paragraph\">Seikkailija ja valtamerisoutaja <strong class=\"aw-ak79eh KyCXm yle__article__strong\">Jari Saario<\/strong> voi hyvin, kertoo Saarion tiedottaja <strong class=\"aw-ak79eh KyCXm yle__article__strong\">Hanni Marin<\/strong> Ylelle.<\/p>\n<p class=\"aw-1gybjub aw-1p7kakr kEtdKx cEmitX yle__article__paragraph\">\u2013 Olemme saaneet aamulla tiedon meripelastuskeskuksen ja laivan kautta, ett\u00e4 h\u00e4n voi henkisesti ja fyysisesti hyvin. Toki h\u00e4n on edelleen tarkkailussa, kuten asiaan kuuluu, mutta voi hyvin.<\/p>\n<p class=\"aw-1gybjub aw-1p7kakr kEtdKx cEmitX yle__article__paragraph\">Saario <a class=\"aw-iao6s4 iHOxEa yle__article__link\" href=\"https:\/\/yle.fi\/a\/74-20203587\" role=\"link\" rel=\"nofollow noopener\" target=\"_blank\">pelastettiin aamuy\u00f6st\u00e4<\/a> merih\u00e4d\u00e4st\u00e4 kreikkalaisen Alassia-varustamon kauppa-alus Cymona Eaglen kyytiin.<\/p>\n<p class=\"aw-1gybjub aw-1p7kakr kEtdKx cEmitX yle__article__paragraph\">Marinin mukaan aluksen kapteeni on vahvistanut pelastuksen tapahtuneen kello 2.10 sunnuntaina aamuy\u00f6ll\u00e4.<\/p>\n<p class=\"aw-1gybjub aw-1p7kakr kEtdKx cEmitX yle__article__paragraph\">\u2013 Saario on laivan l\u00e4\u00e4kint\u00e4keskuksessa, jossa h\u00e4n saa asianmukaista huolenpitoa ja hoitoa, eik\u00e4 mit\u00e4\u00e4n kriisi\u00e4 ole p\u00e4\u00e4ll\u00e4.<\/p>\n<p class=\"aw-1gybjub aw-1p7kakr kEtdKx cEmitX yle__article__paragraph\">Laiva matkaa t\u00e4ll\u00e4 hetkell\u00e4 kohti Bangladeshia, mutta Marinin mukaan varmistetaan viel\u00e4, voisiko Saario j\u00e4\u00e4d\u00e4 aluksen kyydist\u00e4 jo Kapkaupungissa.<\/p>\n<p>Vene j\u00e4i mereen<\/p>\n<p class=\"aw-1gybjub aw-1p7kakr kEtdKx cEmitX yle__article__paragraph\">Saarion vene on j\u00e4\u00e4nyt mereen.<\/p>\n<p class=\"aw-1gybjub aw-1p7kakr kEtdKx cEmitX yle__article__paragraph\">\u2013 Pelastusoperaation yhteydess\u00e4 on tehty p\u00e4\u00e4t\u00f6s, ett\u00e4 se vene j\u00e4\u00e4 sinne turvallisuussyist\u00e4, Marin kertoo.<\/p>\n<p><img decoding=\"async\" alt=\"Jari Saarion soutuvene.\" src=\"https:\/\/www.europesays.com\/fi\/wp-content\/uploads\/2026\/01\/39-157952869623475f0561.jpeg\" loading=\"lazy\" class=\"aw-1l9m598 hKVVvP\"\/><\/p>\n<p>Avaa kuvien katselu<\/p>\n<p>T\u00e4lt\u00e4 Jari Saarion vene n\u00e4ytti ennen matkaa. Kuva: Jari Saarion kotialbumi<\/p>\n<p class=\"aw-1gybjub aw-1p7kakr kEtdKx cEmitX yle__article__paragraph\">Mahdollisista pelastusoperaation kustannuksista ei viel\u00e4 t\u00e4ss\u00e4 vaiheessa ole tietoa.<\/p>\n<p class=\"aw-1gybjub aw-1p7kakr kEtdKx cEmitX yle__article__paragraph\">Saarion tiimi tekee yhteisty\u00f6t\u00e4 meripelastuskeskuksen kanssa. Varustamon tai laivan henkil\u00f6st\u00f6\u00e4 ei ole viel\u00e4 sunnuntaina iltap\u00e4iv\u00e4\u00e4n menness\u00e4 tavoitettu tarkempia tietoja varten.<\/p>\n<p class=\"aw-1gybjub aw-1p7kakr kEtdKx cEmitX yle__article__paragraph\">Kuvia sosiaaliseen mediaan ei ole voitu jakaa, sill\u00e4 niit\u00e4 ei ole saatu. Marin on n\u00e4hnyt muiden jakamia kuvia, mutta niiden alkuper\u00e4\u00e4 h\u00e4n ei voi vahvistaa.<\/p>\n<p class=\"aw-1gybjub aw-1p7kakr kEtdKx cEmitX yle__article__paragraph\">Yle on kysynyt sosiaalisessa mediassa kiert\u00e4vien kuvien ja videoiden aitoudesta Marinin lis\u00e4ksi my\u00f6s Alassia-varustamolta, mutta ei ole tavoittanut varustamon edustajaa.<\/p>\n<p class=\"aw-1gybjub aw-1p7kakr kEtdKx cEmitX yle__article__paragraph\">\u2013 Pohdimme, onko h\u00e4nell\u00e4 en\u00e4\u00e4 mit\u00e4\u00e4n sellaista laitetta tai puhelinta, mill\u00e4 h\u00e4n on ottanut niit\u00e4 kuvia ja l\u00e4hett\u00e4nyt aikaisemmin. Emme tied\u00e4, onko se h\u00e4nell\u00e4 en\u00e4\u00e4.<\/p>\n<p>Saario otti yhteytt\u00e4 satelliittipuhelimella<\/p>\n<p class=\"aw-1gybjub aw-1p7kakr kEtdKx cEmitX yle__article__paragraph\">Jos henkil\u00f6 joutuu merih\u00e4t\u00e4\u00e4n, h\u00e4n voi ottaa yhteytt\u00e4 meripelastuskeskukseen monin eri tavoin, meripelastusjohtaja <strong class=\"aw-ak79eh KyCXm yle__article__strong\">Antti Jutila<\/strong> L\u00e4nsi-Suomen Merivartiostosta sanoo. Yhteydenottotapa riippuu esimerkiksi siit\u00e4, millaisten yhteyksien p\u00e4\u00e4ss\u00e4 pelastettava on.<\/p>\n<p class=\"aw-1gybjub aw-1p7kakr kEtdKx cEmitX yle__article__paragraph\">Yhteytt\u00e4 voi yritt\u00e4\u00e4 ottaa tavallisella matkapuhelimella tai merenkulkuun tarkoitetulla VHF-radiopuhelimella, jos henkil\u00f6 on rannikkoalueella.<\/p>\n<p class=\"aw-1gybjub aw-1p7kakr kEtdKx cEmitX yle__article__paragraph\">Saarion tapauksessa yksi h\u00e4lytys tuli <a class=\"aw-iao6s4 iHOxEa yle__article__link\" href=\"https:\/\/rajamedia.raja.fi\/-\/mika-on-cospas-sarsat-satelliittihalytysjarjestelma-ja-miten-se-toimii\" role=\"link\" rel=\"nofollow noopener\" target=\"_blank\">Cospas-Sarsat -satelliittih\u00e4lytysj\u00e4rjestelm\u00e4n<\/a> kautta. H\u00e4n oli h\u00e4lytyshetkell\u00e4 huomattavan matkan p\u00e4\u00e4ss\u00e4 rannikosta.<\/p>\n<p class=\"aw-1gybjub aw-1p7kakr kEtdKx cEmitX yle__article__paragraph\">\u2013 Kun h\u00e4lytys laukaistaan, tieto kulkeutuu satelliitin kautta maa-asemalle, josta se v\u00e4littyy l\u00e4himm\u00e4lle meripelastuskeskukselle ja my\u00f6s sille meripelastuskeskukselle, johon alus on rekister\u00f6ity, Jutila kertoo.<\/p>\n<p class=\"aw-1gybjub aw-1p7kakr kEtdKx cEmitX yle__article__paragraph\">T\u00e4m\u00e4n j\u00e4lkeen vastuualueen meripelastuskeskus, t\u00e4ss\u00e4 tapauksessa Etel\u00e4-Afrikassa, alkaa hoitaa asiaa.<\/p>\n<p class=\"aw-1gybjub aw-1p7kakr kEtdKx cEmitX yle__article__paragraph\">\u2013 T\u00e4ss\u00e4 tapauksessa pelastettava oli niin kaukana, ett\u00e4 ei ollut muita vaihtoehtoja kuin katsoa, mit\u00e4 kauppa- tai muita aluksia l\u00e4hettyvill\u00e4 on ja kontaktoida niit\u00e4.<\/p>\n<p class=\"aw-1gybjub aw-1p7kakr kEtdKx cEmitX yle__article__paragraph\">Meripelastuslain ja kansainv\u00e4listen sopimusten mukaan l\u00e4himp\u00e4n\u00e4 olevan aluksen pit\u00e4\u00e4 auttaa merih\u00e4t\u00e4\u00e4n joutunutta, Jutila sanoo. Cymona Eagle joutui poikkeamaan reitilt\u00e4\u00e4n merkitt\u00e4v\u00e4sti.<\/p>\n<p>Pelastustapahtumien kulku<\/p>\n<ul class=\"aw-1jjocuh iJTSwP yle__article__list yle__article__list--ul\">\n<li class=\"aw-1j7gwms gNYKfi\">Saario antaa h\u00e4t\u00e4kutsun laitteellaan perjantaina 9.1.2026 noin iltaviidelt\u00e4.<\/li>\n<li class=\"aw-1j7gwms gNYKfi\">Lauantaina 10.1.2026 noin kello 11 Cymona Eagle on ohjattu Jarin veneen suuntaan ja henkil\u00f6st\u00f6 on saanut yhteyden Saarnioon.<\/li>\n<li class=\"aw-1j7gwms gNYKfi\">Sunnuntaina 11.1.2026 kello 2.10 (Suomen aikaa) Cymona Eaglen kapteeni vahvistaa pelastustoimien onnistuneen.<\/li>\n<li class=\"aw-1j7gwms gNYKfi\">Sunnuntaina 11.1.2026 Cymona Eagle on matkalla Bangladeshiin.<\/li>\n<\/ul>\n","protected":false},"excerpt":{"rendered":"Merih\u00e4t\u00e4\u00e4n joutunut Saario saa Cymona Eagle -aluksella asianmukaista huolenpitoa ja hoitoa, kerrotaan h\u00e4nen viestint\u00e4tiimist\u00e4\u00e4n. Avaa kuvien katselu Jari&hellip;\n","protected":false},"author":2,"featured_media":139494,"comment_status":"","ping_status":"","sticky":false,"template":"","format":"standard","meta":{"footnotes":""},"categories":[12],"tags":[22,23,26,27,33,31,30,17,20379,71,24,25,28,29,4077,15,837,18,21,857,13716,24179,32,19,20,16],"class_list":{"0":"post-139493","1":"post","2":"type-post","3":"status-publish","4":"format-standard","5":"has-post-thumbnail","7":"category-suomi","8":"tag-breaking-news","9":"tag-breakingnews","10":"tag-featured-news","11":"tag-featurednews","12":"tag-fi","13":"tag-finland","14":"tag-finnish","15":"tag-headlines","16":"tag-jari-saario","17":"tag-kotimaa","18":"tag-latest-news","19":"tag-latestnews","20":"tag-main-news","21":"tag-mainnews","22":"tag-meret","23":"tag-news","24":"tag-onnettomuudet","25":"tag-otsikot","26":"tag-paauutiset","27":"tag-pelastustoiminta","28":"tag-soutu","29":"tag-soutuveneet","30":"tag-suomi","31":"tag-top-stories","32":"tag-topstories","33":"tag-uutiset"},"share_on_mastodon":{"url":"https:\/\/pubeurope.com\/@fi\/115876414370264552","error":""},"_links":{"self":[{"href":"https:\/\/www.europesays.com\/fi\/wp-json\/wp\/v2\/posts\/139493","targetHints":{"allow":["GET"]}}],"collection":[{"href":"https:\/\/www.europesays.com\/fi\/wp-json\/wp\/v2\/posts"}],"about":[{"href":"https:\/\/www.europesays.com\/fi\/wp-json\/wp\/v2\/types\/post"}],"author":[{"embeddable":true,"href":"https:\/\/www.europesays.com\/fi\/wp-json\/wp\/v2\/users\/2"}],"replies":[{"embeddable":true,"href":"https:\/\/www.europesays.com\/fi\/wp-json\/wp\/v2\/comments?post=139493"}],"version-history":[{"count":0,"href":"https:\/\/www.europesays.com\/fi\/wp-json\/wp\/v2\/posts\/139493\/revisions"}],"wp:featuredmedia":[{"embeddable":true,"href":"https:\/\/www.europesays.com\/fi\/wp-json\/wp\/v2\/media\/139494"}],"wp:attachment":[{"href":"https:\/\/www.europesays.com\/fi\/wp-json\/wp\/v2\/media?parent=139493"}],"wp:term":[{"taxonomy":"category","embeddable":true,"href":"https:\/\/www.europesays.com\/fi\/wp-json\/wp\/v2\/categories?post=139493"},{"taxonomy":"post_tag","embeddable":true,"href":"https:\/\/www.europesays.com\/fi\/wp-json\/wp\/v2\/tags?post=139493"}],"curies":[{"name":"wp","href":"https:\/\/api.w.org\/{rel}","templated":true}]}}