{"id":139498,"date":"2026-01-11T12:27:07","date_gmt":"2026-01-11T12:27:07","guid":{"rendered":"https:\/\/www.europesays.com\/fi\/139498\/"},"modified":"2026-01-11T12:27:07","modified_gmt":"2026-01-11T12:27:07","slug":"bachelorette-jenny-on-raskaana","status":"publish","type":"post","link":"https:\/\/www.europesays.com\/fi\/139498\/","title":{"rendered":"Bachelorette-Jenny on raskaana"},"content":{"rendered":"<p>Jenny Helenius etsi Bachelorettena rakkautta vuonna 2018.<\/p>\n<p><img decoding=\"async\" class=\"image image-show image-preview\" src=\"https:\/\/www.europesays.com\/fi\/wp-content\/uploads\/2026\/01\/ae4938caa565d60862609962dda9708360710a162c2bc4dc7bd9d3266e523b80.jpg\" alt=\"\"\/><img decoding=\"async\" class=\"image image-show\" src=\"https:\/\/www.europesays.com\/fi\/wp-content\/uploads\/2026\/01\/1768134427_666_ae4938caa565d60862609962dda9708360710a162c2bc4dc7bd9d3266e523b80.jpg\" alt=\"\"\/><\/p>\n<p>Jenny Helenius tuli tunnetuksi Suomen Bachelorettena. Inka Soveri<\/p>\n<p class=\"paragraph\">Suomen Bachelorettena vuonna 2018 tunnetuksi tullut <strong>Jenny Helenius<\/strong> on raskaana.<\/p>\n<p class=\"paragraph\">Helenius kertoo asiasta Instagram-tilill\u00e4\u00e4n julkaisemassa videossa. Videollaan Helenius kertoo p\u00e4\u00e4tt\u00e4neens\u00e4 tavoitella \u00e4itiytt\u00e4 yksin<\/p>\n<p class=\"paragraph\">\u2013 Etsin rakkautta pitk\u00e4\u00e4n, mutta asiat eiv\u00e4t aina mene kuten suunnittelee. L\u00f6ysin silti oman tieni, vaikka se oli v\u00e4lill\u00e4 t\u00f6yssyinen. Vuosi 2026 n\u00e4ytt\u00e4\u00e4 vihdoin erilaiselta, Helenius kirjoittaa julkaisun yhteydess\u00e4.<\/p>\n<p class=\"paragraph\">Jos julkaisu ei n\u00e4y, voit katsoa sen <a href=\"https:\/\/www.instagram.com\/p\/DTXeMq5gM-B\/?hl=fi\" rel=\"noopener nofollow\" target=\"_blank\">t\u00e4st\u00e4 linkist\u00e4<\/a>.<\/p>\n<p class=\"paragraph\">Helenius saa julkaisunsa kommenttikent\u00e4ss\u00e4 paljon onnitteluja.<\/p>\n<p class=\"paragraph\">\u2013 Ihanaa! <a href=\"https:\/\/www.iltalehti.fi\/henkilot\/Sara Sieppi\" class=\"article-link-person-page\" rel=\"nofollow noopener\" target=\"_blank\">Sara Sieppi<\/a> kirjoittaa punaisien syd\u00e4mien kera.<\/p>\n<p class=\"paragraph\">\u2013 Onnea, toivottaa my\u00f6s juontaja <a href=\"https:\/\/www.iltalehti.fi\/henkilot\/Harri Moisio\" class=\"article-link-person-page\" rel=\"nofollow noopener\" target=\"_blank\">Harri Moisio<\/a>.<\/p>\n<p class=\"paragraph\">\u2013 Tulet olemaan mit\u00e4 ihanin \u00e4iti! Paljon onnea, ihana.<\/p>\n<p class=\"paragraph\">\u2013 Hieno ja rohkea ratkaisu!<\/p>\n<p class=\"paragraph\">Helenius osallistui Suomen Bachelor -ohjelmaan vuonna 2016, kun <strong>Juha Rouvinen<\/strong> etsi ohjelmassa itselleen rakkautta. Pari vuotta my\u00f6hemmin Helenius n\u00e4htiin ohjelmassa Suomen Bachelorettena.<\/p>\n<p><script async src=\"\/\/www.instagram.com\/embed.js\"><\/script><\/p>\n","protected":false},"excerpt":{"rendered":"Jenny Helenius etsi Bachelorettena rakkautta vuonna 2018. Jenny Helenius tuli tunnetuksi Suomen Bachelorettena. Inka Soveri Suomen Bachelorettena vuonna&hellip;\n","protected":false},"author":2,"featured_media":139499,"comment_status":"","ping_status":"","sticky":false,"template":"","format":"standard","meta":{"footnotes":""},"categories":[136],"tags":[35,407,137,33,31,30,101,408,99,100,98,103,32,109],"class_list":{"0":"post-139498","1":"post","2":"type-post","3":"status-publish","4":"format-standard","5":"has-post-thumbnail","7":"category-julkkikset","8":"tag-24h","9":"tag-celebrities","10":"tag-entertainment","11":"tag-fi","12":"tag-finland","13":"tag-finnish","14":"tag-ihmissuhteet","15":"tag-julkkikset","16":"tag-lapset","17":"tag-lapset-ja-nuoret","18":"tag-perhe","19":"tag-sosiaalikysymykset","20":"tag-suomi","21":"tag-viihde"},"share_on_mastodon":{"url":"https:\/\/pubeurope.com\/@fi\/115876465370332980","error":""},"_links":{"self":[{"href":"https:\/\/www.europesays.com\/fi\/wp-json\/wp\/v2\/posts\/139498","targetHints":{"allow":["GET"]}}],"collection":[{"href":"https:\/\/www.europesays.com\/fi\/wp-json\/wp\/v2\/posts"}],"about":[{"href":"https:\/\/www.europesays.com\/fi\/wp-json\/wp\/v2\/types\/post"}],"author":[{"embeddable":true,"href":"https:\/\/www.europesays.com\/fi\/wp-json\/wp\/v2\/users\/2"}],"replies":[{"embeddable":true,"href":"https:\/\/www.europesays.com\/fi\/wp-json\/wp\/v2\/comments?post=139498"}],"version-history":[{"count":0,"href":"https:\/\/www.europesays.com\/fi\/wp-json\/wp\/v2\/posts\/139498\/revisions"}],"wp:featuredmedia":[{"embeddable":true,"href":"https:\/\/www.europesays.com\/fi\/wp-json\/wp\/v2\/media\/139499"}],"wp:attachment":[{"href":"https:\/\/www.europesays.com\/fi\/wp-json\/wp\/v2\/media?parent=139498"}],"wp:term":[{"taxonomy":"category","embeddable":true,"href":"https:\/\/www.europesays.com\/fi\/wp-json\/wp\/v2\/categories?post=139498"},{"taxonomy":"post_tag","embeddable":true,"href":"https:\/\/www.europesays.com\/fi\/wp-json\/wp\/v2\/tags?post=139498"}],"curies":[{"name":"wp","href":"https:\/\/api.w.org\/{rel}","templated":true}]}}