{"id":139500,"date":"2026-01-11T12:30:14","date_gmt":"2026-01-11T12:30:14","guid":{"rendered":"https:\/\/www.europesays.com\/fi\/139500\/"},"modified":"2026-01-11T12:30:14","modified_gmt":"2026-01-11T12:30:14","slug":"realityosallistuja-pettyi-kumppanivalintaansa-paljastaa-millainen-mies-viehattaa","status":"publish","type":"post","link":"https:\/\/www.europesays.com\/fi\/139500\/","title":{"rendered":"Realityosallistuja pettyi kumppanivalintaansa \u2013 paljastaa, millainen mies vieh\u00e4tt\u00e4\u00e4"},"content":{"rendered":"<p><strong class=\"typography-bold\">Kolmiodraama-sarjassa Jenni kertoo valitsemalleen kumppanille, millainen mies h\u00e4nt\u00e4 vieh\u00e4tt\u00e4\u00e4.\u00a0<\/strong><\/p>\n<p><a class=\"underline\" data-testid=\"external-link\" href=\"https:\/\/www.mtvuutiset.fi\/aihe\/kolmiodraama\/8882694\" rel=\"noopener noreferrer nofollow\" data-sentry-component=\"ExternalLink\" data-sentry-source-file=\"ExternalLink.tsx\" target=\"_blank\">Kolmiodraama<\/a>-ohjelmassa seurataan viiden p\u00e4\u00e4sinkun deittailua kes\u00e4isess\u00e4 Helsingiss\u00e4. Jokaiselle valitaan kaksi sopivaa kumppania, joihin he tutustuvat aluksi ainoastaan tekstiviestien v\u00e4lityksell\u00e4 ilman ulkon\u00e4k\u00f6paineita. Lopulta he valitsevat ehdokkaista toisen ja muuttavat t\u00e4m\u00e4n kanssa yhteen nelj\u00e4ksi viikoksi.<\/p>\n<p><strong class=\"typography-bold\">Jenni<\/strong> p\u00e4\u00e4tyi valitsemaan itselleen kumppaniksi <strong class=\"typography-bold\">Ollin<\/strong>. Kaksikon yhteiselo ei ole sujunut ruusuisesti. Jenni kertoo kauden viidenness\u00e4 jaksossa Ollille mietteit\u00e4\u00e4n.\u00a0<\/p>\n<p>\u2013 T\u00e4m\u00e4 kuulostaa ehk\u00e4 v\u00e4h\u00e4n t\u00f6rke\u00e4lt\u00e4, kun sanon t\u00e4m\u00e4n n\u00e4in. En tied\u00e4, miten muuten sylk\u00e4isisin t\u00e4m\u00e4n ulos, Jenni aloittaa.\u00a0<\/p>\n","protected":false},"excerpt":{"rendered":"Kolmiodraama-sarjassa Jenni kertoo valitsemalleen kumppanille, millainen mies h\u00e4nt\u00e4 vieh\u00e4tt\u00e4\u00e4.\u00a0 Kolmiodraama-ohjelmassa seurataan viiden p\u00e4\u00e4sinkun deittailua kes\u00e4isess\u00e4 Helsingiss\u00e4. Jokaiselle valitaan&hellip;\n","protected":false},"author":2,"featured_media":139501,"comment_status":"","ping_status":"","sticky":false,"template":"","format":"standard","meta":{"footnotes":""},"categories":[133],"tags":[137,33,31,30,32,206,156,109],"class_list":{"0":"post-139500","1":"post","2":"type-post","3":"status-publish","4":"format-standard","5":"has-post-thumbnail","7":"category-televisiot","8":"tag-entertainment","9":"tag-fi","10":"tag-finland","11":"tag-finnish","12":"tag-suomi","13":"tag-televisiot","14":"tag-tv","15":"tag-viihde"},"share_on_mastodon":{"url":"https:\/\/pubeurope.com\/@fi\/115876477202557015","error":""},"_links":{"self":[{"href":"https:\/\/www.europesays.com\/fi\/wp-json\/wp\/v2\/posts\/139500","targetHints":{"allow":["GET"]}}],"collection":[{"href":"https:\/\/www.europesays.com\/fi\/wp-json\/wp\/v2\/posts"}],"about":[{"href":"https:\/\/www.europesays.com\/fi\/wp-json\/wp\/v2\/types\/post"}],"author":[{"embeddable":true,"href":"https:\/\/www.europesays.com\/fi\/wp-json\/wp\/v2\/users\/2"}],"replies":[{"embeddable":true,"href":"https:\/\/www.europesays.com\/fi\/wp-json\/wp\/v2\/comments?post=139500"}],"version-history":[{"count":0,"href":"https:\/\/www.europesays.com\/fi\/wp-json\/wp\/v2\/posts\/139500\/revisions"}],"wp:featuredmedia":[{"embeddable":true,"href":"https:\/\/www.europesays.com\/fi\/wp-json\/wp\/v2\/media\/139501"}],"wp:attachment":[{"href":"https:\/\/www.europesays.com\/fi\/wp-json\/wp\/v2\/media?parent=139500"}],"wp:term":[{"taxonomy":"category","embeddable":true,"href":"https:\/\/www.europesays.com\/fi\/wp-json\/wp\/v2\/categories?post=139500"},{"taxonomy":"post_tag","embeddable":true,"href":"https:\/\/www.europesays.com\/fi\/wp-json\/wp\/v2\/tags?post=139500"}],"curies":[{"name":"wp","href":"https:\/\/api.w.org\/{rel}","templated":true}]}}