{"id":139502,"date":"2026-01-11T12:34:06","date_gmt":"2026-01-11T12:34:06","guid":{"rendered":"https:\/\/www.europesays.com\/fi\/139502\/"},"modified":"2026-01-11T12:34:06","modified_gmt":"2026-01-11T12:34:06","slug":"yhdistetty-minja-korhonen-loisti-taas","status":"publish","type":"post","link":"https:\/\/www.europesays.com\/fi\/139502\/","title":{"rendered":"Yhdistetty: Minja Korhonen loisti taas"},"content":{"rendered":"<p>Minja Korhonen, 18, on niitt\u00e4nyt viikonlopun aikana menestyst\u00e4.<\/p>\n<p class=\"article-body mb-nof-24 px-nof-16\">Suomen <a class=\"font-bold underline-offset-[0.12em] [text-decoration:var(--person-link-text-decoration)] ![text-decoration-color:var(--person-link-text-decoration-color)]\" href=\"https:\/\/www.is.fi\/haku\/?query=Minja%20Korhonen\" rel=\"nofollow noopener\" target=\"_blank\">Minja Korhonen<\/a> on m\u00e4kiosuuden j\u00e4lkeen toisena yhdistetyn maailmancupin kilpailussa Viron Otep\u00e4\u00e4ss\u00e4.<\/p>\n<p class=\"article-body mb-nof-24 px-nof-16\">Korhonen, 18, ampaisee takaa-ajoon kuusi sekuntia kilpailua johtavan Norjan<a class=\"font-bold underline-offset-[0.12em] [text-decoration:var(--person-link-text-decoration)] ![text-decoration-color:var(--person-link-text-decoration-color)]\" href=\"https:\/\/www.is.fi\/haku\/?query=%20Ingrid%20L%C3%A5ten\" rel=\"nofollow noopener\" target=\"_blank\"> Ingrid L\u00e5ten<\/a> per\u00e4\u00e4n. Suomalaisen 93,5 metrin hyppy oli koko m\u00e4kiosuuden toiseksi pisin.<\/p>\n<p class=\"article-body mb-nof-24 px-nof-16\">Kilpailun suurin ennakkosuosikki, L\u00e5ten maanainen <a class=\"font-bold underline-offset-[0.12em] [text-decoration:var(--person-link-text-decoration)] ![text-decoration-color:var(--person-link-text-decoration-color)]\" href=\"https:\/\/www.is.fi\/haku\/?query=Ida%20Marie%20Hagen\" rel=\"nofollow noopener\" target=\"_blank\">Ida Marie Hagen<\/a> l\u00e4htee 12 sekuntia k\u00e4rjen per\u00e4ss\u00e4.<\/p>\n<p class=\"article-body mb-nof-24 px-nof-16\"><a class=\"font-bold underline-offset-[0.12em] [text-decoration:var(--person-link-text-decoration)] ![text-decoration-color:var(--person-link-text-decoration-color)]\" href=\"https:\/\/www.is.fi\/haku\/?query=Anna%20Kerko\" rel=\"nofollow noopener\" target=\"_blank\">Anna Kerko<\/a> ep\u00e4onnistui hieman m\u00e4kiosuudella ja oli vasta 31:s. H\u00e4n aloittaa hiihto-osuuden minuutin ja 20 sekuntia L\u00e5ten j\u00e4lkeen. Yhdysvaltoja edustava Suomen kansalainen <a class=\"font-bold underline-offset-[0.12em] [text-decoration:var(--person-link-text-decoration)] ![text-decoration-color:var(--person-link-text-decoration-color)]\" href=\"https:\/\/www.is.fi\/haku\/?query=Annika%20Malacinski\" rel=\"nofollow noopener\" target=\"_blank\">Annika Malacinski <\/a>oli hienosti kymmenes. H\u00e4nen eronsa k\u00e4rkeen on 38 sekuntia.<\/p>\n<p class=\"article-body mb-nof-24 px-nof-16\">Otep\u00e4\u00e4ss\u00e4 kilpaillaan sunnuntaina compact-kilpailut eli niin sanotut tasauskisat, jossa aikaerot m\u00e4\u00e4ritet\u00e4\u00e4n m\u00e4kiosuuden sijoitusten perusteella.<\/p>\n<p class=\"article-body mb-nof-24 px-nof-16\">Miesten m\u00e4kiosuus hyp\u00e4ttiin hieman my\u00f6hemmin. <a class=\"font-bold underline-offset-[0.12em] [text-decoration:var(--person-link-text-decoration)] ![text-decoration-color:var(--person-link-text-decoration-color)]\" href=\"https:\/\/www.is.fi\/haku\/?query=Ilkka%20Herola\" rel=\"nofollow noopener\" target=\"_blank\">Ilkka Herola<\/a> oli j\u00e4lleen paras suomalainen m\u00e4ess\u00e4. Siilinj\u00e4rvel\u00e4inen on 14:s ennen hiihto-osuutta ja l\u00e4htee ladulla 46 sekuntia k\u00e4rjen per\u00e4ss\u00e4.<\/p>\n<p class=\"article-body mb-nof-24 px-nof-16\"><a class=\"font-bold underline-offset-[0.12em] [text-decoration:var(--person-link-text-decoration)] ![text-decoration-color:var(--person-link-text-decoration-color)]\" href=\"https:\/\/www.is.fi\/haku\/?query=Otto%20Niittykoski\" rel=\"nofollow noopener\" target=\"_blank\">Otto Niittykoski<\/a> oli 27:s (+1.10), <a class=\"font-bold underline-offset-[0.12em] [text-decoration:var(--person-link-text-decoration)] ![text-decoration-color:var(--person-link-text-decoration-color)]\" href=\"https:\/\/www.is.fi\/haku\/?query=Eero%20Hirvonen\" rel=\"nofollow noopener\" target=\"_blank\">Eero Hirvonen<\/a> vasta 39:s (+1.30) ja <a class=\"font-bold underline-offset-[0.12em] [text-decoration:var(--person-link-text-decoration)] ![text-decoration-color:var(--person-link-text-decoration-color)]\" href=\"https:\/\/www.is.fi\/haku\/?query=Herman%20Happonen\" rel=\"nofollow noopener\" target=\"_blank\">Herman Happonen<\/a> 51:s (+1:30).<\/p>\n<p class=\"article-body mb-nof-24 px-nof-16\">Naisten hiihto-osuus k\u00e4ynnistyy kello 16.00 ja miesten kello 16.30.<\/p>\n<p class=\"article-body mb-nof-24 px-nof-16\">Suomalaisista juuri Korhonen on kilpaillut viikonlopun aikana loistavasti.<\/p>\n<p class=\"article-body mb-nof-24 px-nof-16\">H\u00e4n ylsi perjantain yhteisl\u00e4hd\u00f6ss\u00e4 toiseksi ja lauantain Gundersen-kisassa kolmanneksi.<\/p>\n","protected":false},"excerpt":{"rendered":"Minja Korhonen, 18, on niitt\u00e4nyt viikonlopun aikana menestyst\u00e4. Suomen Minja Korhonen on m\u00e4kiosuuden j\u00e4lkeen toisena yhdistetyn maailmancupin kilpailussa&hellip;\n","protected":false},"author":2,"featured_media":139503,"comment_status":"","ping_status":"","sticky":false,"template":"","format":"standard","meta":{"footnotes":""},"categories":[158],"tags":[33,31,30,34,159,32,160],"class_list":{"0":"post-139502","1":"post","2":"type-post","3":"status-publish","4":"format-standard","5":"has-post-thumbnail","7":"category-urheilu","8":"tag-fi","9":"tag-finland","10":"tag-finnish","11":"tag-ilta-sanomat","12":"tag-sports","13":"tag-suomi","14":"tag-urheilu"},"share_on_mastodon":{"url":"https:\/\/pubeurope.com\/@fi\/115876492964878246","error":""},"_links":{"self":[{"href":"https:\/\/www.europesays.com\/fi\/wp-json\/wp\/v2\/posts\/139502","targetHints":{"allow":["GET"]}}],"collection":[{"href":"https:\/\/www.europesays.com\/fi\/wp-json\/wp\/v2\/posts"}],"about":[{"href":"https:\/\/www.europesays.com\/fi\/wp-json\/wp\/v2\/types\/post"}],"author":[{"embeddable":true,"href":"https:\/\/www.europesays.com\/fi\/wp-json\/wp\/v2\/users\/2"}],"replies":[{"embeddable":true,"href":"https:\/\/www.europesays.com\/fi\/wp-json\/wp\/v2\/comments?post=139502"}],"version-history":[{"count":0,"href":"https:\/\/www.europesays.com\/fi\/wp-json\/wp\/v2\/posts\/139502\/revisions"}],"wp:featuredmedia":[{"embeddable":true,"href":"https:\/\/www.europesays.com\/fi\/wp-json\/wp\/v2\/media\/139503"}],"wp:attachment":[{"href":"https:\/\/www.europesays.com\/fi\/wp-json\/wp\/v2\/media?parent=139502"}],"wp:term":[{"taxonomy":"category","embeddable":true,"href":"https:\/\/www.europesays.com\/fi\/wp-json\/wp\/v2\/categories?post=139502"},{"taxonomy":"post_tag","embeddable":true,"href":"https:\/\/www.europesays.com\/fi\/wp-json\/wp\/v2\/tags?post=139502"}],"curies":[{"name":"wp","href":"https:\/\/api.w.org\/{rel}","templated":true}]}}