{"id":139510,"date":"2026-01-11T12:39:08","date_gmt":"2026-01-11T12:39:08","guid":{"rendered":"https:\/\/www.europesays.com\/fi\/139510\/"},"modified":"2026-01-11T12:39:08","modified_gmt":"2026-01-11T12:39:08","slug":"ruotsalaisjoukkoja-pysyvasti-suomeen-ruotsin-paaministerisuosikilta-esitys","status":"publish","type":"post","link":"https:\/\/www.europesays.com\/fi\/139510\/","title":{"rendered":"Ruotsalaisjoukkoja pysyv\u00e4sti Suomeen \u2013 Ruotsin p\u00e4\u00e4ministerisuosikilta esitys"},"content":{"rendered":"<p>Ruotsin demareiden puheenjohtaja Magdalena Andersson kannattaa ruotsalaisten Nato-sotilaiden pysyv\u00e4\u00e4 sijoittamista Suomen Lappiin. H\u00e4n painottaa, ett\u00e4 on kiire vahvistaa pelotetta.<\/p>\n<p><img decoding=\"async\" class=\"image image-show image-preview\" src=\"https:\/\/www.europesays.com\/fi\/wp-content\/uploads\/2026\/01\/a663961f7fcf29a9bc49c031406ae0cc2e1ece66c5893cbd18d84a5ce41965f5.jpg\" alt=\"\"\/><img decoding=\"async\" class=\"image image-show\" src=\"https:\/\/www.europesays.com\/fi\/wp-content\/uploads\/2026\/01\/1768135148_858_a663961f7fcf29a9bc49c031406ae0cc2e1ece66c5893cbd18d84a5ce41965f5.jpg\" alt=\"\"\/><\/p>\n<p>Magdalena Andersson sijoittaisi ruotsalaisia Nato-sotilaita pysyv\u00e4sti Suomeen. H\u00e4n haluaa vahvistaa Ruotsin ja Suomen yhteist\u00e4 ennaltaehk\u00e4isev\u00e4\u00e4 pelotetta, jotta Ven\u00e4j\u00e4 ei miss\u00e4\u00e4n oloissa hy\u00f6kk\u00e4isi. Evelina Carborn<\/p>\n<p class=\"paragraph\">Ruotsissa j\u00e4rjestet\u00e4\u00e4n valtiop\u00e4iv\u00e4vaalit syyskuussa. Suosiokyselyiden perusteella sosiaalidemokraattien <strong>Magdalena Andersson<\/strong> on todenn\u00e4k\u00f6isesti Ruotsin seuraava p\u00e4\u00e4ministeri.<\/p>\n<p class=\"paragraph\">Andersson kertoo Iltalehdelle S\u00e4leniss\u00e4, ett\u00e4 h\u00e4n kannattaa ruotsalaisjoukkojen sijoittamista pysyv\u00e4sti Suomen Lappiin.<\/p>\n<p class=\"paragraph\"><strong>Ruotsi on ottanut johtoroolin Suomen Lappiin perustettavissa Naton FLF-joukoissa. Pit\u00e4isik\u00f6 ruotsalaissotilaiden olla pysyv\u00e4sti l\u00e4sn\u00e4 Suomessa?<\/strong><\/p>\n<p class=\"paragraph\">\u2013 Kyll\u00e4. Siihen on varmasti perusteet. Ajattelen asiasta samoin kuin <strong>Peter Hultqvist<\/strong>, Andersson vahvistaa.<\/p>\n<p class=\"paragraph\">Ruotsin puolustusvaliokunnan puheenjohtaja Hultqvist (sd) on painottanut Iltalehdelle, ett\u00e4 Ruotsin sosiaalidemokraattinen puolue haluaa sijoittaa ruotsalaisia maavoimien sotilaita pysyv\u00e4sti Lappiin.<\/p>\n<p class=\"paragraph\">\u2013 Suomen FLF:st\u00e4 pit\u00e4\u00e4 kehitt\u00e4\u00e4 pysyv\u00e4 joukko, eli Sodankyl\u00e4ss\u00e4 tai Rovaniemell\u00e4 t\u00e4ytyy olla pysyv\u00e4 edustus Ruotsista ja muista maista. Joukon sotilaita voidaan kierr\u00e4tt\u00e4\u00e4, mutta sen t\u00e4ytyy olla pysyv\u00e4sti l\u00e4sn\u00e4 Suomessa, Hultqvist sanoi lokakuussa.<\/p>\n<p class=\"paragraph\">Hultqvistin arvion mukaan Naton FLF-prikaatin muodostaman pelotteen uskottavuus edellytt\u00e4\u00e4 sotilaiden pysyv\u00e4\u00e4 l\u00e4sn\u00e4oloa Suomen Lapissa.<\/p>\n<p class=\"paragraph\">Andersson vahvistaa S\u00e4leniss\u00e4, ett\u00e4 t\u00e4m\u00e4 demareiden kanta, jos h\u00e4nest\u00e4 tulee p\u00e4\u00e4ministeri.<\/p>\n<p class=\"paragraph\">\u2013 Tulen keskustelemaan l\u00e4heisemm\u00e4n yhteisty\u00f6n tarpeesta my\u00f6s Ruotsin maaper\u00e4ll\u00e4, Andersson kertoo.<\/p>\n<p class=\"paragraph\">H\u00e4n painottaa tarvetta vahvistaa yhteist\u00e4 pelotetta, jotta Ven\u00e4j\u00e4 ei miss\u00e4\u00e4n oloissa hy\u00f6kk\u00e4isi.<\/p>\n<p>Ven\u00e4j\u00e4n uhka<\/p>\n<p class=\"paragraph\"><strong>Voiko Ven\u00e4j\u00e4 arvionne mukaan hy\u00f6k\u00e4t\u00e4 Ruotsiin ja Suomeen?<\/strong><\/p>\n<p class=\"paragraph\">\u2013 Meid\u00e4n on teht\u00e4v\u00e4 kaikki vallassamme oleva, jotta saamme pelotteen, joka est\u00e4\u00e4 heit\u00e4 ottamasta sellaista askelta. Nato-j\u00e4senyys oli tietenkin pelotetta vahvistava toimenpide, mutta t\u00e4rke\u00e4 toinen askel on se, mit\u00e4 teemme nyt Ruotsissa: vahvistamme eritt\u00e4in voimakkaasti sotilaallista puolustustamme ja siviilipuolustustamme, Andersson sanoo.<\/p>\n<p class=\"paragraph\">Ven\u00e4j\u00e4n hy\u00f6kk\u00e4ysuhka pit\u00e4\u00e4 Anderssonin mukaan ottaa \u00e4\u00e4rimm\u00e4isen vakavasti.<\/p>\n<p class=\"paragraph\">\u2013 N\u00e4emmeh\u00e4n me, miten Ven\u00e4j\u00e4 toimii. Heid\u00e4n toimintansa Ukrainassa osoittaa, ett\u00e4 he ovat valmiita hy\u00f6kk\u00e4\u00e4m\u00e4\u00e4n demokraattiseen ja rauhanomaiseen naapurimaahan. Emme voi ummistaa silmi\u00e4mme, Andersson korostaa.<\/p>\n<p>\u201dAikaa on v\u00e4h\u00e4n. On kiire. Varustautumisen on oltava suuri prioriteetti kaikille EU-maille\u201d, Magdalena Andersson sanoo. Evelina Carborn<\/p>\n<p>Lis\u00e4\u00e4 majoitustiloja<\/p>\n<p class=\"paragraph\">Iltalehden tietojen mukaan Suomi on \u201dtotta kai aina valmis harkitsemaan\u201d, jos Ruotsin hallitus tulevaisuudessa esitt\u00e4\u00e4 ruotsalaissotilaiden pysyv\u00e4\u00e4 l\u00e4sn\u00e4oloa Suomen Lapissa.<\/p>\n<p class=\"paragraph\">Ulko- ja turvallisuuspolitiikan l\u00e4hteet kertovat, ett\u00e4 Rovaniemelle ja Sodankyl\u00e4\u00e4n pit\u00e4isi rakentaa majoitustiloja FLF-prikaatin sotilaiden pysyv\u00e4lle l\u00e4sn\u00e4ololle.<\/p>\n<p class=\"paragraph\">Nykyisell\u00e4\u00e4n varuskunnissa ei ole riitt\u00e4v\u00e4sti moderneja majoitustiloja.<\/p>\n<p>\u201dOn kiire\u201d<\/p>\n<p class=\"paragraph\">Andersson sanoo haastattelussa useamman kerran, ett\u00e4 pelotteen vahvistamisella on kiire.<\/p>\n<p class=\"paragraph\">\u2013 Euroopan t\u00e4ytyy tehd\u00e4 eritt\u00e4in nopea ja voimakas varustautuminen sek\u00e4 sotilaallisessa puolustuksessa ett\u00e4 siviilipuolustuksessa.<\/p>\n<p class=\"paragraph\">Vapaamatkustajia ei voida Anderssonin mielest\u00e4 en\u00e4\u00e4 suvaita.<\/p>\n<p class=\"paragraph\">\u2013 Jokaisen maan on kannettava vastuunsa. T\u00e4m\u00e4 koskee koko Eurooppaa.<\/p>\n<p class=\"paragraph\"><strong>Kuinka paljon meill\u00e4 on aikaa?<\/strong><\/p>\n<p class=\"paragraph\">\u2013 Aikaa on v\u00e4h\u00e4n. On kiire. Varustautumisen on oltava suuri prioriteetti kaikille EU-maille.<\/p>\n","protected":false},"excerpt":{"rendered":"Ruotsin demareiden puheenjohtaja Magdalena Andersson kannattaa ruotsalaisten Nato-sotilaiden pysyv\u00e4\u00e4 sijoittamista Suomen Lappiin. H\u00e4n painottaa, ett\u00e4 on kiire vahvistaa&hellip;\n","protected":false},"author":2,"featured_media":139511,"comment_status":"","ping_status":"","sticky":false,"template":"","format":"standard","meta":{"footnotes":""},"categories":[14],"tags":[35,22,23,26,27,33,31,30,17,24,25,28,29,15,18,21,142,637,886,888,887,32,19,20,56,16,59,60,61],"class_list":{"0":"post-139510","1":"post","2":"type-post","3":"status-publish","4":"format-standard","5":"has-post-thumbnail","7":"category-ulkomaat","8":"tag-24h","9":"tag-breaking-news","10":"tag-breakingnews","11":"tag-featured-news","12":"tag-featurednews","13":"tag-fi","14":"tag-finland","15":"tag-finnish","16":"tag-headlines","17":"tag-latest-news","18":"tag-latestnews","19":"tag-main-news","20":"tag-mainnews","21":"tag-news","22":"tag-otsikot","23":"tag-paauutiset","24":"tag-poliitikot","25":"tag-politiikka","26":"tag-puolueet","27":"tag-suomalaiset-poliitikot","28":"tag-suomen-politiikka","29":"tag-suomi","30":"tag-top-stories","31":"tag-topstories","32":"tag-ulkomaat","33":"tag-uutiset","34":"tag-world","35":"tag-world-news","36":"tag-worldnews"},"share_on_mastodon":{"url":"https:\/\/pubeurope.com\/@fi\/115876512668540807","error":""},"_links":{"self":[{"href":"https:\/\/www.europesays.com\/fi\/wp-json\/wp\/v2\/posts\/139510","targetHints":{"allow":["GET"]}}],"collection":[{"href":"https:\/\/www.europesays.com\/fi\/wp-json\/wp\/v2\/posts"}],"about":[{"href":"https:\/\/www.europesays.com\/fi\/wp-json\/wp\/v2\/types\/post"}],"author":[{"embeddable":true,"href":"https:\/\/www.europesays.com\/fi\/wp-json\/wp\/v2\/users\/2"}],"replies":[{"embeddable":true,"href":"https:\/\/www.europesays.com\/fi\/wp-json\/wp\/v2\/comments?post=139510"}],"version-history":[{"count":0,"href":"https:\/\/www.europesays.com\/fi\/wp-json\/wp\/v2\/posts\/139510\/revisions"}],"wp:featuredmedia":[{"embeddable":true,"href":"https:\/\/www.europesays.com\/fi\/wp-json\/wp\/v2\/media\/139511"}],"wp:attachment":[{"href":"https:\/\/www.europesays.com\/fi\/wp-json\/wp\/v2\/media?parent=139510"}],"wp:term":[{"taxonomy":"category","embeddable":true,"href":"https:\/\/www.europesays.com\/fi\/wp-json\/wp\/v2\/categories?post=139510"},{"taxonomy":"post_tag","embeddable":true,"href":"https:\/\/www.europesays.com\/fi\/wp-json\/wp\/v2\/tags?post=139510"}],"curies":[{"name":"wp","href":"https:\/\/api.w.org\/{rel}","templated":true}]}}