{"id":139532,"date":"2026-01-11T13:20:08","date_gmt":"2026-01-11T13:20:08","guid":{"rendered":"https:\/\/www.europesays.com\/fi\/139532\/"},"modified":"2026-01-11T13:20:08","modified_gmt":"2026-01-11T13:20:08","slug":"joutsalaisen-kuvataiteilijan-virpi-lehdon-koti-on-yksi-suuri-tyohuone-puolison-kuoltua-talossa-asuminen-tuntui-vaikealta-teemat","status":"publish","type":"post","link":"https:\/\/www.europesays.com\/fi\/139532\/","title":{"rendered":"Joutsalaisen kuvataiteilijan Virpi Lehdon koti on yksi suuri ty\u00f6huone \u2013 puolison kuoltua talossa asuminen tuntui vaikealta | Teemat"},"content":{"rendered":"<p><strong>Virpi Lehdolla<\/strong> melkein koko koti on yht\u00e4 ty\u00f6huonetta.<\/p>\n<p>\u2013\u2009Kun m\u00e4 teen isoja akvarelleja, niin teen lattialla. Yleens\u00e4 maalailen siell\u00e4.<\/p>\n<p>Virpi Lehto asuu suuressa talossa Joutsassa l\u00e4hell\u00e4 Keski-Suomen ja Etel\u00e4-Savon rajaa. Naapureita ei ole l\u00e4hikulmilla, l\u00e4hin asuttu talo on noin nelj\u00e4n kilometrin p\u00e4\u00e4ss\u00e4. L\u00e4hin ruokakauppa on Hirvensalmella 35 kilometrin p\u00e4\u00e4ss\u00e4.<\/p>\n<p>Lehto kertoo, ett\u00e4 tontilla on ollut asutusta jo 1700-luvulta l\u00e4htien. Nykyisen talon rakensi h\u00e4nen puolisonsa <strong>Jukka Kalavainen<\/strong>. Sit\u00e4 ennen talon paikalla oli sata vuotta sitten rakennettu pieni m\u00f6kki. M\u00f6kki on edelleen osa taloa.<\/p>\n<p>Lehto n\u00e4ytt\u00e4\u00e4 kotinsa eteisen sein\u00e4\u00e4.<\/p>\n<p>\u2013\u2009T\u00e4m\u00e4 on entist\u00e4 ulkosein\u00e4\u00e4, takasein\u00e4\u00e4.<\/p>\n<p>\t\t<a class=\"diks-gallery__link\" href=\"https:\/\/i.media.fi\/incoming\/mtjbjr\/11150524.jpg\/alternates\/FREE_1440\/11150524.jpg\" data-thumbnail=\"\" data-sub-html=\"Kuvataiteilija Virpi Lehdon n\u00e4yttely avautuu maaliskuussa Jyv\u00e4skyl\u00e4n taidemuseossa. Timo Mustalampi\" aria-label=\"Katso isompi kuva\" rel=\"nofollow noopener\" target=\"_blank\"><br \/>\n\t\t\t\t<img class=\"diks-figure__image\" src=\"https:\/\/www.europesays.com\/fi\/wp-content\/uploads\/2026\/01\/11150524.jpg\" loading=\"lazy\" decoding=\"sync\" alt=\"\"\/><\/p>\n<p>\t\t\t<\/a><br \/>\n\t\t\t\t\tKuvataiteilija Virpi Lehdon n\u00e4yttely avautuu maaliskuussa Jyv\u00e4skyl\u00e4n taidemuseossa. Timo Mustalampi<\/p>\n<p><strong class=\"diks-storyline__impact\">Talon laajennus<\/strong> oli kova urakka. Lehto kertoo, ett\u00e4 Jukka teki kaiken yksin. Lehto ei rakentamisen aikana viel\u00e4 ollut yhdess\u00e4 Jukan kanssa, vaan muutti taloon my\u00f6hemmin vuonna 2008.<\/p>\n<p>Jukan rakentama talo on kahdessa kerroksessa. Talon hirret h\u00e4n haki Puulaveden Puukonsaaresta j\u00e4iden aikaan. Kaiken kaikkiaan traktorilla piti tehd\u00e4 kolmisenkymment\u00e4 reissua.<\/p>\n<p>Hirret ovat vanhasta savutuvasta. Ne piti puhdistaa ennen kuin niist\u00e4 pystyi rakentamaan. Talon kurkihirsi on tukevan miehen paksuinen ja ainakin kymmenen metri\u00e4 pitk\u00e4. Miten yksi mies edes sai sen tuonne yl\u00f6s?<\/p>\n<p>\u2013 Jukalla oli systeemi, tutulla oli semmoinen oma keksint\u00f6. Olen n\u00e4hnyt kuvan siit\u00e4, mill\u00e4 h\u00e4n nosti kattotuoleja.<\/p>\n<p>Rakentaminen vei ainakin viisi vuotta, eik\u00e4 Lehdon mukaan kokonaan valmista ole viel\u00e4k\u00e4\u00e4n.<\/p>\n<p><strong class=\"diks-storyline__impact\">Talo on <\/strong>hyvin suuri. Kun Lehdolta kysyy, ett\u00e4 paljonko on neli\u00f6it\u00e4, h\u00e4n vastaa, ett\u00e4 \u201den tied\u00e4, ehk\u00e4 kolmesataa\u201d. Arvio ei ainakaan paljon ole pieless\u00e4.<\/p>\n<p>Olohuone on tilava, makuuhuone on suurella parvella toisessa kerroksessa. Pienempi\u00e4 huoneita on useampia. Sis\u00e4ll\u00e4 on suihku, saunassa k\u00e4yd\u00e4\u00e4n ulkorakennuksessa. Sis\u00e4tiloissa oleva s\u00e4hk\u00f6sauna on varastona.<\/p>\n<p>Tavaraa talossa on paljon.<\/p>\n<p>\u2013 Ei koskaan l\u00f6yd\u00e4 mit\u00e4\u00e4n, Lehto sanoo.<\/p>\n<p>Vuonna 2013 Jukka kuoli yll\u00e4tt\u00e4en Virpin k\u00e4sivarsille. Aluksi talossa asuminen Jukan kuoleman j\u00e4lkeen tuntui vaikealta.<\/p>\n<p>\u2013 Joku vuosi sitten p\u00e4\u00e4tin lopettaa miettimisen. Olen hyv\u00e4ksynyt sen nyt, ett\u00e4 asun t\u00e4\u00e4ll\u00e4, Lehto toteaa.<\/p>\n<p>\t\t<a class=\"diks-gallery__link\" href=\"https:\/\/i.media.fi\/incoming\/sefp2e\/11150522.jpg\/alternates\/FREE_1440\/11150522.jpg\" data-thumbnail=\"\" data-sub-html=\"Virpi Lehdon ty\u00f6huoneessa on hyv\u00e4 valo. Timo Mustalampi\" aria-label=\"Katso isompi kuva\" rel=\"nofollow noopener\" target=\"_blank\"><br \/>\n\t\t\t\t<img class=\"diks-figure__image\" src=\"https:\/\/www.europesays.com\/fi\/wp-content\/uploads\/2026\/01\/11150522.jpg\" loading=\"lazy\" decoding=\"sync\" alt=\"\"\/><\/p>\n<p>\t\t\t<\/a><br \/>\n\t\t\t\t\tVirpi Lehdon ty\u00f6huoneessa on hyv\u00e4 valo. Timo Mustalampi<\/p>\n<p><strong class=\"diks-storyline__impact\">Jukalta j\u00e4i <\/strong>j\u00e4lkeen nelj\u00e4 husky-koiraa, ja niit\u00e4kin piti j\u00e4\u00e4d\u00e4 hoitamaan. Viimeinen koirista kuoli muutama vuosi sitten. Koirilla oli pihalla aidattu alue ja kaksikerroksiset koirankopit.<\/p>\n<p>\u2013 Kun edellinen kuoli ja oli en\u00e4\u00e4 yksi, j\u00e4tin koiran tarhalle ja l\u00e4hdin itse. Se odotti rappusilla, kun tulin takaisin. Huskeilla on sellainen tapa, ett\u00e4 ne kiipeilev\u00e4t. Sitten m\u00e4 pidin sit\u00e4 t\u00e4\u00e4ll\u00e4 (sis\u00e4ll\u00e4).<\/p>\n<p><strong class=\"diks-storyline__impact\">Lehto ei koskaan <\/strong>haaveillut maalla asumisesta. Yksin j\u00e4\u00e4ty\u00e4\u00e4n h\u00e4nelle tuli aluksi joskus tarve l\u00e4hte\u00e4 pois, ja silloin h\u00e4n hypp\u00e4si autoonsa.<\/p>\n<p>Minne sitten ajoit?<\/p>\n<p>\u2013\u2009Minne milloinkin. Joskus Mikkeliin uimahalliin, joskus Jyv\u00e4skyl\u00e4\u00e4n, joskus vain jonnekin. Joskus M\u00e4ntyharjulle, Helsinkiin.<\/p>\n<p>Lehto k\u00e4y opettamassa Jyv\u00e4skyl\u00e4n kansalaisopistossa ja silloin t\u00e4ll\u00f6in muuallakin. Sen enemp\u00e4\u00e4 h\u00e4n ei nyky\u00e4\u00e4n en\u00e4\u00e4 kaipaa kaupunkiin.<\/p>\n<p><strong class=\"diks-storyline__impact\">Kun asuu <\/strong>suuressa talossa maaseudulla, arjessa on tekemist\u00e4. Lehdon kotitalossa on nelj\u00e4 tulisijaa, joilla h\u00e4n l\u00e4mmitt\u00e4\u00e4 taloa. Oikein kylm\u00e4ll\u00e4 pakkass\u00e4\u00e4ll\u00e4 kaikki nelj\u00e4 pit\u00e4\u00e4 l\u00e4mmitt\u00e4\u00e4. Olohuoneen suureen uuniin menee metrin mittaisia halkoja. Talon pienemmiss\u00e4 huoneissa on viel\u00e4 pienet s\u00e4hk\u00f6patterit.<\/p>\n<p>Vett\u00e4 varten Lehdolla on oma porakaivo. Vesi on rautapitoista.<\/p>\n<p>\u2013\u2009Pit\u00e4isi hankkia toisenlainen suodatin veteen. T\u00e4nne on helvetin vaikea saada putkimiehi\u00e4 tai s\u00e4hk\u00f6miehi\u00e4. Olen kolme vuotta yritt\u00e4nyt, ett\u00e4 saisin jonkun laittamaan sen.<\/p>\n<p>\t\t<a class=\"diks-gallery__link\" href=\"https:\/\/i.media.fi\/incoming\/azikdb\/11150520.jpg\/alternates\/FREE_1440\/11150520.jpg\" data-thumbnail=\"\" data-sub-html=\"Virpi Lehto kunnosti talon ulkosein\u00e4n viime kes\u00e4n\u00e4. Timo Mustalampi\" aria-label=\"Katso isompi kuva\" rel=\"nofollow noopener\" target=\"_blank\"><br \/>\n\t\t\t\t<img class=\"diks-figure__image\" src=\"https:\/\/www.europesays.com\/fi\/wp-content\/uploads\/2026\/01\/11150520.jpg\" loading=\"lazy\" decoding=\"sync\" alt=\"\"\/><\/p>\n<p>\t\t\t<\/a><br \/>\n\t\t\t\t\tVirpi Lehto kunnosti talon ulkosein\u00e4n viime kes\u00e4n\u00e4. Timo Mustalampi<\/p>\n<blockquote class=\"diks-numberquote\">\n<p class=\"diks-numberquote__number\">35<\/p>\n<p class=\"diks-numberquote__description\">Virpi Lehdon l\u00e4hin kauppa on 35 kilometrin p\u00e4\u00e4ss\u00e4<\/p>\n<\/blockquote>\n<p><strong class=\"diks-storyline__impact\">Kun lunta<\/strong> tulee paljon, niin naapurin kanssa on sopimus, ett\u00e4 h\u00e4n k\u00e4y auraamassa tiet auki. Talvet ovat nykyisin sellaisia, ett\u00e4 tiet ovat joskus peilij\u00e4\u00e4ss\u00e4. Kotitien yl\u00e4m\u00e4ki on joskus niin j\u00e4inen, ett\u00e4 siin\u00e4 ei voi jarruttaa.<\/p>\n<p>Oletko sitten joskus j\u00e4\u00e4nyt jumiin kotiin, kun autolla ei p\u00e4\u00e4se?<\/p>\n<p>\u2013\u2009En, kun m\u00e4 vaan l\u00e4hden. Ajan t\u00e4ysill\u00e4.<\/p>\n<p>Rakennushommia suuressa talossa on viel\u00e4 j\u00e4ljell\u00e4. Takasein\u00e4n kolmikerroksinen parveke on kesken. Virpi on kes\u00e4ll\u00e4 remontoinut talon ulkosein\u00e4\u00e4, hionut ja sirkkel\u00f6inyt paneelit ja rakentanut sein\u00e4\u00e4.<\/p>\n<p>\u2013\u2009Helvetinmoinen homma. K\u00e4det tulivat kipe\u00e4ksi. Ajattelin, ett\u00e4 teen kaikki. En tee. Tein vain ton sein\u00e4n (talon takasein\u00e4n).<\/p>\n<p>Lehdon varsinainen<strong class=\"diks-storyline__impact\"> <\/strong>ty\u00f6huone on vanhan m\u00f6kin puolella. Sit\u00e4kin osaa talosta on remontoitu ja kunnostettu. Ty\u00f6huoneessa Lehto tekee \u00f6ljyv\u00e4rity\u00f6t, lattialla on suojana muovikerros. Valo on hyv\u00e4, sit\u00e4 taiteilijat kaipaavat ty\u00f6huoneissaan. V\u00e4h\u00e4n liiankin hyv\u00e4, Lehto sanoo, kun kes\u00e4ll\u00e4 aurinko tulee kirkkaana suoraan ikkunoista sis\u00e4\u00e4n.<\/p>\n<p>\u2013\u2009Mutta kes\u00e4ll\u00e4 on muutakin tekemist\u00e4, kuten seini\u00e4, Lehto kertoo.<\/p>\n<p>Keitti\u00f6 on my\u00f6s vanhassa osassa taloa. S\u00e4hk\u00f6hellan vieress\u00e4 on puuhella. Lehto tekee sen kanssa ruokaa aina, kun on tarpeeksi aikaa.<\/p>\n<p><strong class=\"diks-storyline__impact\">Tontilla oli<\/strong> aikoinaan Liukkosen tilan torppa. P\u00e4\u00e4talolla ja torppareilla oli kaikilla sama sukunimi Liukkonen. Vuoden 1918 torpparilaki antoi torppareille oikeuden lunastaa maansa. Torpan Liukkoset j\u00e4iv\u00e4t asumaan paikalle.<\/p>\n<p>Ennen asuttiin tiiviisti. Pieness\u00e4 m\u00f6kiss\u00e4 oli aluksi iso perhe Liukkosia. Osa perheest\u00e4 asui keitti\u00f6huoneessa ja osa tuvassa, v\u00e4liin j\u00e4\u00e4neess\u00e4 huoneessa ei jossain vaiheessa ollut lattiaakaan<\/p>\n<p>\u2013 Ne eiv\u00e4t silloin tulleet toimeen kesken\u00e4\u00e4n.<\/p>\n<p>Jukka osti m\u00f6kin Liukkosen Topilta ja Varpulta vuosituhannen alussa.<\/p>\n<p>\t\t<a class=\"diks-gallery__link\" href=\"https:\/\/i.media.fi\/incoming\/29x7f1\/11166120.jpg\/alternates\/FREE_1440\/11166120.jpg\" data-thumbnail=\"\" data-sub-html=\"Lammen rannalla oleva sauna on rakennettu l\u00f6yt\u00f6tavarasta. Timo Mustalampi\" aria-label=\"Katso isompi kuva\" rel=\"nofollow noopener\" target=\"_blank\"><br \/>\n\t\t\t\t<img class=\"diks-figure__image\" src=\"https:\/\/www.europesays.com\/fi\/wp-content\/uploads\/2026\/01\/11166120.jpg\" loading=\"lazy\" decoding=\"sync\" alt=\"\"\/><\/p>\n<p>\t\t\t<\/a><br \/>\n\t\t\t\t\tLammen rannalla oleva sauna on rakennettu l\u00f6yt\u00f6tavarasta. Timo Mustalampi<\/p>\n<p><strong class=\"diks-storyline__impact\">Lehdon mielest\u00e4<\/strong> parasta isossa talossa maaseudulla asumisessa on tila ymp\u00e4rill\u00e4, mets\u00e4 ja luonto. Yksin talossa asuminen on muokannut h\u00e4nt\u00e4kin.<\/p>\n<p>\u2013\u2009Olen oppinut kaikenlaista hyv\u00e4\u00e4 ja pahaa. Olen aina p\u00e4rj\u00e4nnyt yksin, mutta olen ehk\u00e4 oppinut hyv\u00e4ksym\u00e4\u00e4n tosiasioita, kun on yksin. Toisaalta sitten on taas kausia, ett\u00e4 ei pysty olemaan yksin. Sitten voi l\u00e4hte\u00e4 autolla, Lehto kertoo.<\/p>\n<p>Lopuksi Lehto l\u00e4htee viel\u00e4 n\u00e4ytt\u00e4m\u00e4\u00e4n pihan vieress\u00e4 olevan lammen rannalle rakennettua pikkusaunaa. Sen h\u00e4n teki tytt\u00e4rens\u00e4 kanssa kaikenlaisesta tavarasta mit\u00e4 sattui l\u00f6yt\u00e4m\u00e4\u00e4n. Seiniss\u00e4 on aaltopelti\u00e4 ja lauteiden virkaa hoitaa ymp\u00e4ri k\u00e4\u00e4nnetty puinen vuodesohva. Kiuas ja hormi l\u00f6ytyiv\u00e4t roskiksesta.<\/p>\n<p>Saunapaolo, Lehto sanoo saunan nimeksi ja toteaa sen n\u00e4ytt\u00e4v\u00e4n samalta kuin Brasilian faveloiden pikkum\u00f6kit. En\u00e4\u00e4 sauna ei ole k\u00e4yt\u00f6ss\u00e4, mutta kyll\u00e4 siell\u00e4 l\u00f6ylyt otettiin.<\/p>\n","protected":false},"excerpt":{"rendered":"Virpi Lehdolla melkein koko koti on yht\u00e4 ty\u00f6huonetta. \u2013\u2009Kun m\u00e4 teen isoja akvarelleja, niin teen lattialla. Yleens\u00e4 maalailen&hellip;\n","protected":false},"author":2,"featured_media":139533,"comment_status":"","ping_status":"","sticky":false,"template":"","format":"standard","meta":{"footnotes":""},"categories":[135],"tags":[389,387,388,36,6912,390,137,33,31,30,104,7720,4071,1233,402,32,394,393,391,392,109],"class_list":{"0":"post-139532","1":"post","2":"type-post","3":"status-publish","4":"format-standard","5":"has-post-thumbnail","7":"category-taiteet-ja-suunnittelu","8":"tag-arts","9":"tag-arts-and-design","10":"tag-artsanddesign","11":"tag-asuintalot-ja-asunnot","12":"tag-asumisen-paikka","13":"tag-design","14":"tag-entertainment","15":"tag-fi","16":"tag-finland","17":"tag-finnish","18":"tag-helsinki","19":"tag-hirvensalmi","20":"tag-joutsa","21":"tag-koti","22":"tag-rakentaminen-kiinteistot","23":"tag-suomi","24":"tag-suunnittelu","25":"tag-taiteet","26":"tag-taiteet-ja-suunnittelu","27":"tag-taiteetsuunnittelu","28":"tag-viihde"},"share_on_mastodon":{"url":"https:\/\/pubeurope.com\/@fi\/115876673812371355","error":""},"_links":{"self":[{"href":"https:\/\/www.europesays.com\/fi\/wp-json\/wp\/v2\/posts\/139532","targetHints":{"allow":["GET"]}}],"collection":[{"href":"https:\/\/www.europesays.com\/fi\/wp-json\/wp\/v2\/posts"}],"about":[{"href":"https:\/\/www.europesays.com\/fi\/wp-json\/wp\/v2\/types\/post"}],"author":[{"embeddable":true,"href":"https:\/\/www.europesays.com\/fi\/wp-json\/wp\/v2\/users\/2"}],"replies":[{"embeddable":true,"href":"https:\/\/www.europesays.com\/fi\/wp-json\/wp\/v2\/comments?post=139532"}],"version-history":[{"count":0,"href":"https:\/\/www.europesays.com\/fi\/wp-json\/wp\/v2\/posts\/139532\/revisions"}],"wp:featuredmedia":[{"embeddable":true,"href":"https:\/\/www.europesays.com\/fi\/wp-json\/wp\/v2\/media\/139533"}],"wp:attachment":[{"href":"https:\/\/www.europesays.com\/fi\/wp-json\/wp\/v2\/media?parent=139532"}],"wp:term":[{"taxonomy":"category","embeddable":true,"href":"https:\/\/www.europesays.com\/fi\/wp-json\/wp\/v2\/categories?post=139532"},{"taxonomy":"post_tag","embeddable":true,"href":"https:\/\/www.europesays.com\/fi\/wp-json\/wp\/v2\/tags?post=139532"}],"curies":[{"name":"wp","href":"https:\/\/api.w.org\/{rel}","templated":true}]}}