{"id":139542,"date":"2026-01-11T13:31:08","date_gmt":"2026-01-11T13:31:08","guid":{"rendered":"https:\/\/www.europesays.com\/fi\/139542\/"},"modified":"2026-01-11T13:31:08","modified_gmt":"2026-01-11T13:31:08","slug":"britannia-valmistelee-joukkojen-lahettamista-gronlantiin","status":"publish","type":"post","link":"https:\/\/www.europesays.com\/fi\/139542\/","title":{"rendered":"Britannia valmistelee joukkojen l\u00e4hett\u00e4mist\u00e4 Gr\u00f6nlantiin"},"content":{"rendered":"<p>Britannia on jo k\u00e4ynyt keskusteluja eurooppalaisten liittolaistensa kanssa joukkojen l\u00e4hett\u00e4misest\u00e4 arktisen alueen puolustamiseksi.<\/p>\n<p><img decoding=\"async\" class=\"image image-show image-preview\" src=\"https:\/\/www.europesays.com\/fi\/wp-content\/uploads\/2026\/01\/11862d7172cd2d86590b7f2511bd8340fdb11429dda1eb2bf318414e116724df.jpg\" alt=\"\"\/><img decoding=\"async\" class=\"image image-show\" src=\"https:\/\/www.europesays.com\/fi\/wp-content\/uploads\/2026\/01\/1768138268_304_11862d7172cd2d86590b7f2511bd8340fdb11429dda1eb2bf318414e116724df.jpg\" alt=\"\"\/><\/p>\n<p>Britannia suunnittelee Gr\u00f6nlannin puolustuksen vahvistamista. Kuvassa Britannian nykyinen p\u00e4\u00e4ministeri Keir Starmer kuvattuna vuonna 2023. AOP<\/p>\n<p class=\"paragraph\">Britannian johto k\u00e4y eurooppalaisten liittolaistensa kanssa keskusteluja joukkojen l\u00e4hett\u00e4misest\u00e4 Gr\u00f6nlantiin, <a href=\"https:\/\/www.telegraph.co.uk\/news\/2026\/01\/10\/starmer-could-send-troops-to-greenland-after-trump-threats\/\" target=\"_blank\" rel=\"noopener nofollow\">kertoo<\/a> brittilehti The Telegraph.<\/p>\n<p class=\"paragraph\">Tarkoituksena on tyynnytell\u00e4 Yhdysvaltain presidentti <a href=\"https:\/\/www.iltalehti.fi\/henkilot\/Donald Trump\" class=\"article-link-person-page\" rel=\"nofollow noopener\" target=\"_blank\">Donald Trumpia<\/a>, joka on viime aikoina antanut yh\u00e4 tiukempia lausuntoja Nato-maa Tanskalle kuuluvan saaren liitt\u00e4misest\u00e4 Yhdysvaltoihin.<\/p>\n<p class=\"paragraph\">Trump on perustellut Gr\u00f6nlannin hankkimista etenkin Yhdysvaltain kansallisella turvallisuudella. Gr\u00f6nlanti sijaitsee arktisella alueella, jonka strateginen merkitys on kasvanut viime vuosina suuresti. Muun muassa Ven\u00e4j\u00e4 ja Kiina ovat jo aktiivisia alueella.<\/p>\n<p class=\"paragraph\">\u2013 Olemme samaa mielt\u00e4 presidentti Trumpin kanssa \u2013 Ven\u00e4j\u00e4n kasvava aggressiivisuus pohjoisilla alueilla on estett\u00e4v\u00e4 ja euroatlanttista turvallisuutta on vahvistettava, Britannian hallituksen sis\u00e4piiril\u00e4inen kertoo The Telegraphille.<\/p>\n<p class=\"paragraph\">Britannia on jo ollut valmistelujen osalta yhteydess\u00e4 muun muassa Saksaan ja Ranskaan. The Telegraphin mukaan suunnitelmat ovat viel\u00e4 alkuvaiheessa, mutta Britannian osalta ne saattaisivat sis\u00e4lt\u00e4\u00e4 sotilaiden, sotalaivojen ja lentokoneiden l\u00e4hett\u00e4misen Gr\u00f6nlantiin.<\/p>\n<p class=\"paragraph\">Gr\u00f6nlannin ja arktisen alueen puolustuksen vahvistamista on pohdittu my\u00f6s puolustusliitto Natossa.<\/p>\n<p class=\"paragraph\">My\u00f6s Naton sis\u00e4ll\u00e4 suunnitelmat ovat viel\u00e4 alkuvaiheessa, mutta kyseess\u00e4 voisi olla joukkojen sijoittaminen tai yhdistelm\u00e4 m\u00e4\u00e4r\u00e4aikaisia harjoituksia, tiedustelutietojen jakamista, valmiuksien kehitt\u00e4mist\u00e4 ja uudelleen suunnattuja puolustusmenoja.<\/p>\n<p>Yhdysvaltain presidentti on toivonut Gr\u00f6nlannin liitt\u00e4mist\u00e4 Yhdysvaltoihin jo pitk\u00e4\u00e4n, mutta viime aikoina vaatimukset ovat tiukentuneet. ZumaWire \/ MVPHOTOS<\/p>\n<p>Riitt\u00e4\u00e4k\u00f6 Trumpille?<\/p>\n<p class=\"paragraph\">Eurooppalaisten joukkojen sijoittaminen Gr\u00f6nlantiin olisi asia, jonka Trump voisi The Telegraphin mukaan myyd\u00e4 kotimaassaan voittona Yhdysvalloille, kun eurooppalaiset maksaisivat arktisen alueen puolustuksesta.<\/p>\n<p class=\"paragraph\">Yhdysvalloilla on kuitenkin jo sotilaallista l\u00e4sn\u00e4oloa Gr\u00f6nlannissa ja Tanska on useasti toivottanut sen tervetulleeksi. Tanskalaislehti Politikenkin <a href=\"https:\/\/politiken.dk\/danmark\/art10681057\/Donald-Trump-langer-ud-efter-Danmark.-Men-hvad-har-USA-selv-gjort\" target=\"_blank\" rel=\"noopener nofollow\">huomauttaa<\/a>, ett\u00e4 Yhdysvallat on itse v\u00e4hent\u00e4nyt sotilaallista l\u00e4sn\u00e4oloaan Gr\u00f6nlannissa.<\/p>\n<p class=\"paragraph\">Ulkopoliittisen instituutin tutkija <strong>Joel Linnainm\u00e4ki<\/strong> kertoikin aiemmin Iltalehdelle, ett\u00e4 turvallisuuden lis\u00e4ksi Gr\u00f6nlanti houkuttaa Trumpia kahdesta muusta syyst\u00e4: saaren luonnonvarojen ja oman henkil\u00f6kohtaisen tavoitteen takia.<\/p>\n<p class=\"paragraph\">\u2013 Trump sanoi jo virkaanastujaispuheessaan, ett\u00e4 Yhdysvaltojen pit\u00e4\u00e4 laajentua. H\u00e4n ajattelee, ett\u00e4 Yhdysvallat oli historiassa suuri ja kunnioitettu silloin, kun maa laajeni l\u00e4nteen p\u00e4in, Linnainm\u00e4ki arvioi Iltalehdelle.<\/p>\n","protected":false},"excerpt":{"rendered":"Britannia on jo k\u00e4ynyt keskusteluja eurooppalaisten liittolaistensa kanssa joukkojen l\u00e4hett\u00e4misest\u00e4 arktisen alueen puolustamiseksi. Britannia suunnittelee Gr\u00f6nlannin puolustuksen vahvistamista.&hellip;\n","protected":false},"author":2,"featured_media":139543,"comment_status":"","ping_status":"","sticky":false,"template":"","format":"standard","meta":{"footnotes":""},"categories":[14],"tags":[35,22,23,26,27,33,31,30,17,24,25,28,29,15,18,21,142,637,144,32,19,20,56,16,638,59,60,61,143],"class_list":{"0":"post-139542","1":"post","2":"type-post","3":"status-publish","4":"format-standard","5":"has-post-thumbnail","7":"category-ulkomaat","8":"tag-24h","9":"tag-breaking-news","10":"tag-breakingnews","11":"tag-featured-news","12":"tag-featurednews","13":"tag-fi","14":"tag-finland","15":"tag-finnish","16":"tag-headlines","17":"tag-latest-news","18":"tag-latestnews","19":"tag-main-news","20":"tag-mainnews","21":"tag-news","22":"tag-otsikot","23":"tag-paauutiset","24":"tag-poliitikot","25":"tag-politiikka","26":"tag-presidentti","27":"tag-suomi","28":"tag-top-stories","29":"tag-topstories","30":"tag-ulkomaat","31":"tag-uutiset","32":"tag-valtiovalta","33":"tag-world","34":"tag-world-news","35":"tag-worldnews","36":"tag-yhdysvaltain-politiikka"},"share_on_mastodon":{"url":"https:\/\/pubeurope.com\/@fi\/115876717210917938","error":""},"_links":{"self":[{"href":"https:\/\/www.europesays.com\/fi\/wp-json\/wp\/v2\/posts\/139542","targetHints":{"allow":["GET"]}}],"collection":[{"href":"https:\/\/www.europesays.com\/fi\/wp-json\/wp\/v2\/posts"}],"about":[{"href":"https:\/\/www.europesays.com\/fi\/wp-json\/wp\/v2\/types\/post"}],"author":[{"embeddable":true,"href":"https:\/\/www.europesays.com\/fi\/wp-json\/wp\/v2\/users\/2"}],"replies":[{"embeddable":true,"href":"https:\/\/www.europesays.com\/fi\/wp-json\/wp\/v2\/comments?post=139542"}],"version-history":[{"count":0,"href":"https:\/\/www.europesays.com\/fi\/wp-json\/wp\/v2\/posts\/139542\/revisions"}],"wp:featuredmedia":[{"embeddable":true,"href":"https:\/\/www.europesays.com\/fi\/wp-json\/wp\/v2\/media\/139543"}],"wp:attachment":[{"href":"https:\/\/www.europesays.com\/fi\/wp-json\/wp\/v2\/media?parent=139542"}],"wp:term":[{"taxonomy":"category","embeddable":true,"href":"https:\/\/www.europesays.com\/fi\/wp-json\/wp\/v2\/categories?post=139542"},{"taxonomy":"post_tag","embeddable":true,"href":"https:\/\/www.europesays.com\/fi\/wp-json\/wp\/v2\/tags?post=139542"}],"curies":[{"name":"wp","href":"https:\/\/api.w.org\/{rel}","templated":true}]}}