{"id":139556,"date":"2026-01-11T13:50:06","date_gmt":"2026-01-11T13:50:06","guid":{"rendered":"https:\/\/www.europesays.com\/fi\/139556\/"},"modified":"2026-01-11T13:50:06","modified_gmt":"2026-01-11T13:50:06","slug":"marvel-elokuvien-tahti-saapuu-helsingin-comic-coniin-paikalliset","status":"publish","type":"post","link":"https:\/\/www.europesays.com\/fi\/139556\/","title":{"rendered":"Marvel-elokuvien t\u00e4hti saapuu Helsingin Comic Coniin | Paikalliset"},"content":{"rendered":"<p>Guardians of the Galaxy -t\u00e4hti<strong> Pom Klementieff <\/strong>saapuu Suomen suurimman popkulttuuritapahtuman Arctic Lights Comic Conin vieraaksi toukokuussa, kertoo tapahtumanj\u00e4rjest\u00e4j\u00e4 tiedotteessaan.<\/p>\n<p>Klementieff tunnetaan erityisesti n\u00e4yttelyrooleistaan Avengers- ja Guardians of the Galaxy -elokuvissa. H\u00e4n on n\u00e4ytellyt my\u00f6s Impossible \u2013 Dead Reckoning -elokuvan antagonistia.<\/p>\n<p>Klementieff tekee elokuvissa usein stunttejaan itse ja on treenannut sit\u00e4 varten monipuolisesti kamppailulajeja. Tapahtumassa t\u00e4hden p\u00e4\u00e4see kohtaamaan nimmari- ja valokuvaussessioissa sek\u00e4 Starlight Main Stagen Q &amp; A -tilaisuuksissa.<\/p>\n<p><a href=\"https:\/\/www.helsinginuutiset.fi\/paikalliset\/9055018\" rel=\"nofollow noopener\" target=\"_blank\">Aiemmin tapahtuman t\u00e4htivieraiksi on julkistettu<\/a> n\u00e4yttelij\u00e4 <strong>Sean Gunn<\/strong> sek\u00e4 <strong>Tim Downie<\/strong>.<\/p>\n<p>Gunn on n\u00e4ytelly muun muassa Gilmore Girls -sarjassa, Guardians of the Galaxy -elokuvissa sek\u00e4 The Suicide Squad -elokuvassa. Downie puolestaan on n\u00e4hty esimerkiksi sarjoissa Outlander, Good Omens ja Upstart Crow.<\/p>\n<p>\u2013\u2009Tapahtumassa tulee olemaan my\u00f6s mittava line-up kansainv\u00e4lisi\u00e4 sarjakuvataiteilijoita. Julkistamme nimet heti vuoden vaihteen j\u00e4lkeen, lupailee tapahtuman tuottaja <strong>Ida Kuningas<\/strong>.<\/p>\n<p><strong class=\"diks-storyline__impact\">Suomalaisista sis\u00e4ll\u00f6ntuottajista<\/strong> ja vaikuttajista tullaan n\u00e4kem\u00e4\u00e4n muun muassa ZoneVD, Paqpa sek\u00e4 <strong>Leevi Ik\u00e4valko<\/strong>. Tapahtumassa tulee olemaan my\u00f6s cosplayn Suomen mestaruuskilpailut, K-popin covertanssikilpailut sek\u00e4 AMV-kilpailu.<\/p>\n<p><strong class=\"diks-storyline__impact\">Helsingin Messukeskuksessa<\/strong> 16.\u201317.5.2026 j\u00e4rjestett\u00e4v\u00e4 Arctic Lights Comic Con kokoaa yhteen pelien, cosplayn, sarjakuvien, animen, K-popin ja fanikulttuurin yst\u00e4v\u00e4t sek\u00e4 elokuva- ja pelimaailman kansainv\u00e4liset t\u00e4hdet.<\/p>\n<p>Helsingiss\u00e4 on aiemmin j\u00e4rjestetty Heroes Comic Con Finland -tapahtuma. Sen j\u00e4rjest\u00e4j\u00e4 vet\u00e4ytyi Suomesta, joten Messukeskus p\u00e4\u00e4tti perustaa oman pop-kulttuuritapahtumansa.<\/p>\n<p><strong>Lue lis\u00e4\u00e4: <\/strong><\/p>\n<p><a href=\"https:\/\/www.helsinginuutiset.fi\/paikalliset\/9055018\" rel=\"nofollow noopener\" target=\"_blank\">Gilmoren tyt\u00f6t -t\u00e4hti saapuu Helsingin Comic Coniin<\/a><\/p>\n","protected":false},"excerpt":{"rendered":"Guardians of the Galaxy -t\u00e4hti Pom Klementieff saapuu Suomen suurimman popkulttuuritapahtuman Arctic Lights Comic Conin vieraaksi toukokuussa, kertoo&hellip;\n","protected":false},"author":2,"featured_media":139557,"comment_status":"","ping_status":"","sticky":false,"template":"","format":"standard","meta":{"footnotes":""},"categories":[131],"tags":[153,155,137,33,173,31,30,104,41,172,718,32,485,484,140,109],"class_list":{"0":"post-139556","1":"post","2":"type-post","3":"status-publish","4":"format-standard","5":"has-post-thumbnail","7":"category-elokuvat","8":"tag-audiovisuaalinen-media","9":"tag-elokuvat","10":"tag-entertainment","11":"tag-fi","12":"tag-film","13":"tag-finland","14":"tag-finnish","15":"tag-helsinki","16":"tag-liikunta-ja-urheilu","17":"tag-movies","18":"tag-nayttamotaide","19":"tag-suomi","20":"tag-taide-yleista","21":"tag-taiteellinen-ilmaisu-ja-mediat","22":"tag-tv-ja-elokuvat","23":"tag-viihde"},"share_on_mastodon":{"url":"https:\/\/pubeurope.com\/@fi\/115876791734828664","error":""},"_links":{"self":[{"href":"https:\/\/www.europesays.com\/fi\/wp-json\/wp\/v2\/posts\/139556","targetHints":{"allow":["GET"]}}],"collection":[{"href":"https:\/\/www.europesays.com\/fi\/wp-json\/wp\/v2\/posts"}],"about":[{"href":"https:\/\/www.europesays.com\/fi\/wp-json\/wp\/v2\/types\/post"}],"author":[{"embeddable":true,"href":"https:\/\/www.europesays.com\/fi\/wp-json\/wp\/v2\/users\/2"}],"replies":[{"embeddable":true,"href":"https:\/\/www.europesays.com\/fi\/wp-json\/wp\/v2\/comments?post=139556"}],"version-history":[{"count":0,"href":"https:\/\/www.europesays.com\/fi\/wp-json\/wp\/v2\/posts\/139556\/revisions"}],"wp:featuredmedia":[{"embeddable":true,"href":"https:\/\/www.europesays.com\/fi\/wp-json\/wp\/v2\/media\/139557"}],"wp:attachment":[{"href":"https:\/\/www.europesays.com\/fi\/wp-json\/wp\/v2\/media?parent=139556"}],"wp:term":[{"taxonomy":"category","embeddable":true,"href":"https:\/\/www.europesays.com\/fi\/wp-json\/wp\/v2\/categories?post=139556"},{"taxonomy":"post_tag","embeddable":true,"href":"https:\/\/www.europesays.com\/fi\/wp-json\/wp\/v2\/tags?post=139556"}],"curies":[{"name":"wp","href":"https:\/\/api.w.org\/{rel}","templated":true}]}}