{"id":139562,"date":"2026-01-11T13:56:06","date_gmt":"2026-01-11T13:56:06","guid":{"rendered":"https:\/\/www.europesays.com\/fi\/139562\/"},"modified":"2026-01-11T13:56:06","modified_gmt":"2026-01-11T13:56:06","slug":"vaarin-asennetut-tiivisteet-ruostuttivat-vw-golfin-ovet-lautakunta-ratkaisi-miten-930-euron-kulut-jaetaan","status":"publish","type":"post","link":"https:\/\/www.europesays.com\/fi\/139562\/","title":{"rendered":"V\u00e4\u00e4rin asennetut tiivisteet ruostuttivat VW Golfin ovet \u2013 Lautakunta ratkaisi, miten 930 euron kulut jaetaan"},"content":{"rendered":"<p class=\"is-style-dropcap\">Kuluttajariitalautakunta on antanut suosituksensa riidassa, joka alkoi k\u00e4ytetyn auton etuovien ja etulokasuojien korjaustarpeesta.<\/p>\n<p>Kuluttaja osti oululaiselta autoliikkeelt\u00e4 P\u00f6rh\u00f6n Autoliike Oy:lt\u00e4 vuoden 2017 Volkswagen Golfin huhtikuussa 2021.<\/p>\n<p>Autolla oli ajettu tuolloin 50\u00a0000 kilometri\u00e4 ja kaupat tehtiin 16\u00a0000 eurolla.<\/p>\n<p>Kuluttaja havaitsi kes\u00e4n alussa 2024, ett\u00e4 auton kummankin etuoven saranapuolelle oli ilmestynyt ruostevaurioita. Ovet my\u00f6s hankasivat etulokasuojissa kiinni olevia tiivisteit\u00e4, koska tiivisteet oli asennettu v\u00e4\u00e4rin ja liian korkealle.<\/p>\n<p>Autolla oli ajettu havaintohetkell\u00e4 100\u00a0000 kilometri\u00e4.<\/p>\n<p>Kyseess\u00e4 oli tyyppivika, josta kuluttaja ei tiennyt autoa ostaessa ja josta autoliike ei kertonut h\u00e4nelle kauppojen yhteydess\u00e4.<\/p>\n<p>Kuluttaja vaihdatti autoon korjaamolla toisenlaiset tiivisteet ja maalautti ovet uudelleen. My\u00f6s pelti\u00e4 piti korjata. Hintalapuksi tuli 930 euroa, ja t\u00e4t\u00e4 summaa kuluttaja my\u00f6s vaati autoliikkeelt\u00e4 hyvityksen\u00e4.<\/p>\n<p>Autoliike P\u00f6rh\u00f6n Autoliike Oy piti kuluttajan vaatimusta liiallisena ja kiisti sen.<\/p>\n<p>Liike tarjosi sen sijaan sovintoesityksen\u00e4 200 euron hyvityst\u00e4.<\/p>\n<p>Kuluttajariitalautakunta suosittaa puolestaan, ett\u00e4 liike maksaa kuluttajalle 400 euroa korvauksena korjauskuluista.<\/p>\n<p>\u201dLautakunta katsoo asiassa tulleen n\u00e4ytetyksi, ett\u00e4 kaupan kohteen maalipinta on kulunut ennenaikaisesti, koska oven tiiviste oli ilmeisesti asennettu v\u00e4\u00e4rin\u201d, lautakunta kertoo ratkaisuperusteluissa.<\/p>\n<p>Kyse ei ole kuluttajan toiminnan tai tapaturman aiheuttamasta vauriosta, lautakunta arvioi.<\/p>\n<p><a href=\"https:\/\/www.finlex.fi\/fi\/lainsaadanto\/1978\/38#chp_5__crossHeading_4\" rel=\"nofollow noopener\" target=\"_blank\">Kuluttajansuojalain mukaan<\/a> kaupan kohde on virheellinen ja autoliike on korvausvastuullinen, lautakunta linjaa.<\/p>\n","protected":false},"excerpt":{"rendered":"Kuluttajariitalautakunta on antanut suosituksensa riidassa, joka alkoi k\u00e4ytetyn auton etuovien ja etulokasuojien korjaustarpeesta. Kuluttaja osti oululaiselta autoliikkeelt\u00e4 P\u00f6rh\u00f6n&hellip;\n","protected":false},"author":2,"featured_media":128293,"comment_status":"","ping_status":"","sticky":false,"template":"","format":"standard","meta":{"footnotes":""},"categories":[76],"tags":[6680,79,77,33,31,30,14583,22162,32,78,7942,16574],"class_list":{"0":"post-139562","1":"post","2":"type-post","3":"status-publish","4":"format-standard","5":"has-post-thumbnail","7":"category-talous","8":"tag-autokauppa","9":"tag-business","10":"tag-economy","11":"tag-fi","12":"tag-finland","13":"tag-finnish","14":"tag-kaytetyt-autot","15":"tag-kuluttajariidat","16":"tag-suomi","17":"tag-talous","18":"tag-volkswagen","19":"tag-volkswagen-golf"},"share_on_mastodon":{"url":"https:\/\/pubeurope.com\/@fi\/115876815461558387","error":""},"_links":{"self":[{"href":"https:\/\/www.europesays.com\/fi\/wp-json\/wp\/v2\/posts\/139562","targetHints":{"allow":["GET"]}}],"collection":[{"href":"https:\/\/www.europesays.com\/fi\/wp-json\/wp\/v2\/posts"}],"about":[{"href":"https:\/\/www.europesays.com\/fi\/wp-json\/wp\/v2\/types\/post"}],"author":[{"embeddable":true,"href":"https:\/\/www.europesays.com\/fi\/wp-json\/wp\/v2\/users\/2"}],"replies":[{"embeddable":true,"href":"https:\/\/www.europesays.com\/fi\/wp-json\/wp\/v2\/comments?post=139562"}],"version-history":[{"count":0,"href":"https:\/\/www.europesays.com\/fi\/wp-json\/wp\/v2\/posts\/139562\/revisions"}],"wp:featuredmedia":[{"embeddable":true,"href":"https:\/\/www.europesays.com\/fi\/wp-json\/wp\/v2\/media\/128293"}],"wp:attachment":[{"href":"https:\/\/www.europesays.com\/fi\/wp-json\/wp\/v2\/media?parent=139562"}],"wp:term":[{"taxonomy":"category","embeddable":true,"href":"https:\/\/www.europesays.com\/fi\/wp-json\/wp\/v2\/categories?post=139562"},{"taxonomy":"post_tag","embeddable":true,"href":"https:\/\/www.europesays.com\/fi\/wp-json\/wp\/v2\/tags?post=139562"}],"curies":[{"name":"wp","href":"https:\/\/api.w.org\/{rel}","templated":true}]}}