{"id":139572,"date":"2026-01-11T14:18:07","date_gmt":"2026-01-11T14:18:07","guid":{"rendered":"https:\/\/www.europesays.com\/fi\/139572\/"},"modified":"2026-01-11T14:18:07","modified_gmt":"2026-01-11T14:18:07","slug":"alppihiihto-eduard-hallberg-kuudes-voitto-karkasi","status":"publish","type":"post","link":"https:\/\/www.europesays.com\/fi\/139572\/","title":{"rendered":"Alppihiihto: Eduard Hallberg kuudes \u2013 voitto karkasi"},"content":{"rendered":"<p>Alppihiihto|Eduard Hallberg oli ensimm\u00e4isen kierroksen j\u00e4lkeen kolmantena.<\/p>\n<p class=\"article-body mb-nof-24 px-nof-16\">Suomen alppit\u00e4hti <a class=\"font-bold underline-offset-[0.12em] [text-decoration:var(--person-link-text-decoration)] ![text-decoration-color:var(--person-link-text-decoration-color)]\" href=\"https:\/\/www.hs.fi\/haku\/?query=Eduard%20Hallberg\" rel=\"nofollow noopener\" target=\"_blank\">Eduard Hallberg<\/a> laski kuudenneksi alppihiihdon miesten maailmancupin pujottelukilpailussa Sveitsin Adelbodenissa.<\/p>\n<p class=\"article-body mb-nof-24 px-nof-16\">Hallberg, 22, l\u00e4hti toiselle kierrokselle kolmannelta sijalta.<\/p>\n<p class=\"article-body mb-nof-24 px-nof-16\">H\u00e4n teki kuitenkin j\u00e4lkimm\u00e4isess\u00e4 laskussaan muutaman virheen ja putosi tulostaulukossa hieman alasp\u00e4in. Sipoolainen sadatteli suoritustaan maalissa.<\/p>\n<p class=\"article-body mb-nof-24 px-nof-16\">Toisella kierroksella loistavasti laskenut Ranskan <a class=\"font-bold underline-offset-[0.12em] [text-decoration:var(--person-link-text-decoration)] ![text-decoration-color:var(--person-link-text-decoration-color)]\" href=\"https:\/\/www.hs.fi\/haku\/?query=Paco%20Rassat\" rel=\"nofollow noopener\" target=\"_blank\">Paco Rassat<\/a> nousi voittoon nelj\u00e4nnelt\u00e4 sijalta. H\u00e4n oli koko toisen kierroksen nopein laskija.<\/p>\n<p class=\"article-body mb-nof-24 px-nof-16\">Norjan <a class=\"font-bold underline-offset-[0.12em] [text-decoration:var(--person-link-text-decoration)] ![text-decoration-color:var(--person-link-text-decoration-color)]\" href=\"https:\/\/www.hs.fi\/haku\/?query=Atle%20Lie%20McGrath\" rel=\"nofollow noopener\" target=\"_blank\">Atle Lie McGrath<\/a> oli toinen ennen maanmiest\u00e4\u00e4n <a class=\"font-bold underline-offset-[0.12em] [text-decoration:var(--person-link-text-decoration)] ![text-decoration-color:var(--person-link-text-decoration-color)]\" href=\"https:\/\/www.hs.fi\/haku\/?query=Henrik%20Kristoffersenia.\" rel=\"nofollow noopener\" target=\"_blank\">Henrik Kristoffersenia.<\/a> Lis\u00e4ksi norjalais-brasilialainen <a class=\"font-bold underline-offset-[0.12em] [text-decoration:var(--person-link-text-decoration)] ![text-decoration-color:var(--person-link-text-decoration-color)]\" href=\"https:\/\/www.hs.fi\/haku\/?query=Lucas%20Pinheiro%20Braathen\" rel=\"nofollow noopener\" target=\"_blank\">Lucas Pinheiro Braathen<\/a> sek\u00e4 It\u00e4vallan <a class=\"font-bold underline-offset-[0.12em] [text-decoration:var(--person-link-text-decoration)] ![text-decoration-color:var(--person-link-text-decoration-color)]\" href=\"https:\/\/www.hs.fi\/haku\/?query=Manuel%20Feller\" rel=\"nofollow noopener\" target=\"_blank\">Manuel Feller<\/a> ehtiv\u00e4t Hallbergin edelle.<\/p>\n<p class=\"article-body mb-nof-24 px-nof-16\">My\u00f6s Suomen <a class=\"font-bold underline-offset-[0.12em] [text-decoration:var(--person-link-text-decoration)] ![text-decoration-color:var(--person-link-text-decoration-color)]\" href=\"https:\/\/www.hs.fi\/haku\/?query=Jesper%20Pohjolainen\" rel=\"nofollow noopener\" target=\"_blank\">Jesper Pohjolainen<\/a> oli mukana Adlebodenin pujottelussa. H\u00e4n oli avauskierroksella 35:s eik\u00e4 selviytynyt jatkoon.<\/p>\n<p><img decoding=\"async\" src=\"https:\/\/www.europesays.com\/fi\/wp-content\/uploads\/2026\/01\/1768141087_660_468.jpg\" alt=\"Eduard Hallberg taisteli voitosta Adelbodenin legendaarisessa Chuenisb\u00e4rglin rinteess\u00e4.\" class=\"_Img_1rerz_1\" style=\"aspect-ratio:1.5\" loading=\"eager\"\/><\/p>\n<p class=\"article-picture-caption\">Eduard Hallberg taisteli voitosta Adelbodenin legendaarisessa Chuenisb\u00e4rglin rinteess\u00e4. Kuva:\u00a0Anthony Anex \/ EPA<\/p>\n<p class=\"article-body mb-nof-24 px-nof-16\">Hallberg on nyt kuudentena maailmancupin pujottelucupissa. H\u00e4n sai sunnuntaina 40 pistett\u00e4.<\/p>\n<p class=\"article-body mb-nof-24 px-nof-16\">Hallberg jys\u00e4ytti kolmanneksi heti kauden ensimm\u00e4isess\u00e4 kilpailussaan Levill\u00e4.<\/p>\n<p class=\"article-body mb-nof-24 px-nof-16\">Marraskuun podiumin lis\u00e4ksi h\u00e4n oli keskiviikkona toinen Madonna di Campiglion pujottelussa.<\/p>\n","protected":false},"excerpt":{"rendered":"Alppihiihto|Eduard Hallberg oli ensimm\u00e4isen kierroksen j\u00e4lkeen kolmantena. Suomen alppit\u00e4hti Eduard Hallberg laski kuudenneksi alppihiihdon miesten maailmancupin pujottelukilpailussa Sveitsin&hellip;\n","protected":false},"author":2,"featured_media":139573,"comment_status":"","ping_status":"","sticky":false,"template":"","format":"standard","meta":{"footnotes":""},"categories":[158],"tags":[33,31,30,46,159,32,160],"class_list":{"0":"post-139572","1":"post","2":"type-post","3":"status-publish","4":"format-standard","5":"has-post-thumbnail","7":"category-urheilu","8":"tag-fi","9":"tag-finland","10":"tag-finnish","11":"tag-helsingin-sanomat","12":"tag-sports","13":"tag-suomi","14":"tag-urheilu"},"share_on_mastodon":{"url":"https:\/\/pubeurope.com\/@fi\/115876901993619833","error":""},"_links":{"self":[{"href":"https:\/\/www.europesays.com\/fi\/wp-json\/wp\/v2\/posts\/139572","targetHints":{"allow":["GET"]}}],"collection":[{"href":"https:\/\/www.europesays.com\/fi\/wp-json\/wp\/v2\/posts"}],"about":[{"href":"https:\/\/www.europesays.com\/fi\/wp-json\/wp\/v2\/types\/post"}],"author":[{"embeddable":true,"href":"https:\/\/www.europesays.com\/fi\/wp-json\/wp\/v2\/users\/2"}],"replies":[{"embeddable":true,"href":"https:\/\/www.europesays.com\/fi\/wp-json\/wp\/v2\/comments?post=139572"}],"version-history":[{"count":0,"href":"https:\/\/www.europesays.com\/fi\/wp-json\/wp\/v2\/posts\/139572\/revisions"}],"wp:featuredmedia":[{"embeddable":true,"href":"https:\/\/www.europesays.com\/fi\/wp-json\/wp\/v2\/media\/139573"}],"wp:attachment":[{"href":"https:\/\/www.europesays.com\/fi\/wp-json\/wp\/v2\/media?parent=139572"}],"wp:term":[{"taxonomy":"category","embeddable":true,"href":"https:\/\/www.europesays.com\/fi\/wp-json\/wp\/v2\/categories?post=139572"},{"taxonomy":"post_tag","embeddable":true,"href":"https:\/\/www.europesays.com\/fi\/wp-json\/wp\/v2\/tags?post=139572"}],"curies":[{"name":"wp","href":"https:\/\/api.w.org\/{rel}","templated":true}]}}