{"id":139578,"date":"2026-01-11T14:23:07","date_gmt":"2026-01-11T14:23:07","guid":{"rendered":"https:\/\/www.europesays.com\/fi\/139578\/"},"modified":"2026-01-11T14:23:07","modified_gmt":"2026-01-11T14:23:07","slug":"paakaupunkiseudulla-asuvat-venezuelalaiset-ihmettelevat-tapaa-jolla-trumpin-valiintulosta-puhutaan","status":"publish","type":"post","link":"https:\/\/www.europesays.com\/fi\/139578\/","title":{"rendered":"P\u00e4\u00e4kaupunkiseudulla asuvat venezuelalaiset ihmettelev\u00e4t tapaa, jolla Trumpin v\u00e4liintulosta puhutaan"},"content":{"rendered":"<p>Venezuela|HS tapasi seitsem\u00e4n p\u00e4\u00e4kaupunkiseudulla asuvaa venezuelalaista, jotka kertoivat, milt\u00e4 heid\u00e4n kotimaansa tilanne n\u00e4ytt\u00e4\u00e4 viikko Yhdysvaltojen iskun j\u00e4lkeen.<\/p>\n<p>Lue tiivistelm\u00e4<\/p>\n<p class=\"article-body mb-nof-24 px-nof-16 sndp-summary-bullet-point-font\">P\u00e4\u00e4kaupunkiseudulla asuvat venezuelalaiset pit\u00e4v\u00e4t Yhdysvaltain presidentti Donald Trumpin v\u00e4liintuloa Venezuelaan hyv\u00e4n\u00e4 asiana, vaikka se rikkoi kansainv\u00e4list\u00e4 oikeutta.<\/p>\n<p class=\"article-body mb-nof-24 px-nof-16 sndp-summary-bullet-point-font\">Venezuelalaiset muistuttavat, ett\u00e4 heid\u00e4n kotimaassaan on rikottu kansainv\u00e4list\u00e4 oikeutta lukuisilla tavoilla presidentti Nicol\u00e1s Maduron ja Hugo Ch\u00e1vezin aikana.<\/p>\n<p class=\"article-body mb-nof-24 px-nof-16 sndp-summary-bullet-point-font\">Yhdysvallat hy\u00f6kk\u00e4si Venezuelaan hieman yli viikko sitten ja vangitsi presidentti Maduron sek\u00e4 h\u00e4nen vaimonsa tuomittavaksi huumeterrorismista.<\/p>\n<p class=\"article-body mb-nof-24 px-nof-16\">Tunnelma Hakaniemen hallissa sijaitsevassa kahvilassa on k\u00e4sinkosketeltavan turhautunut, kun seitsem\u00e4n p\u00e4\u00e4kaupunki\u00adseudulla asuvaa venezuelalaista alkaa purkaa tuntojaan Venezuelan tilanteesta, Yhdysvaltain presidentti <a class=\"font-bold underline-offset-[0.12em] [text-decoration:var(--person-link-text-decoration)] ![text-decoration-color:var(--person-link-text-decoration-color)]\" href=\"https:\/\/www.hs.fi\/haku\/?query=Donald%20Trumpin\" rel=\"nofollow noopener\" target=\"_blank\">Donald Trumpin<\/a> puheista ja siit\u00e4, miten Venezuelasta mediassa kirjoitetaan.<\/p>\n<p class=\"article-body mb-nof-24 px-nof-16\">On kulunut v\u00e4h\u00e4n yli viikko siit\u00e4, kun Yhdysvallat hy\u00f6kk\u00e4si Venezuelaan. Samalla vangittiin maan presidentti <a class=\"font-bold underline-offset-[0.12em] [text-decoration:var(--person-link-text-decoration)] ![text-decoration-color:var(--person-link-text-decoration-color)]\" href=\"https:\/\/www.hs.fi\/haku\/?query=Nicol%C3%A1s%20Maduro\" rel=\"nofollow noopener\" target=\"_blank\">Nicol\u00e1s Maduro<\/a> sek\u00e4 h\u00e4nen vaimonsa. Molemmat vietiin Yhdysvaltoihin tuomittavaksi \u201dhuumeterrorismista\u201d.<\/p>\n<p class=\"article-body mb-nof-24 px-nof-16\">\u201dNyt toistellaan kaikkialla sit\u00e4, miten Trump rikkoi kansainv\u00e4list\u00e4 oikeutta hy\u00f6k\u00e4tess\u00e4\u00e4n Venezuelaan ja viedess\u00e4\u00e4n Maduron Yhdysvaltoihin. Venezuelassa on rikottu kansainv\u00e4list\u00e4 oikeutta lukuisilla tavoilla Maduron ja <a class=\"font-bold underline-offset-[0.12em] [text-decoration:var(--person-link-text-decoration)] ![text-decoration-color:var(--person-link-text-decoration-color)]\" href=\"https:\/\/www.hs.fi\/haku\/?query=Hugo%20Ch%C3%A1vezin\" rel=\"nofollow noopener\" target=\"_blank\">Hugo Ch\u00e1vezin<\/a> aikana, eik\u00e4 se ole tuntunut kiinnostavan ket\u00e4\u00e4n\u201d, sanoo Suomessa vuodesta 2008 asunut <a class=\"font-bold underline-offset-[0.12em] [text-decoration:var(--person-link-text-decoration)] ![text-decoration-color:var(--person-link-text-decoration-color)]\" href=\"https:\/\/www.hs.fi\/haku\/?query=Andreina%20Garcia\" rel=\"nofollow noopener\" target=\"_blank\">Andreina Garcia<\/a>.<\/p>\n<p class=\"article-body mb-nof-24 px-nof-16\">Hugo Ch\u00e1vez oli Venezuelan presidentti vuosina 1999\u20132013.<\/p>\n<p><img decoding=\"async\" src=\"https:\/\/www.europesays.com\/fi\/wp-content\/uploads\/2026\/01\/1768141387_689_468.jpg\" alt=\"Ninova Berm\u00fadez Cuenca (vas.), Jhon Rivas ja Emiliano Rivero haluaisivat ihmisten ymm\u00e4rt\u00e4v\u00e4n, millaisessa todellisuudessa venezuelalaiset ovat el\u00e4neet kotimaassaan.\" class=\"_Img_1rerz_1\" style=\"aspect-ratio:1.332408049965302\" loading=\"eager\"\/><\/p>\n<p class=\"article-picture-caption\">Ninova Berm\u00fadez Cuenca (vas.), Jhon Rivas ja Emiliano Rivero haluaisivat ihmisten ymm\u00e4rt\u00e4v\u00e4n, millaisessa todellisuudessa venezuelalaiset ovat el\u00e4neet kotimaassaan. Kuva:\u00a0Ville-Veikko Kaakinen \/ HS<\/p>\n<p class=\"article-body mb-nof-24 px-nof-16\">Garcia muistuttaa, ett\u00e4 Venezuelan vankiloissa istuu suuret m\u00e4\u00e4r\u00e4t ihmisi\u00e4 \u201dv\u00e4\u00e4rien mielipiteiden\u201d takia. Paikallisten ihmisoikeus\u00adj\u00e4rjest\u00f6jen <a class=\"underline underline-offset-[0.12em] [text-decoration-thickness:var(--generic-link-underline-thickness)] [text-decoration-color:var(--generic-link-underline-color)] [text-decoration-skip-ink:var(--generic-link-underline-skip-ink)] break-words\" href=\"https:\/\/www.hs.fi\/maailma\/art-2000011737980.html\" rel=\"nofollow noopener\" target=\"_blank\">mukaan<\/a> poliittisia vankeja istuu vankiloissa jopa yli 800.<\/p>\n<p class=\"article-body mb-nof-24 px-nof-16\">Venezuela ja Kuuba tekev\u00e4t paljon yhteisty\u00f6t\u00e4, ja kaikki paikalla olevat kertovat kuubalaisista poliiseista, jotka ovat tappaneet ihmisi\u00e4 Venezuelassa rauhanomaisten protestien aikana.<\/p>\n<p class=\"article-body mb-nof-24 px-nof-16\">\u201dMedia keskittyy puhumaan kansainv\u00e4lisest\u00e4 oikeudesta ja \u00f6ljyst\u00e4, kun venezuelalaisille todellisuus kotimaassa on todella pelottava ja surullinen. Me kaikki t\u00e4\u00e4ll\u00e4 olemme sit\u00e4 mielt\u00e4, ett\u00e4 Trumpin v\u00e4liintulo oli hyv\u00e4 asia\u201d, sanoo opiskelija <a class=\"font-bold underline-offset-[0.12em] [text-decoration:var(--person-link-text-decoration)] ![text-decoration-color:var(--person-link-text-decoration-color)]\" href=\"https:\/\/www.hs.fi\/haku\/?query=Flor%20Salazar\" rel=\"nofollow noopener\" target=\"_blank\">Flor Salazar<\/a>.<\/p>\n<p class=\"article-body mb-nof-24 px-nof-16\">H\u00e4n ja muut antavat esimerkkej\u00e4: ihmiset kaivelevat Venezuelassa ruokaa roskalaatikoista, kun palkat eiv\u00e4t riit\u00e4 mihink\u00e4\u00e4n ja inflaatio laukkaa.<\/p>\n<p class=\"article-body mb-nof-24 px-nof-16\">Asuinalueilla partioi \u201djefe de calleina\u201d eli kadun pomoina tunnettuja hallinnon edustajia, jotka pyrkiv\u00e4t selvitt\u00e4m\u00e4\u00e4n, kuka on uskollinen hallitukselle ja kuka ei.<\/p>\n<p class=\"article-body mb-nof-24 px-nof-16\">Valtio jakaa ruoka-avustuslaatikoita, mutta niiden sis\u00e4lt\u00f6 on huonolaatuista ja laatikkoja k\u00e4ytet\u00e4\u00e4n my\u00f6s kontrollin v\u00e4linein\u00e4, paikalla olevat kertovat. Jos on hallitukselle uskollinen, saa laatikon, ja jos ei, laatikkoa ei tule.<\/p>\n<p class=\"article-body mb-nof-24 px-nof-16\">\u201dLaatikoissa voi olla esimerkiksi Brasiliasta tuotua kanaa, mutta ei mink\u00e4\u00e4nlaista tietoa kylm\u00e4ketjusta. Kuka sellaista uskaltaa sy\u00f6d\u00e4\u201d, Suomessa parhaillaan turvapaikka\u00adprosessissa oleva <a class=\"font-bold underline-offset-[0.12em] [text-decoration:var(--person-link-text-decoration)] ![text-decoration-color:var(--person-link-text-decoration-color)]\" href=\"https:\/\/www.hs.fi\/haku\/?query=Mildred%20Martinez\" rel=\"nofollow noopener\" target=\"_blank\">Mildred Martinez<\/a> tuhahtaa.<\/p>\n<p class=\"article-body mb-nof-24 px-nof-16\">Paikalla olevat my\u00f6s huomauttavat, ettei Venezuelan \u00f6ljy ole hy\u00f6dytt\u00e4nyt paikallisia t\u00e4h\u00e4nk\u00e4\u00e4n asti, vaan ihmiset el\u00e4v\u00e4t k\u00f6yhyydess\u00e4.<\/p>\n<p class=\"article-body mb-nof-24 px-nof-16\">\u201dVenezuela on k\u00e4ynyt \u00f6ljykauppaa Kiinan, Ven\u00e4j\u00e4n, Kuuban ja Iranin kanssa. Kuuban kanssa kyse ei v\u00e4ltt\u00e4m\u00e4tt\u00e4 ole ollut kyse siit\u00e4, ett\u00e4 raha olisi vaihtanut omistajaa, vaan Venezuela on saanut Kuubasta esimerkiksi poliiseja vastalahjaksi \u00f6ljyst\u00e4\u201d, turvapaikkaa Suomesta hakenut <a class=\"font-bold underline-offset-[0.12em] [text-decoration:var(--person-link-text-decoration)] ![text-decoration-color:var(--person-link-text-decoration-color)]\" href=\"https:\/\/www.hs.fi\/haku\/?query=Emiliano%20Rivero\" rel=\"nofollow noopener\" target=\"_blank\">Emiliano Rivero<\/a> sanoo.<\/p>\n<p class=\"article-body mb-nof-24 px-nof-16\">Andreina Garcia huomauttaa, ett\u00e4 Trumpin <a class=\"underline underline-offset-[0.12em] [text-decoration-thickness:var(--generic-link-underline-thickness)] [text-decoration-color:var(--generic-link-underline-color)] [text-decoration-skip-ink:var(--generic-link-underline-skip-ink)] break-words\" href=\"https:\/\/www.hs.fi\/maailma\/art-2000011727624.html\" rel=\"nofollow noopener\" target=\"_blank\">puheet<\/a> siit\u00e4, kuinka sosialistinen j\u00e4rjestelm\u00e4 on vienyt Venezuelan \u00f6ljyn Yhdysvalloilta, asettuvat jonkinlaiseen kontekstiin mik\u00e4li ymm\u00e4rt\u00e4\u00e4 Venezuelan ja Yhdysvaltojen yhteist\u00e4 historiaa.<\/p>\n<p class=\"article-body mb-nof-24 px-nof-16\">H\u00e4n ja muut kertovat, miten Yhdysvallat investoi huomattavia summia rahaa Venezuelan \u00f6ljyteollisuuteen 1900-luvun alkuvuosikymmenin\u00e4.<\/p>\n<p class=\"article-body mb-nof-24 px-nof-16\">Rahoilla rakennettiin esimerkiksi \u00f6ljyinfra\u00adstruktuuria. Hugo Ch\u00e1vezin tultua valtaan \u00f6ljyteollisuutta kansallistettiin ja Yhdysvaltalaisten \u00f6ljyfirmojen omistuksia pakkolunastettiin.<\/p>\n<p class=\"article-body mb-nof-24 px-nof-16\">\u201dTrump on vain niin huono kommunikoimaan asioita. H\u00e4n tarvitsee [ulkoministeri] <a class=\"font-bold underline-offset-[0.12em] [text-decoration:var(--person-link-text-decoration)] ![text-decoration-color:var(--person-link-text-decoration-color)]\" href=\"https:\/\/www.hs.fi\/haku\/?query=Marco%20Rubion\" rel=\"nofollow noopener\" target=\"_blank\">Marco Rubion<\/a> vierelleen selitt\u00e4m\u00e4\u00e4n asiat niin, ett\u00e4 muutkin ymm\u00e4rt\u00e4v\u00e4t, mist\u00e4 h\u00e4n on puhumassa\u201d, Andreina Garcia naurahtaa.<\/p>\n<p class=\"article-body mb-nof-24 px-nof-16\">My\u00f6s Trumpin puheet siit\u00e4, kuinka Venezuela olisi keskeinen huumesala\u00adkuljetuksen keskus, saavat paikalla olijoilta tukea.<\/p>\n<p class=\"article-body mb-nof-24 px-nof-16\">\u201dVenezuela ei ole merkitt\u00e4v\u00e4 peluri huumeiden valmistuksessa, mutta se on t\u00e4rke\u00e4 kauttakulkumaa. Huumekauppa tarvitsee Venezuelan kaltaisen maan, jonka kautta huumeet saadaan kuljetettua eteenp\u00e4in kaikkialle\u201d, Andreina Garcia sanoo.<\/p>\n<p><img decoding=\"async\" src=\"https:\/\/www.europesays.com\/fi\/wp-content\/uploads\/2026\/01\/1768141387_134_468.jpg\" alt=\"Kaikki haastatellut eiv\u00e4t halunneet tulla kuvatuiksi, sill\u00e4 he kertovat pelk\u00e4\u00e4v\u00e4ns\u00e4 edelleen Venezuelassa olevien perheenj\u00e4sentens\u00e4 puolesta. Kuvassa Ninova Berm\u00fadez Cuenca.\" class=\"_Img_1rerz_1\" style=\"aspect-ratio:1.332408049965302\" loading=\"eager\"\/><\/p>\n<p class=\"article-picture-caption\">Kaikki haastatellut eiv\u00e4t halunneet tulla kuvatuiksi, sill\u00e4 he kertovat pelk\u00e4\u00e4v\u00e4ns\u00e4 edelleen Venezuelassa olevien perheenj\u00e4sentens\u00e4 puolesta. Kuvassa Ninova Berm\u00fadez Cuenca. Kuva:\u00a0Ville-Veikko Kaakinen \/ HS<\/p>\n<p class=\"article-body mb-nof-24 px-nof-16\">Mildred Martinez n\u00e4ytt\u00e4\u00e4 surulliselta. H\u00e4n painottaa, ett\u00e4 Yhdysvaltojen hy\u00f6kk\u00e4ys Venezuelaan oli \u201dsurullista ja h\u00e4pe\u00e4llist\u00e4\u201d mutta silti hyvin tarpeellista.<\/p>\n<p class=\"article-body mb-nof-24 px-nof-16\">\u201dNuoret Venezuelassa ansaitsevat tulevaisuuden. Koko maa on ollut kidnapattu 26 vuotta, mutta kukaan ei tehnyt mit\u00e4\u00e4n. Haluamme, ett\u00e4 Venezuela on vapaa, itsen\u00e4inen maa.\u201d<\/p>\n<p class=\"article-body mb-nof-24 px-nof-16\">Flor Salazar muistelee, millaista oli k\u00e4yd\u00e4 koulua Venezuelassa ennen h\u00e4nen tuloaan Suomeen.<\/p>\n<p class=\"article-body mb-nof-24 px-nof-16\">\u201dUsein koulussa ei ollut edes s\u00e4hk\u00f6\u00e4. Opettajille ei maksettu juuri mit\u00e4\u00e4n. Muistan, miten koulun edess\u00e4 oli protesteja ja poliiseja yritt\u00e4m\u00e4ss\u00e4 tukahduttaa niit\u00e4.\u201d<\/p>\n<p class=\"article-body mb-nof-24 px-nof-16\">Andreina Garcia tekee vertauksen Suomen ja Venezuelan v\u00e4lill\u00e4.<\/p>\n<p class=\"article-body mb-nof-24 px-nof-16\">\u201dJos <a class=\"font-bold underline-offset-[0.12em] [text-decoration:var(--person-link-text-decoration)] ![text-decoration-color:var(--person-link-text-decoration-color)]\" href=\"https:\/\/www.hs.fi\/haku\/?query=Putin\" rel=\"nofollow noopener\" target=\"_blank\">Putin<\/a> nyt valtaisi Suomen ja Trump saisi h\u00e4net pois t\u00e4\u00e4lt\u00e4, ajattelisitteko te, ett\u00e4 Trump on idiootti ja tekee v\u00e4\u00e4rin? Tilanne Venezuelassa on ollut aivan hirve\u00e4, ja maan hallinto on korruptoitunut joka nurkasta. On hyv\u00e4, ett\u00e4 edes joku puuttui tilanteeseen.\u201d<\/p>\n","protected":false},"excerpt":{"rendered":"Venezuela|HS tapasi seitsem\u00e4n p\u00e4\u00e4kaupunkiseudulla asuvaa venezuelalaista, jotka kertoivat, milt\u00e4 heid\u00e4n kotimaansa tilanne n\u00e4ytt\u00e4\u00e4 viikko Yhdysvaltojen iskun j\u00e4lkeen. Lue&hellip;\n","protected":false},"author":2,"featured_media":139579,"comment_status":"","ping_status":"","sticky":false,"template":"","format":"standard","meta":{"footnotes":""},"categories":[14],"tags":[22,23,26,27,33,31,30,17,46,24,25,28,29,15,18,21,32,19,20,56,16,59,60,61],"class_list":{"0":"post-139578","1":"post","2":"type-post","3":"status-publish","4":"format-standard","5":"has-post-thumbnail","7":"category-ulkomaat","8":"tag-breaking-news","9":"tag-breakingnews","10":"tag-featured-news","11":"tag-featurednews","12":"tag-fi","13":"tag-finland","14":"tag-finnish","15":"tag-headlines","16":"tag-helsingin-sanomat","17":"tag-latest-news","18":"tag-latestnews","19":"tag-main-news","20":"tag-mainnews","21":"tag-news","22":"tag-otsikot","23":"tag-paauutiset","24":"tag-suomi","25":"tag-top-stories","26":"tag-topstories","27":"tag-ulkomaat","28":"tag-uutiset","29":"tag-world","30":"tag-world-news","31":"tag-worldnews"},"share_on_mastodon":{"url":"https:\/\/pubeurope.com\/@fi\/115876921588631170","error":""},"_links":{"self":[{"href":"https:\/\/www.europesays.com\/fi\/wp-json\/wp\/v2\/posts\/139578","targetHints":{"allow":["GET"]}}],"collection":[{"href":"https:\/\/www.europesays.com\/fi\/wp-json\/wp\/v2\/posts"}],"about":[{"href":"https:\/\/www.europesays.com\/fi\/wp-json\/wp\/v2\/types\/post"}],"author":[{"embeddable":true,"href":"https:\/\/www.europesays.com\/fi\/wp-json\/wp\/v2\/users\/2"}],"replies":[{"embeddable":true,"href":"https:\/\/www.europesays.com\/fi\/wp-json\/wp\/v2\/comments?post=139578"}],"version-history":[{"count":0,"href":"https:\/\/www.europesays.com\/fi\/wp-json\/wp\/v2\/posts\/139578\/revisions"}],"wp:featuredmedia":[{"embeddable":true,"href":"https:\/\/www.europesays.com\/fi\/wp-json\/wp\/v2\/media\/139579"}],"wp:attachment":[{"href":"https:\/\/www.europesays.com\/fi\/wp-json\/wp\/v2\/media?parent=139578"}],"wp:term":[{"taxonomy":"category","embeddable":true,"href":"https:\/\/www.europesays.com\/fi\/wp-json\/wp\/v2\/categories?post=139578"},{"taxonomy":"post_tag","embeddable":true,"href":"https:\/\/www.europesays.com\/fi\/wp-json\/wp\/v2\/tags?post=139578"}],"curies":[{"name":"wp","href":"https:\/\/api.w.org\/{rel}","templated":true}]}}