{"id":139582,"date":"2026-01-11T14:25:08","date_gmt":"2026-01-11T14:25:08","guid":{"rendered":"https:\/\/www.europesays.com\/fi\/139582\/"},"modified":"2026-01-11T14:25:08","modified_gmt":"2026-01-11T14:25:08","slug":"oslon-lentoaseman-kiitotie-avattu-jalleen-drooniuhka-ohi-uutisia-lyhyesti","status":"publish","type":"post","link":"https:\/\/www.europesays.com\/fi\/139582\/","title":{"rendered":"Oslon lentoaseman kiitotie avattu j\u00e4lleen, drooniuhka ohi | Uutisia lyhyesti"},"content":{"rendered":"<p><img decoding=\"async\" alt=\"Ihmisi\u00e4 seisoo ja istuu odottamassa lentoasemalla. Sein\u00e4ll\u00e4 kyltiss\u00e4 lukee &quot;Oslo Lufthavn&quot;.\" src=\"https:\/\/www.europesays.com\/fi\/wp-content\/uploads\/2026\/01\/39-12756896629fcbded469.jpeg\" class=\"aw-1l9m598 hKVVvP\"\/><\/p>\n<p>Avaa kuvien katselu<\/p>\n<p>Oslon Gardermoenin lentoasema. Arkistokuva. Kuva: Nick Moore \/ AOP<\/p>\n<p>15:14\u2022P\u00e4ivitetty 15:41<\/p>\n<p class=\"aw-1gybjub aw-1p7kakr kEtdKx cEmitX yle__article__paragraph\">Norjan p\u00e4\u00e4kaupungissa Oslossa Gardermoenin lentoasemalla yksi kiitotie suljettiin p\u00e4iv\u00e4ll\u00e4 hetkeksi droonihavainnon vuoksi, kertoo poliisi.<\/p>\n<p class=\"aw-1gybjub aw-1p7kakr kEtdKx cEmitX yle__article__paragraph\">Kiitorata on nyt avattu uudelleen, kertoo esimerkiksi <a class=\"aw-iao6s4 iHOxEa yle__article__link\" href=\"https:\/\/www.vg.no\/nyheter\/i\/ExpQ32\/politiet-rullebane-paa-gardermoen-stengt-etter-mulig-droneobservasjon\" role=\"link\" rel=\"nofollow noopener\" target=\"_blank\">VG-lehti<\/a>.<\/p>\n<p class=\"aw-1gybjub aw-1p7kakr kEtdKx cEmitX yle__article__paragraph\">Tapaus aiheuttaa pieni\u00e4 viiv\u00e4styksi\u00e4 kent\u00e4n toimintaan, kerrotaan VG:lle.<\/p>\n<p class=\"aw-1gybjub aw-1p7kakr kEtdKx cEmitX yle__article__paragraph\">Reuters<\/p>\n","protected":false},"excerpt":{"rendered":"Avaa kuvien katselu Oslon Gardermoenin lentoasema. Arkistokuva. Kuva: Nick Moore \/ AOP 15:14\u2022P\u00e4ivitetty 15:41 Norjan p\u00e4\u00e4kaupungissa Oslossa Gardermoenin&hellip;\n","protected":false},"author":2,"featured_media":139583,"comment_status":"","ping_status":"","sticky":false,"template":"","format":"standard","meta":{"footnotes":""},"categories":[5],"tags":[22,23,759,26,27,33,31,30,17,4706,24,25,28,29,15,385,5836,18,21,32,19,20,56,16],"class_list":{"0":"post-139582","1":"post","2":"type-post","3":"status-publish","4":"format-standard","5":"has-post-thumbnail","7":"category-otsikot","8":"tag-breaking-news","9":"tag-breakingnews","10":"tag-droonit","11":"tag-featured-news","12":"tag-featurednews","13":"tag-fi","14":"tag-finland","15":"tag-finnish","16":"tag-headlines","17":"tag-ilmailu","18":"tag-latest-news","19":"tag-latestnews","20":"tag-main-news","21":"tag-mainnews","22":"tag-news","23":"tag-norja","24":"tag-oslo","25":"tag-otsikot","26":"tag-paauutiset","27":"tag-suomi","28":"tag-top-stories","29":"tag-topstories","30":"tag-ulkomaat","31":"tag-uutiset"},"share_on_mastodon":{"url":"https:\/\/pubeurope.com\/@fi\/115876929384233633","error":""},"_links":{"self":[{"href":"https:\/\/www.europesays.com\/fi\/wp-json\/wp\/v2\/posts\/139582","targetHints":{"allow":["GET"]}}],"collection":[{"href":"https:\/\/www.europesays.com\/fi\/wp-json\/wp\/v2\/posts"}],"about":[{"href":"https:\/\/www.europesays.com\/fi\/wp-json\/wp\/v2\/types\/post"}],"author":[{"embeddable":true,"href":"https:\/\/www.europesays.com\/fi\/wp-json\/wp\/v2\/users\/2"}],"replies":[{"embeddable":true,"href":"https:\/\/www.europesays.com\/fi\/wp-json\/wp\/v2\/comments?post=139582"}],"version-history":[{"count":0,"href":"https:\/\/www.europesays.com\/fi\/wp-json\/wp\/v2\/posts\/139582\/revisions"}],"wp:featuredmedia":[{"embeddable":true,"href":"https:\/\/www.europesays.com\/fi\/wp-json\/wp\/v2\/media\/139583"}],"wp:attachment":[{"href":"https:\/\/www.europesays.com\/fi\/wp-json\/wp\/v2\/media?parent=139582"}],"wp:term":[{"taxonomy":"category","embeddable":true,"href":"https:\/\/www.europesays.com\/fi\/wp-json\/wp\/v2\/categories?post=139582"},{"taxonomy":"post_tag","embeddable":true,"href":"https:\/\/www.europesays.com\/fi\/wp-json\/wp\/v2\/tags?post=139582"}],"curies":[{"name":"wp","href":"https:\/\/api.w.org\/{rel}","templated":true}]}}